{"id":33018,"date":"2023-07-18T16:20:18","date_gmt":"2023-07-18T19:20:18","guid":{"rendered":"https:\/\/radiorevelacionfm.cl\/?p=33018"},"modified":"2023-07-18T16:20:18","modified_gmt":"2023-07-18T19:20:18","slug":"catorce-familias-de-coyhaique-podran-mejorar-condiciones-de-habitabilidad-de-sus-viviendas","status":"publish","type":"post","link":"https:\/\/radiorevelacionfm.cl\/?p=33018","title":{"rendered":"Catorce familias de Coyhaique podr\u00e1n mejorar condiciones de habitabilidad de sus viviendas"},"content":{"rendered":"<div class=\"flex_column av_one_full  flex_column_div av-zero-column-padding first  avia-builder-el-0  el_before_av_one_full  avia-builder-el-first  \" style='border-radius:0px; '><div  class='avia-image-container  av-styling-    avia-builder-el-1  avia-builder-el-no-sibling  avia-align-center '  itemprop=\"image\" itemscope=\"itemscope\" itemtype=\"https:\/\/schema.org\/ImageObject\"  ><div class='avia-image-container-inner'><div class='avia-image-overlay-wrap'><img decoding=\"async\" class='wp-image-33019 avia-img-lazy-loading-not-33019 avia_image' src=\"https:\/\/radiorevelacionfm.cl\/wp-content\/uploads\/2023\/07\/2-61-1_optimized-1-1.jpg\" alt='' title='2-(61)-(1)_optimized (1) (1)' height=\"600\" width=\"1065\"  itemprop=\"thumbnailUrl\" srcset=\"https:\/\/radiorevelacionfm.cl\/wp-content\/uploads\/2023\/07\/2-61-1_optimized-1-1.jpg 1065w, https:\/\/radiorevelacionfm.cl\/wp-content\/uploads\/2023\/07\/2-61-1_optimized-1-1-300x169.jpg 300w, https:\/\/radiorevelacionfm.cl\/wp-content\/uploads\/2023\/07\/2-61-1_optimized-1-1-1030x580.jpg 1030w, https:\/\/radiorevelacionfm.cl\/wp-content\/uploads\/2023\/07\/2-61-1_optimized-1-1-768x433.jpg 768w, https:\/\/radiorevelacionfm.cl\/wp-content\/uploads\/2023\/07\/2-61-1_optimized-1-1-705x397.jpg 705w, https:\/\/radiorevelacionfm.cl\/wp-content\/uploads\/2023\/07\/2-61-1_optimized-1-1-450x254.jpg 450w, https:\/\/radiorevelacionfm.cl\/wp-content\/uploads\/2023\/07\/2-61-1_optimized-1-1-600x338.jpg 600w\" sizes=\"(max-width: 1065px) 100vw, 1065px\" \/><\/div><\/div><\/div><\/div><div class=\"flex_column av_one_full  flex_column_div av-zero-column-padding first  avia-builder-el-2  el_after_av_one_full  el_before_av_one_full  column-top-margin\" style='border-radius:0px; '><section class=\"av_textblock_section \"  itemscope=\"itemscope\" itemtype=\"https:\/\/schema.org\/BlogPosting\" itemprop=\"blogPost\" ><div class='avia_textblock  '   itemprop=\"text\" ><p style=\"text-align: center;\"><strong><span style=\"font-size: 18pt;\">Catorce familias de Coyhaique podr\u00e1n mejorar condiciones de habitabilidad de sus viviendas<\/span><\/strong><\/p>\n<div id=\"gtx-trans\" style=\"position: absolute; left: -50px; top: 4.31534px;\">\n<div class=\"gtx-trans-icon\"><\/div>\n<\/div>\n<\/div><\/section><\/div><div class=\"flex_column av_one_full  flex_column_div av-zero-column-padding first  avia-builder-el-4  el_after_av_one_full  el_before_av_hr  column-top-margin\" style='border-radius:0px; '><section class=\"av_textblock_section \"  itemscope=\"itemscope\" itemtype=\"https:\/\/schema.org\/BlogPosting\" itemprop=\"blogPost\" ><div class='avia_textblock  '   itemprop=\"text\" ><p style=\"text-align: justify;\">Las visitas para conocer a las nuevas familias seleccionadas y sus expectativas de la intervenci\u00f3n del programa de Habitabilidad, fueron lideradas por la Seremi de Desarrollo Social y Familia, Karina Acevedo y el Director de la DIDECO de la Ilustre Municipalidad de Coyhaique, Carlos Mansilla; quienes junto al equipo de asistencia t\u00e9cnica especializada del Fondo de Solidaridad e Inversi\u00f3n Social, FOSIS, compartieron con los usuarios y usuarias de la actual convocatoria.<\/p>\n<p style=\"text-align: justify;\">Liliana Mariman, usuaria del programa de Habitabilidad en Coyhaique, valor\u00f3 positivamente la intervenci\u00f3n que se realizar\u00e1 en su vivienda, para organizar mejor los espacios y habitaciones de sus hijos. \u201cAgradecida de dios porque son pocas las ayudas y yo llevo ocho a\u00f1os viviendo aqu\u00ed. Para mi esta es una de las ayudas m\u00e1s grandes que he recibido, aparte de cuando SERVIU me prest\u00f3 casa porque yo no pod\u00eda arrendar en pandemia. Esto es una tremenda ayuda, para mis hijos esto significa mucho, porque ellos me lo han pedido.\u201d<\/p>\n<p style=\"text-align: justify;\">La Seremi de Desarrollo Social y Familia de Ays\u00e9n, Karina Acevedo, destac\u00f3 que \u201cvisitamos a familias usuarias del programa Habitabilidad del Subsistema de Seguridades y Oportunidades, quienes son parte de este programa maravilloso que ayuda a mejorar las condiciones de vida de estas familias, mediante una evaluaci\u00f3n t\u00e9cnica para medir las condiciones del hogar, donde se realiza una propuesta para generar mejoras. Esperamos a fines de septiembre haber concretado la primera parte de construcci\u00f3n y mejoramiento dentro del hogar.\u201d<\/p>\n<p style=\"text-align: justify;\">Carlos Mansilla, Director de la DIDECO de la Ilustre Municipalidad de Coyhaique, coment\u00f3 que \u201cestamos muy contento de poder llegar con solucione constructivas en lo que tiene que ver con mejorar servicios b\u00e1sicos, infraestructura de la vivienda, entorno residencial y equipamiento dom\u00e9stico. Creemos, como administraci\u00f3n liderada por nuestro Alcalde Carlos Gatica, que este tipo de soluciones son las que tienen un impacto mucho mayor en la ciudadan\u00eda. Estamos felices de ser parte de este proceso, pero m\u00e1s felices a\u00fan por lo que va a significar todo esto para las familias beneficiarias.\u201d<\/p>\n<p style=\"text-align: justify;\">El programa de Habitabilidad en la regi\u00f3n de Ays\u00e9n es financiado por el Ministerio de Desarrollo Social y Familia, ejecutado por los Municipios y asistido t\u00e9cnicamente por el FOSIS. Este a\u00f1o, a nivel regional, se realizar\u00e1n intervenciones a un total de 52 familias de las comunas de Coyhaique, Chile Chico, Ays\u00e9n, Cisnes, R\u00edo Ib\u00e1\u00f1ez y Guaitecas.<\/p>\n<\/div><\/section><\/div><div  style='height:50px' class='hr hr-invisible   avia-builder-el-6  el_after_av_one_full  el_before_av_social_share '><span class='hr-inner ' ><span class='hr-inner-style'><\/span><\/span><\/div><\/p>\n<div  class='av-social-sharing-box  avia-builder-el-7  el_after_av_hr  el_before_av_hr  '><div class='av-share-box'><h5 class='av-share-link-description av-no-toc '>Compartir esta noticia<\/h5><ul class='av-share-box-list noLightbox'><li class='av-share-link av-social-link-facebook' ><a target=\"_blank\" aria-label=\"Compartir en Facebook\" href='https:\/\/www.facebook.com\/sharer.php?u=https:\/\/radiorevelacionfm.cl\/?p=33018&#038;t=Catorce%20familias%20de%20Coyhaique%20podr%C3%A1n%20mejorar%20condiciones%20de%20habitabilidad%20de%20sus%20viviendas' aria-hidden='false' data-av_icon='\ue8f3' data-av_iconfont='entypo-fontello' title='' data-avia-related-tooltip='Compartir en Facebook' rel=\"noopener\"><span class='avia_hidden_link_text'>Compartir en Facebook<\/span><\/a><\/li><li class='av-share-link av-social-link-twitter' ><a target=\"_blank\" aria-label=\"Compartir en Twitter\" href='https:\/\/twitter.com\/share?text=Catorce%20familias%20de%20Coyhaique%20podr%C3%A1n%20mejorar%20condiciones%20de%20habitabilidad%20de%20sus%20viviendas&#038;url=https:\/\/radiorevelacionfm.cl\/?p=33018' aria-hidden='false' data-av_icon='\ue8f1' data-av_iconfont='entypo-fontello' title='' data-avia-related-tooltip='Compartir en Twitter' rel=\"noopener\"><span class='avia_hidden_link_text'>Compartir en Twitter<\/span><\/a><\/li><li class='av-share-link av-social-link-whatsapp' ><a target=\"_blank\" aria-label=\"Compartir en Whatsapp\" href='https:\/\/api.whatsapp.com\/send?text=https:\/\/radiorevelacionfm.cl\/?p=33018' aria-hidden='false' data-av_icon='\uf232' data-av_iconfont='entypo-fontello' title='' data-avia-related-tooltip='Compartir en Whatsapp' rel=\"noopener\"><span class='avia_hidden_link_text'>Compartir en Whatsapp<\/span><\/a><\/li><li class='av-share-link av-social-link-linkedin' ><a target=\"_blank\" aria-label=\"Compartir en LinkedIn\" href='https:\/\/linkedin.com\/shareArticle?mini=true&#038;title=Catorce%20familias%20de%20Coyhaique%20podr%C3%A1n%20mejorar%20condiciones%20de%20habitabilidad%20de%20sus%20viviendas&#038;url=https:\/\/radiorevelacionfm.cl\/?p=33018' aria-hidden='false' data-av_icon='\ue8fc' data-av_iconfont='entypo-fontello' title='' data-avia-related-tooltip='Compartir en LinkedIn' rel=\"noopener\"><span class='avia_hidden_link_text'>Compartir en LinkedIn<\/span><\/a><\/li><li class='av-share-link av-social-link-mail' ><a  aria-label=\"Compartir por correo\" href='mailto:?subject=Catorce%20familias%20de%20Coyhaique%20podr%C3%A1n%20mejorar%20condiciones%20de%20habitabilidad%20de%20sus%20viviendas&#038;body=https:\/\/radiorevelacionfm.cl\/?p=33018' aria-hidden='false' data-av_icon='\ue805' data-av_iconfont='entypo-fontello' title='' data-avia-related-tooltip='Compartir por correo'><span class='avia_hidden_link_text'>Compartir por correo<\/span><\/a><\/li><\/ul><\/div><\/div>\n<div  style='height:50px' class='hr hr-invisible   avia-builder-el-8  el_after_av_social_share  el_before_av_comments_list '><span class='hr-inner ' ><span class='hr-inner-style'><\/span><\/span><\/div>\n<div  class='av-buildercomment  av-blog-meta-html-info-disabled av-blog-meta-tag-disabled  '><\/div>\n","protected":false},"excerpt":{"rendered":"","protected":false},"author":1,"featured_media":33019,"comment_status":"open","ping_status":"open","sticky":false,"template":"","format":"standard","meta":{"footnotes":""},"categories":[38],"tags":[],"class_list":["post-33018","post","type-post","status-publish","format-standard","has-post-thumbnail","hentry","category-regional"],"jetpack_featured_media_url":"https:\/\/radiorevelacionfm.cl\/wp-content\/uploads\/2023\/07\/2-61-1_optimized-1-1.jpg","_links":{"self":[{"href":"https:\/\/radiorevelacionfm.cl\/index.php?rest_route=\/wp\/v2\/posts\/33018","targetHints":{"allow":["GET"]}}],"collection":[{"href":"https:\/\/radiorevelacionfm.cl\/index.php?rest_route=\/wp\/v2\/posts"}],"about":[{"href":"https:\/\/radiorevelacionfm.cl\/index.php?rest_route=\/wp\/v2\/types\/post"}],"author":[{"embeddable":true,"href":"https:\/\/radiorevelacionfm.cl\/index.php?rest_route=\/wp\/v2\/users\/1"}],"replies":[{"embeddable":true,"href":"https:\/\/radiorevelacionfm.cl\/index.php?rest_route=%2Fwp%2Fv2%2Fcomments&post=33018"}],"version-history":[{"count":1,"href":"https:\/\/radiorevelacionfm.cl\/index.php?rest_route=\/wp\/v2\/posts\/33018\/revisions"}],"predecessor-version":[{"id":33020,"href":"https:\/\/radiorevelacionfm.cl\/index.php?rest_route=\/wp\/v2\/posts\/33018\/revisions\/33020"}],"wp:featuredmedia":[{"embeddable":true,"href":"https:\/\/radiorevelacionfm.cl\/index.php?rest_route=\/wp\/v2\/media\/33019"}],"wp:attachment":[{"href":"https:\/\/radiorevelacionfm.cl\/index.php?rest_route=%2Fwp%2Fv2%2Fmedia&parent=33018"}],"wp:term":[{"taxonomy":"category","embeddable":true,"href":"https:\/\/radiorevelacionfm.cl\/index.php?rest_route=%2Fwp%2Fv2%2Fcategories&post=33018"},{"taxonomy":"post_tag","embeddable":true,"href":"https:\/\/radiorevelacionfm.cl\/index.php?rest_route=%2Fwp%2Fv2%2Ftags&post=33018"}],"curies":[{"name":"wp","href":"https:\/\/api.w.org\/{rel}","templated":true}]}}