{"id":33014,"date":"2023-07-18T13:34:19","date_gmt":"2023-07-18T16:34:19","guid":{"rendered":"https:\/\/radiorevelacionfm.cl\/?p=33014"},"modified":"2023-07-18T13:34:19","modified_gmt":"2023-07-18T16:34:19","slug":"corfo-lanza-concurso-enfocado-en-la-innovacion-de-las-industrias-creativas","status":"publish","type":"post","link":"https:\/\/radiorevelacionfm.cl\/?p=33014","title":{"rendered":"Corfo lanza concurso enfocado en la innovaci\u00f3n de las industrias creativas"},"content":{"rendered":"<div class=\"flex_column av_one_full  flex_column_div av-zero-column-padding first  avia-builder-el-0  el_before_av_one_full  avia-builder-el-first  \" style='border-radius:0px; '><div  class='avia-image-container  av-styling-    avia-builder-el-1  avia-builder-el-no-sibling  avia-align-center '  itemprop=\"image\" itemscope=\"itemscope\" itemtype=\"https:\/\/schema.org\/ImageObject\"  ><div class='avia-image-container-inner'><div class='avia-image-overlay-wrap'><img decoding=\"async\" class='wp-image-33015 avia-img-lazy-loading-not-33015 avia_image' src=\"https:\/\/radiorevelacionfm.cl\/wp-content\/uploads\/2023\/07\/Factoria-Creativa-2-1.jpg\" alt='' title='Factor\u00eda Creativa 2 (1)' height=\"686\" width=\"893\"  itemprop=\"thumbnailUrl\" srcset=\"https:\/\/radiorevelacionfm.cl\/wp-content\/uploads\/2023\/07\/Factoria-Creativa-2-1.jpg 893w, https:\/\/radiorevelacionfm.cl\/wp-content\/uploads\/2023\/07\/Factoria-Creativa-2-1-300x230.jpg 300w, https:\/\/radiorevelacionfm.cl\/wp-content\/uploads\/2023\/07\/Factoria-Creativa-2-1-768x590.jpg 768w, https:\/\/radiorevelacionfm.cl\/wp-content\/uploads\/2023\/07\/Factoria-Creativa-2-1-705x542.jpg 705w, https:\/\/radiorevelacionfm.cl\/wp-content\/uploads\/2023\/07\/Factoria-Creativa-2-1-450x346.jpg 450w, https:\/\/radiorevelacionfm.cl\/wp-content\/uploads\/2023\/07\/Factoria-Creativa-2-1-600x461.jpg 600w\" sizes=\"(max-width: 893px) 100vw, 893px\" \/><\/div><\/div><\/div><\/div><div class=\"flex_column av_one_full  flex_column_div av-zero-column-padding first  avia-builder-el-2  el_after_av_one_full  el_before_av_one_full  column-top-margin\" style='border-radius:0px; '><section class=\"av_textblock_section \"  itemscope=\"itemscope\" itemtype=\"https:\/\/schema.org\/BlogPosting\" itemprop=\"blogPost\" ><div class='avia_textblock  '   itemprop=\"text\" ><p style=\"text-align: center;\"><span style=\"font-size: 18pt;\"><b><span lang=\"ES\">Corfo lanza concurso enfocado en la innovaci\u00f3n de las industrias creativas<\/span><\/b><\/span><\/p>\n<div id=\"gtx-trans\" style=\"position: absolute; left: -50px; top: 4.31534px;\">\n<div class=\"gtx-trans-icon\"><\/div>\n<\/div>\n<\/div><\/section><\/div><div class=\"flex_column av_one_full  flex_column_div av-zero-column-padding first  avia-builder-el-4  el_after_av_one_full  el_before_av_hr  column-top-margin\" style='border-radius:0px; '><section class=\"av_textblock_section \"  itemscope=\"itemscope\" itemtype=\"https:\/\/schema.org\/BlogPosting\" itemprop=\"blogPost\" ><div class='avia_textblock  '   itemprop=\"text\" ><p style=\"font-weight: 400; text-align: justify;\">Fortalecer a las micro y peque\u00f1as empresas creativas, a trav\u00e9s del apoyo de actividades que promuevan el incremento de ventas, la mejora de sus competencias y la capacidad de innovaci\u00f3n, son los principales ejes de la\u00a0<a href=\"https:\/\/www.corfo.cl\/sites\/cpp\/programasyconvocatorias\" data-saferedirecturl=\"https:\/\/www.google.com\/url?q=https:\/\/www.corfo.cl\/sites\/cpp\/programasyconvocatorias&amp;source=gmail&amp;ust=1689784063890000&amp;usg=AOvVaw3cvwFaJXU7E3Ib52gwJ2sf\">convocatoria para Factor\u00eda Creativa<\/a>\u00a0en sus l\u00edneas \u201cInicia\u201d y \u201cEscala\u201d.<\/p>\n<p style=\"font-weight: 400; text-align: justify;\">Este concurso distribuir\u00e1 entre los seleccionados un fondo de $212.600.000 por cada l\u00ednea de apoyo y pretende aumentar la competitividad y sustentabilidad de su actividad econ\u00f3mica, nuevos bienes y\/o servicios que entreguen una oferta creativa que satisfaga la demanda tanto en el mercado nacional como internacional.<\/p>\n<p style=\"font-weight: 400; text-align: justify;\">\u201cEsta convocatoria busca mucho m\u00e1s que solo apoyar al sector. Queremos ser un pilar en el fortalecimiento y la innovaci\u00f3n de las empresas creativas. Para lograr esto, estamos otorgando cofinanciamiento para un componente que hemos denominado &#8216;Fortalecimiento Empresarial&#8217;, que no es solo una estrategia, es una visi\u00f3n para incrementar las ventas de las empresas, bas\u00e1ndonos en actividades que fomenten el aumento de capacidades en capital humano y en modelos de negocios\u201d, destaca Jos\u00e9 Miguel Benavente, Vicepresidente Ejecutivo de Corfo.<\/p>\n<p style=\"font-weight: 400; text-align: justify;\">\u201cAdem\u00e1s, estamos apoyando el desarrollo de un &#8216;Portafolio&#8217; que podr\u00e1 estar compuesto por actividades destinadas a fortalecer los bienes, servicios, contenidos y\/o experiencias y espect\u00e1culos creativos, entre otros aspectos que la empresa realice. No se trata solo de financiamiento, se trata de crecimiento y desarrollo. En Corfo, creemos en el potencial de cada empresa y estamos aqu\u00ed para ayudar a desbloquearlo\u201d, agrega.<\/p>\n<p style=\"font-weight: 400; text-align: justify;\"><strong>FACTOR\u00cdA INICIA<\/strong><\/p>\n<p style=\"font-weight: 400; text-align: justify;\">La\u00a0<a href=\"https:\/\/www.corfo.cl\/sites\/cpp\/convocatorias\/factoria_creativa_inicia_2023\" data-saferedirecturl=\"https:\/\/www.google.com\/url?q=https:\/\/www.corfo.cl\/sites\/cpp\/convocatorias\/factoria_creativa_inicia_2023&amp;source=gmail&amp;ust=1689784063890000&amp;usg=AOvVaw094yWN2QDl85OxqTtn5NR6\">focalizaci\u00f3n tem\u00e1tica<\/a>\u00a0de este concurso est\u00e1 en aquellos proyectos que desarrollen una propuesta y\/o soluci\u00f3n para productos, contenidos, bienes, experiencias, eventos y\/o servicios creativos, haciendo uso de sistemas y\/o tecnolog\u00edas disruptivas como la inteligencia artificial, Cloud, 3D, XR (realidad aumentada, realidad virtual, realidad extendida, realidad mixta) o la integraci\u00f3n y\/o implementaci\u00f3n de m\u00faltiples sistemas y herramientas tecnol\u00f3gicas con el fin mejorar y\/o crear nuevos productos, contenidos, bienes, experiencias, eventos y\/o servicios creativos.<\/p>\n<p style=\"font-weight: 400; text-align: justify;\"><strong>FACTOR\u00cdA ESCALA<\/strong><\/p>\n<p style=\"font-weight: 400; text-align: justify;\">Para\u00a0<a href=\"https:\/\/www.corfo.cl\/sites\/cpp\/convocatorias\/factoria_creativa_escala_2023\" data-saferedirecturl=\"https:\/\/www.google.com\/url?q=https:\/\/www.corfo.cl\/sites\/cpp\/convocatorias\/factoria_creativa_escala_2023&amp;source=gmail&amp;ust=1689784063890000&amp;usg=AOvVaw1ivjutfy_dpU9XO-3V9JH1\">esta l\u00ednea<\/a>\u00a0se buscan proyectos de base tecnol\u00f3gica en una etapa de escalamiento temprano, con el objeto de apoyar el crecimiento y despegue comercial de empresas innovadores que ya hacen uso de sistemas y\/o tecnolog\u00edas disruptivas tales como la inteligencia artificial, Cloud, 3D, XR (realidad aumentada, realidad virtual, realidad extendida, realidad mixta) o que integren y\/o implementen m\u00faltiples sistemas y herramientas tecnol\u00f3gicas, que ya cuentan con una validaci\u00f3n comercial y un alto potencial de crecimiento, mediante el cofinanciamiento de actividades que fortalezcan a la empresa como tambi\u00e9n a su portafolio de productos, contenidos, bienes, experiencias y\/o servicios creativos.<\/p>\n<p style=\"font-weight: 400; text-align: justify;\">Las postulaciones para ambas l\u00edneas estar\u00e1n disponibles hasta el 31 de julio de 2023 a las 15:00 horas, a trav\u00e9s de la p\u00e1gina web en\u00a0<a href=\"https:\/\/www.corfo.cl\/sites\/cpp\/programasyconvocatorias\" data-saferedirecturl=\"https:\/\/www.google.com\/url?q=https:\/\/www.corfo.cl\/sites\/cpp\/programasyconvocatorias&amp;source=gmail&amp;ust=1689784063890000&amp;usg=AOvVaw3cvwFaJXU7E3Ib52gwJ2sf\">este link<\/a><strong>\u00a0.\u00a0<\/strong>Las consultas, en tanto, se pueden realizar al correo electr\u00f3nico\u00a0<a href=\"mailto:factoriacreativa@corfo.cl\"><strong>factoriacreativa@corfo.cl<\/strong><\/a><strong>.<\/strong><\/p>\n<\/div><\/section><\/div><div  style='height:50px' class='hr hr-invisible   avia-builder-el-6  el_after_av_one_full  el_before_av_social_share '><span class='hr-inner ' ><span class='hr-inner-style'><\/span><\/span><\/div><\/p>\n<div  class='av-social-sharing-box  avia-builder-el-7  el_after_av_hr  el_before_av_hr  '><div class='av-share-box'><h5 class='av-share-link-description av-no-toc '>Compartir esta noticia<\/h5><ul class='av-share-box-list noLightbox'><li class='av-share-link av-social-link-facebook' ><a target=\"_blank\" aria-label=\"Compartir en Facebook\" href='https:\/\/www.facebook.com\/sharer.php?u=https:\/\/radiorevelacionfm.cl\/?p=33014&#038;t=Corfo%20lanza%20concurso%20enfocado%20en%20la%20innovaci%C3%B3n%20de%20las%20industrias%20creativas' aria-hidden='false' data-av_icon='\ue8f3' data-av_iconfont='entypo-fontello' title='' data-avia-related-tooltip='Compartir en Facebook' rel=\"noopener\"><span class='avia_hidden_link_text'>Compartir en Facebook<\/span><\/a><\/li><li class='av-share-link av-social-link-twitter' ><a target=\"_blank\" aria-label=\"Compartir en Twitter\" href='https:\/\/twitter.com\/share?text=Corfo%20lanza%20concurso%20enfocado%20en%20la%20innovaci%C3%B3n%20de%20las%20industrias%20creativas&#038;url=https:\/\/radiorevelacionfm.cl\/?p=33014' aria-hidden='false' data-av_icon='\ue8f1' data-av_iconfont='entypo-fontello' title='' data-avia-related-tooltip='Compartir en Twitter' rel=\"noopener\"><span class='avia_hidden_link_text'>Compartir en Twitter<\/span><\/a><\/li><li class='av-share-link av-social-link-whatsapp' ><a target=\"_blank\" aria-label=\"Compartir en Whatsapp\" href='https:\/\/api.whatsapp.com\/send?text=https:\/\/radiorevelacionfm.cl\/?p=33014' aria-hidden='false' data-av_icon='\uf232' data-av_iconfont='entypo-fontello' title='' data-avia-related-tooltip='Compartir en Whatsapp' rel=\"noopener\"><span class='avia_hidden_link_text'>Compartir en Whatsapp<\/span><\/a><\/li><li class='av-share-link av-social-link-linkedin' ><a target=\"_blank\" aria-label=\"Compartir en LinkedIn\" href='https:\/\/linkedin.com\/shareArticle?mini=true&#038;title=Corfo%20lanza%20concurso%20enfocado%20en%20la%20innovaci%C3%B3n%20de%20las%20industrias%20creativas&#038;url=https:\/\/radiorevelacionfm.cl\/?p=33014' aria-hidden='false' data-av_icon='\ue8fc' data-av_iconfont='entypo-fontello' title='' data-avia-related-tooltip='Compartir en LinkedIn' rel=\"noopener\"><span class='avia_hidden_link_text'>Compartir en LinkedIn<\/span><\/a><\/li><li class='av-share-link av-social-link-mail' ><a  aria-label=\"Compartir por correo\" href='mailto:?subject=Corfo%20lanza%20concurso%20enfocado%20en%20la%20innovaci%C3%B3n%20de%20las%20industrias%20creativas&#038;body=https:\/\/radiorevelacionfm.cl\/?p=33014' aria-hidden='false' data-av_icon='\ue805' data-av_iconfont='entypo-fontello' title='' data-avia-related-tooltip='Compartir por correo'><span class='avia_hidden_link_text'>Compartir por correo<\/span><\/a><\/li><\/ul><\/div><\/div>\n<div  style='height:50px' class='hr hr-invisible   avia-builder-el-8  el_after_av_social_share  el_before_av_comments_list '><span class='hr-inner ' ><span class='hr-inner-style'><\/span><\/span><\/div>\n<div  class='av-buildercomment  av-blog-meta-html-info-disabled av-blog-meta-tag-disabled  '><\/div>\n","protected":false},"excerpt":{"rendered":"","protected":false},"author":1,"featured_media":33015,"comment_status":"open","ping_status":"open","sticky":false,"template":"","format":"standard","meta":{"footnotes":""},"categories":[61],"tags":[],"class_list":["post-33014","post","type-post","status-publish","format-standard","has-post-thumbnail","hentry","category-nacional"],"jetpack_featured_media_url":"https:\/\/radiorevelacionfm.cl\/wp-content\/uploads\/2023\/07\/Factoria-Creativa-2-1.jpg","_links":{"self":[{"href":"https:\/\/radiorevelacionfm.cl\/index.php?rest_route=\/wp\/v2\/posts\/33014","targetHints":{"allow":["GET"]}}],"collection":[{"href":"https:\/\/radiorevelacionfm.cl\/index.php?rest_route=\/wp\/v2\/posts"}],"about":[{"href":"https:\/\/radiorevelacionfm.cl\/index.php?rest_route=\/wp\/v2\/types\/post"}],"author":[{"embeddable":true,"href":"https:\/\/radiorevelacionfm.cl\/index.php?rest_route=\/wp\/v2\/users\/1"}],"replies":[{"embeddable":true,"href":"https:\/\/radiorevelacionfm.cl\/index.php?rest_route=%2Fwp%2Fv2%2Fcomments&post=33014"}],"version-history":[{"count":1,"href":"https:\/\/radiorevelacionfm.cl\/index.php?rest_route=\/wp\/v2\/posts\/33014\/revisions"}],"predecessor-version":[{"id":33016,"href":"https:\/\/radiorevelacionfm.cl\/index.php?rest_route=\/wp\/v2\/posts\/33014\/revisions\/33016"}],"wp:featuredmedia":[{"embeddable":true,"href":"https:\/\/radiorevelacionfm.cl\/index.php?rest_route=\/wp\/v2\/media\/33015"}],"wp:attachment":[{"href":"https:\/\/radiorevelacionfm.cl\/index.php?rest_route=%2Fwp%2Fv2%2Fmedia&parent=33014"}],"wp:term":[{"taxonomy":"category","embeddable":true,"href":"https:\/\/radiorevelacionfm.cl\/index.php?rest_route=%2Fwp%2Fv2%2Fcategories&post=33014"},{"taxonomy":"post_tag","embeddable":true,"href":"https:\/\/radiorevelacionfm.cl\/index.php?rest_route=%2Fwp%2Fv2%2Ftags&post=33014"}],"curies":[{"name":"wp","href":"https:\/\/api.w.org\/{rel}","templated":true}]}}