{"id":33009,"date":"2023-07-17T21:47:53","date_gmt":"2023-07-18T00:47:53","guid":{"rendered":"https:\/\/radiorevelacionfm.cl\/?p=33009"},"modified":"2023-07-17T21:47:53","modified_gmt":"2023-07-18T00:47:53","slug":"parque-de-entretenciones-de-invierno-abre-sus-puertas-en-coyhaique","status":"publish","type":"post","link":"https:\/\/radiorevelacionfm.cl\/?p=33009","title":{"rendered":"Parque de entretenciones de invierno abre sus puertas en Coyhaique"},"content":{"rendered":"<div class=\"flex_column av_one_full  flex_column_div av-zero-column-padding first  avia-builder-el-0  el_before_av_one_full  avia-builder-el-first  \" style='border-radius:0px; '><div  class='avia-image-container  av-styling-    avia-builder-el-1  avia-builder-el-no-sibling  avia-align-center '  itemprop=\"image\" itemscope=\"itemscope\" itemtype=\"https:\/\/schema.org\/ImageObject\"  ><div class='avia-image-container-inner'><div class='avia-image-overlay-wrap'><img decoding=\"async\" class='wp-image-33010 avia-img-lazy-loading-not-33010 avia_image' src=\"https:\/\/radiorevelacionfm.cl\/wp-content\/uploads\/2023\/07\/361096001_299299775817351_3118213464025991256_n-1-1.jpg\" alt='' title='361096001_299299775817351_3118213464025991256_n (1) (1)' height=\"600\" width=\"800\"  itemprop=\"thumbnailUrl\" srcset=\"https:\/\/radiorevelacionfm.cl\/wp-content\/uploads\/2023\/07\/361096001_299299775817351_3118213464025991256_n-1-1.jpg 800w, https:\/\/radiorevelacionfm.cl\/wp-content\/uploads\/2023\/07\/361096001_299299775817351_3118213464025991256_n-1-1-300x225.jpg 300w, https:\/\/radiorevelacionfm.cl\/wp-content\/uploads\/2023\/07\/361096001_299299775817351_3118213464025991256_n-1-1-768x576.jpg 768w, https:\/\/radiorevelacionfm.cl\/wp-content\/uploads\/2023\/07\/361096001_299299775817351_3118213464025991256_n-1-1-705x529.jpg 705w, https:\/\/radiorevelacionfm.cl\/wp-content\/uploads\/2023\/07\/361096001_299299775817351_3118213464025991256_n-1-1-450x338.jpg 450w, https:\/\/radiorevelacionfm.cl\/wp-content\/uploads\/2023\/07\/361096001_299299775817351_3118213464025991256_n-1-1-600x450.jpg 600w\" sizes=\"(max-width: 800px) 100vw, 800px\" \/><\/div><\/div><\/div><\/div><div class=\"flex_column av_one_full  flex_column_div av-zero-column-padding first  avia-builder-el-2  el_after_av_one_full  el_before_av_one_full  column-top-margin\" style='border-radius:0px; '><section class=\"av_textblock_section \"  itemscope=\"itemscope\" itemtype=\"https:\/\/schema.org\/BlogPosting\" itemprop=\"blogPost\" ><div class='avia_textblock  '   itemprop=\"text\" ><p style=\"text-align: center;\"><strong><span style=\"font-size: 18pt;\">Parque de entretenciones de invierno abre sus puertas en Coyhaique<\/span><\/strong><\/p>\n<div id=\"gtx-trans\" style=\"position: absolute; left: -50px; top: 4.31534px;\">\n<div class=\"gtx-trans-icon\"><\/div>\n<\/div>\n<\/div><\/section><\/div><div class=\"flex_column av_one_full  flex_column_div av-zero-column-padding first  avia-builder-el-4  el_after_av_one_full  el_before_av_hr  column-top-margin\" style='border-radius:0px; '><section class=\"av_textblock_section \"  itemscope=\"itemscope\" itemtype=\"https:\/\/schema.org\/BlogPosting\" itemprop=\"blogPost\" ><div class='avia_textblock  '   itemprop=\"text\" ><p style=\"text-align: justify;\">El s\u00e1bado reci\u00e9n pasado se realiz\u00f3 el lanzamiento de Mountain Pass Coyhaique Park, el primer parque de deporte y entretenci\u00f3n en la monta\u00f1a para toda la familia, el que se ubica en el Parque Urbano de Coyhaique.<\/p>\n<p style=\"text-align: justify;\">El Parque funcionar\u00e1 durante todo el mes de julio y los fines de semana de agosto, donde las personas podr\u00e1n vivir una experiencia inolvidable al aire libre en Mountain Pass Coyhaique Park, disfrutando con juegos de invierno, actividades para todas las edades, y mucha alegr\u00eda, rodeados del maravilloso paisaje que brinda la ciudad de Coyhaique, la capital mundial del outdoor.<\/p>\n<p style=\"text-align: justify;\">El alcalde de Coyhaique, Carlos Gatica Villegas, se manifest\u00f3 agradecido por la posibilidad que tienen todos los vecinos de poder disfrutar de este ambiente. \u00abEstamos en una gran alianza ac\u00e1 y de verdad que invitarlos a que puedan venir, no solo hay trineo y Ski, hay trekking, distintos circuitos para poder caminar, conocer nuestro parque, pero tambi\u00e9n acercar la monta\u00f1a a todos nuestros vecinos y vecinas; as\u00ed es como vamos posicionando a Coyhaique como la capital del outdoor en el mundo\u201d, se\u00f1al\u00f3.<\/p>\n<p style=\"text-align: justify;\">Por su parte, el fundador y CEO de Andes Mountain Corporation, Peter Leatherbee Grant, asegur\u00f3 que est\u00e1n felices de inaugurar el parque.<\/p>\n<p style=\"text-align: justify;\">\u00abCada semana, traeremos distintas sorpresas para celebrar la vida en familia a trav\u00e9s del deporte y los juegos al aire libre, y adem\u00e1s, estaremos apoyando el comercio y a los emprendedores locales al hacerlos parte de la oferta de nuestro Mountain Pass Coyhaique Park. Invitamos a todas y todos a vivir esta fiesta del invierno, para que la Cordillera de Los Andes se convierta en un orgullo nacional\u201d, dijo Leatherbee.<\/p>\n<p style=\"text-align: justify;\">El lugar cuenta con ba\u00f1os y estacionamientos para los visitantes, y adem\u00e1s contar\u00e1 con buses de acercamiento gratuitos, as\u00ed como tambi\u00e9n tendr\u00e1 puntos limpios y de reciclaje e intervenciones enfocadas al cuidado del medio ambiente.<\/p>\n<p style=\"text-align: justify;\">Mountain Pass Coyhaique Park es un parque de acceso liberado y los asistentes que deseen disfrutar de las actividades podr\u00e1n comprar sus tickets en\u00a0<a href=\"https:\/\/mountainpass.cl\/\">https:\/\/mountainpass.cl\/<\/a>\u00a0 o en las boleter\u00edas del parque, con un valor desde los $2.000 seg\u00fan cada atracci\u00f3n. Adem\u00e1s, podr\u00e1n degustar la oferta gastron\u00f3mica y bebidas locales de foodtrucks emplazados en el lugar, y conocer los productos y servicios de emprendedores de la zona.<\/p>\n<p style=\"text-align: justify;\">El parque funcionar\u00e1 de martes a domingo, entre las 10:00 y 17:00 horas, incluido d\u00edas festivos.<\/p>\n<\/div><\/section><\/div><div  style='height:50px' class='hr hr-invisible   avia-builder-el-6  el_after_av_one_full  el_before_av_social_share '><span class='hr-inner ' ><span class='hr-inner-style'><\/span><\/span><\/div><\/p>\n<div  class='av-social-sharing-box  avia-builder-el-7  el_after_av_hr  el_before_av_hr  '><div class='av-share-box'><h5 class='av-share-link-description av-no-toc '>Compartir esta noticia<\/h5><ul class='av-share-box-list noLightbox'><li class='av-share-link av-social-link-facebook' ><a target=\"_blank\" aria-label=\"Compartir en Facebook\" href='https:\/\/www.facebook.com\/sharer.php?u=https:\/\/radiorevelacionfm.cl\/?p=33009&#038;t=Parque%20de%20entretenciones%20de%20invierno%20abre%20sus%20puertas%20en%20Coyhaique' aria-hidden='false' data-av_icon='\ue8f3' data-av_iconfont='entypo-fontello' title='' data-avia-related-tooltip='Compartir en Facebook' rel=\"noopener\"><span class='avia_hidden_link_text'>Compartir en Facebook<\/span><\/a><\/li><li class='av-share-link av-social-link-twitter' ><a target=\"_blank\" aria-label=\"Compartir en Twitter\" href='https:\/\/twitter.com\/share?text=Parque%20de%20entretenciones%20de%20invierno%20abre%20sus%20puertas%20en%20Coyhaique&#038;url=https:\/\/radiorevelacionfm.cl\/?p=33009' aria-hidden='false' data-av_icon='\ue8f1' data-av_iconfont='entypo-fontello' title='' data-avia-related-tooltip='Compartir en Twitter' rel=\"noopener\"><span class='avia_hidden_link_text'>Compartir en Twitter<\/span><\/a><\/li><li class='av-share-link av-social-link-whatsapp' ><a target=\"_blank\" aria-label=\"Compartir en Whatsapp\" href='https:\/\/api.whatsapp.com\/send?text=https:\/\/radiorevelacionfm.cl\/?p=33009' aria-hidden='false' data-av_icon='\uf232' data-av_iconfont='entypo-fontello' title='' data-avia-related-tooltip='Compartir en Whatsapp' rel=\"noopener\"><span class='avia_hidden_link_text'>Compartir en Whatsapp<\/span><\/a><\/li><li class='av-share-link av-social-link-linkedin' ><a target=\"_blank\" aria-label=\"Compartir en LinkedIn\" href='https:\/\/linkedin.com\/shareArticle?mini=true&#038;title=Parque%20de%20entretenciones%20de%20invierno%20abre%20sus%20puertas%20en%20Coyhaique&#038;url=https:\/\/radiorevelacionfm.cl\/?p=33009' aria-hidden='false' data-av_icon='\ue8fc' data-av_iconfont='entypo-fontello' title='' data-avia-related-tooltip='Compartir en LinkedIn' rel=\"noopener\"><span class='avia_hidden_link_text'>Compartir en LinkedIn<\/span><\/a><\/li><li class='av-share-link av-social-link-mail' ><a  aria-label=\"Compartir por correo\" href='mailto:?subject=Parque%20de%20entretenciones%20de%20invierno%20abre%20sus%20puertas%20en%20Coyhaique&#038;body=https:\/\/radiorevelacionfm.cl\/?p=33009' aria-hidden='false' data-av_icon='\ue805' data-av_iconfont='entypo-fontello' title='' data-avia-related-tooltip='Compartir por correo'><span class='avia_hidden_link_text'>Compartir por correo<\/span><\/a><\/li><\/ul><\/div><\/div>\n<div  style='height:50px' class='hr hr-invisible   avia-builder-el-8  el_after_av_social_share  el_before_av_comments_list '><span class='hr-inner ' ><span class='hr-inner-style'><\/span><\/span><\/div>\n<div  class='av-buildercomment  av-blog-meta-html-info-disabled av-blog-meta-tag-disabled  '><\/div>\n","protected":false},"excerpt":{"rendered":"","protected":false},"author":1,"featured_media":33010,"comment_status":"open","ping_status":"open","sticky":false,"template":"","format":"standard","meta":{"footnotes":""},"categories":[38],"tags":[],"class_list":["post-33009","post","type-post","status-publish","format-standard","has-post-thumbnail","hentry","category-regional"],"jetpack_featured_media_url":"https:\/\/radiorevelacionfm.cl\/wp-content\/uploads\/2023\/07\/361096001_299299775817351_3118213464025991256_n-1-1.jpg","_links":{"self":[{"href":"https:\/\/radiorevelacionfm.cl\/index.php?rest_route=\/wp\/v2\/posts\/33009","targetHints":{"allow":["GET"]}}],"collection":[{"href":"https:\/\/radiorevelacionfm.cl\/index.php?rest_route=\/wp\/v2\/posts"}],"about":[{"href":"https:\/\/radiorevelacionfm.cl\/index.php?rest_route=\/wp\/v2\/types\/post"}],"author":[{"embeddable":true,"href":"https:\/\/radiorevelacionfm.cl\/index.php?rest_route=\/wp\/v2\/users\/1"}],"replies":[{"embeddable":true,"href":"https:\/\/radiorevelacionfm.cl\/index.php?rest_route=%2Fwp%2Fv2%2Fcomments&post=33009"}],"version-history":[{"count":1,"href":"https:\/\/radiorevelacionfm.cl\/index.php?rest_route=\/wp\/v2\/posts\/33009\/revisions"}],"predecessor-version":[{"id":33011,"href":"https:\/\/radiorevelacionfm.cl\/index.php?rest_route=\/wp\/v2\/posts\/33009\/revisions\/33011"}],"wp:featuredmedia":[{"embeddable":true,"href":"https:\/\/radiorevelacionfm.cl\/index.php?rest_route=\/wp\/v2\/media\/33010"}],"wp:attachment":[{"href":"https:\/\/radiorevelacionfm.cl\/index.php?rest_route=%2Fwp%2Fv2%2Fmedia&parent=33009"}],"wp:term":[{"taxonomy":"category","embeddable":true,"href":"https:\/\/radiorevelacionfm.cl\/index.php?rest_route=%2Fwp%2Fv2%2Fcategories&post=33009"},{"taxonomy":"post_tag","embeddable":true,"href":"https:\/\/radiorevelacionfm.cl\/index.php?rest_route=%2Fwp%2Fv2%2Ftags&post=33009"}],"curies":[{"name":"wp","href":"https:\/\/api.w.org\/{rel}","templated":true}]}}