{"id":33003,"date":"2023-07-17T20:28:30","date_gmt":"2023-07-17T23:28:30","guid":{"rendered":"https:\/\/radiorevelacionfm.cl\/?p=33003"},"modified":"2023-07-17T20:28:30","modified_gmt":"2023-07-17T23:28:30","slug":"para-mantener-viva-la-memoria-de-los-50-anos-del-golpe-de-estado-realizan-talleres-autobiograficos","status":"publish","type":"post","link":"https:\/\/radiorevelacionfm.cl\/?p=33003","title":{"rendered":"Para mantener viva la memoria de los 50 a\u00f1os del Golpe de Estado realizan talleres autobiogr\u00e1ficos"},"content":{"rendered":"<div class=\"flex_column av_one_full  flex_column_div av-zero-column-padding first  avia-builder-el-0  el_before_av_one_full  avia-builder-el-first  \" style='border-radius:0px; '><div  class='avia-image-container  av-styling-    avia-builder-el-1  avia-builder-el-no-sibling  avia-align-center '  itemprop=\"image\" itemscope=\"itemscope\" itemtype=\"https:\/\/schema.org\/ImageObject\"  ><div class='avia-image-container-inner'><div class='avia-image-overlay-wrap'><img decoding=\"async\" class='wp-image-33004 avia-img-lazy-loading-not-33004 avia_image' src=\"https:\/\/radiorevelacionfm.cl\/wp-content\/uploads\/2023\/07\/ssa-prais-cultura-36-1_optimized.jpg\" alt='' title='ssa-prais-cultura-(36)-(1)_optimized' height=\"600\" width=\"900\"  itemprop=\"thumbnailUrl\" srcset=\"https:\/\/radiorevelacionfm.cl\/wp-content\/uploads\/2023\/07\/ssa-prais-cultura-36-1_optimized.jpg 900w, https:\/\/radiorevelacionfm.cl\/wp-content\/uploads\/2023\/07\/ssa-prais-cultura-36-1_optimized-300x200.jpg 300w, https:\/\/radiorevelacionfm.cl\/wp-content\/uploads\/2023\/07\/ssa-prais-cultura-36-1_optimized-768x512.jpg 768w, https:\/\/radiorevelacionfm.cl\/wp-content\/uploads\/2023\/07\/ssa-prais-cultura-36-1_optimized-705x470.jpg 705w, https:\/\/radiorevelacionfm.cl\/wp-content\/uploads\/2023\/07\/ssa-prais-cultura-36-1_optimized-450x300.jpg 450w, https:\/\/radiorevelacionfm.cl\/wp-content\/uploads\/2023\/07\/ssa-prais-cultura-36-1_optimized-600x400.jpg 600w\" sizes=\"(max-width: 900px) 100vw, 900px\" \/><\/div><\/div><\/div><\/div><div class=\"flex_column av_one_full  flex_column_div av-zero-column-padding first  avia-builder-el-2  el_after_av_one_full  el_before_av_one_full  column-top-margin\" style='border-radius:0px; '><section class=\"av_textblock_section \"  itemscope=\"itemscope\" itemtype=\"https:\/\/schema.org\/BlogPosting\" itemprop=\"blogPost\" ><div class='avia_textblock  '   itemprop=\"text\" ><p style=\"text-align: center;\"><strong><span style=\"font-size: 18pt;\">Para mantener viva la memoria de los 50 a\u00f1os del Golpe de Estado realizan talleres autobiogr\u00e1ficos<\/span><\/strong><\/p>\n<div id=\"gtx-trans\" style=\"position: absolute; left: -50px; top: 4.31534px;\">\n<div class=\"gtx-trans-icon\"><\/div>\n<\/div>\n<\/div><\/section><\/div><div class=\"flex_column av_one_full  flex_column_div av-zero-column-padding first  avia-builder-el-4  el_after_av_one_full  el_before_av_hr  column-top-margin\" style='border-radius:0px; '><section class=\"av_textblock_section \"  itemscope=\"itemscope\" itemtype=\"https:\/\/schema.org\/BlogPosting\" itemprop=\"blogPost\" ><div class='avia_textblock  '   itemprop=\"text\" ><p style=\"font-weight: 400; text-align: justify;\">En el marco de los 50 a\u00f1os del Golpe de Estado C\u00edvico Militar de 1973, la Seremi de la Culturas y las Artes de Ays\u00e9n y el Programa de Reparaci\u00f3n y Atenci\u00f3n Integral en Salud y Derechos Humanos (PRAIS), del Servicio de Salud Ays\u00e9n, realizaron un Taller Autobiogr\u00e1fico, como parte de la actividad denominada \u201cCartas para el Futuro. Di\u00e1logos Epistolares por la Memoria\u201d, instancia que tiene como fin mantener viva la memoria de los hechos que significaron el quiebre democr\u00e1tico en el pa\u00eds y las posteriores violaciones sistem\u00e1ticas de los derechos humanos por 17 a\u00f1os.<\/p>\n<p style=\"font-weight: 400; text-align: justify;\">\u201cNuestras experiencias por muy malas o tristes que hayan sido en su momento, por la edad que ten\u00edamos, veinte a\u00f1os en mi caso, somos parte de una generaci\u00f3n que particip\u00f3 activamente de lo que fue el proceso de instalaci\u00f3n del Gobierno de Salvador Allende. Nos toc\u00f3 vivir un periodo en que no estaba prohibido hablar de pol\u00edtica o de las cosas sociales, que fue lo que apareci\u00f3 despu\u00e9s con la Dictadura y para nosotros era fundamental trabajar en un proceso social y pol\u00edtico como estudiantes y j\u00f3venes de la \u00e9poca y con el golpe hay un quiebre muy grande en la sociedad\u201d, indic\u00f3 Elena Z\u00fa\u00f1iga, de la agrupaci\u00f3n de ex presos pol\u00edticos Jos\u00e9 Felmer Klenner, que recuerda al estudiante de agronom\u00eda asesinado en la regi\u00f3n de Los Lagos en octubre de 1973.<\/p>\n<p style=\"font-weight: 400; text-align: justify;\">La idea de estos encuentros es reflexionar, contar de forma personal e \u00edntima y entregar un mensaje de esperanza para las futuras generaciones, en un pa\u00eds que se construye entre todos y todas.<\/p>\n<p style=\"font-weight: 400; text-align: justify;\">\u201cQue esto sirva para hacer la carta hacia el futuro y para que las nuevas generaciones conozcan esta parte oscura de la historia de Chile, porque lamentablemente los ni\u00f1os no saben, porque la verdad no se ha contado y nuestra tarea es dejarles a nuestros ni\u00f1os la historia del a\u00f1o 1973\u201d, agreg\u00f3 Mirta Villaseca, de la Agrupaci\u00f3n Flores Nativas.<\/p>\n<p style=\"font-weight: 400; text-align: justify;\">La memoria no solo es recordar lo que pas\u00f3, que no deber\u00eda suceder nunca m\u00e1s, sino que tambi\u00e9n es futuro, aprender y mantener vivo el sue\u00f1o de vivir en un mejor pa\u00eds, uno con verdad, justicia, reparaci\u00f3n y no repetici\u00f3n. \u201cEstamos dialogando con agrupaciones de derechos humanos, con la biblioteca popular Trinchera Utop\u00eda y las agrupaciones de PRAIS, dialogando con respecto a sus memorias y vivencias para poder construir un sentido de futuro\u201d, dijo Felipe Quiroz, Seremi de la Cultura y las Artes de Ays\u00e9n.<\/p>\n<p style=\"font-weight: 400; text-align: justify;\">Mientras Ana Mar\u00eda Navarrete, coordinadora PRAIS del SSA, a\u00f1adi\u00f3 que \u201cla idea es recuperar datos que est\u00e1n guardados en la memoria, transcribirlos y llevarlos al museo, guardarlos y dejarlos para las futuras generaciones, para no perder esta memoria de hechos que son tan dolorosas, pero tambi\u00e9n tan importantes para cada uno y una de nosotras y la idea es llevar un mensaje de esperanza para el futuro despu\u00e9s de los hechos dolorosos ocurridos hace 50 a\u00f1os\u201d, mencion\u00f3.<\/p>\n<\/div><\/section><\/div><div  style='height:50px' class='hr hr-invisible   avia-builder-el-6  el_after_av_one_full  el_before_av_social_share '><span class='hr-inner ' ><span class='hr-inner-style'><\/span><\/span><\/div><\/p>\n<div  class='av-social-sharing-box  avia-builder-el-7  el_after_av_hr  el_before_av_hr  '><div class='av-share-box'><h5 class='av-share-link-description av-no-toc '>Compartir esta noticia<\/h5><ul class='av-share-box-list noLightbox'><li class='av-share-link av-social-link-facebook' ><a target=\"_blank\" aria-label=\"Compartir en Facebook\" href='https:\/\/www.facebook.com\/sharer.php?u=https:\/\/radiorevelacionfm.cl\/?p=33003&#038;t=Para%20mantener%20viva%20la%20memoria%20de%20los%2050%20a%C3%B1os%20del%20Golpe%20de%20Estado%20realizan%20talleres%20autobiogr%C3%A1ficos' aria-hidden='false' data-av_icon='\ue8f3' data-av_iconfont='entypo-fontello' title='' data-avia-related-tooltip='Compartir en Facebook' rel=\"noopener\"><span class='avia_hidden_link_text'>Compartir en Facebook<\/span><\/a><\/li><li class='av-share-link av-social-link-twitter' ><a target=\"_blank\" aria-label=\"Compartir en Twitter\" href='https:\/\/twitter.com\/share?text=Para%20mantener%20viva%20la%20memoria%20de%20los%2050%20a%C3%B1os%20del%20Golpe%20de%20Estado%20realizan%20talleres%20autobiogr%C3%A1ficos&#038;url=https:\/\/radiorevelacionfm.cl\/?p=33003' aria-hidden='false' data-av_icon='\ue8f1' data-av_iconfont='entypo-fontello' title='' data-avia-related-tooltip='Compartir en Twitter' rel=\"noopener\"><span class='avia_hidden_link_text'>Compartir en Twitter<\/span><\/a><\/li><li class='av-share-link av-social-link-whatsapp' ><a target=\"_blank\" aria-label=\"Compartir en Whatsapp\" href='https:\/\/api.whatsapp.com\/send?text=https:\/\/radiorevelacionfm.cl\/?p=33003' aria-hidden='false' data-av_icon='\uf232' data-av_iconfont='entypo-fontello' title='' data-avia-related-tooltip='Compartir en Whatsapp' rel=\"noopener\"><span class='avia_hidden_link_text'>Compartir en Whatsapp<\/span><\/a><\/li><li class='av-share-link av-social-link-linkedin' ><a target=\"_blank\" aria-label=\"Compartir en LinkedIn\" href='https:\/\/linkedin.com\/shareArticle?mini=true&#038;title=Para%20mantener%20viva%20la%20memoria%20de%20los%2050%20a%C3%B1os%20del%20Golpe%20de%20Estado%20realizan%20talleres%20autobiogr%C3%A1ficos&#038;url=https:\/\/radiorevelacionfm.cl\/?p=33003' aria-hidden='false' data-av_icon='\ue8fc' data-av_iconfont='entypo-fontello' title='' data-avia-related-tooltip='Compartir en LinkedIn' rel=\"noopener\"><span class='avia_hidden_link_text'>Compartir en LinkedIn<\/span><\/a><\/li><li class='av-share-link av-social-link-mail' ><a  aria-label=\"Compartir por correo\" href='mailto:?subject=Para%20mantener%20viva%20la%20memoria%20de%20los%2050%20a%C3%B1os%20del%20Golpe%20de%20Estado%20realizan%20talleres%20autobiogr%C3%A1ficos&#038;body=https:\/\/radiorevelacionfm.cl\/?p=33003' aria-hidden='false' data-av_icon='\ue805' data-av_iconfont='entypo-fontello' title='' data-avia-related-tooltip='Compartir por correo'><span class='avia_hidden_link_text'>Compartir por correo<\/span><\/a><\/li><\/ul><\/div><\/div>\n<div  style='height:50px' class='hr hr-invisible   avia-builder-el-8  el_after_av_social_share  el_before_av_comments_list '><span class='hr-inner ' ><span class='hr-inner-style'><\/span><\/span><\/div>\n<div  class='av-buildercomment  av-blog-meta-html-info-disabled av-blog-meta-tag-disabled  '><\/div>\n","protected":false},"excerpt":{"rendered":"","protected":false},"author":1,"featured_media":33004,"comment_status":"open","ping_status":"open","sticky":false,"template":"","format":"standard","meta":{"footnotes":""},"categories":[38],"tags":[],"class_list":["post-33003","post","type-post","status-publish","format-standard","has-post-thumbnail","hentry","category-regional"],"jetpack_featured_media_url":"https:\/\/radiorevelacionfm.cl\/wp-content\/uploads\/2023\/07\/ssa-prais-cultura-36-1_optimized.jpg","_links":{"self":[{"href":"https:\/\/radiorevelacionfm.cl\/index.php?rest_route=\/wp\/v2\/posts\/33003","targetHints":{"allow":["GET"]}}],"collection":[{"href":"https:\/\/radiorevelacionfm.cl\/index.php?rest_route=\/wp\/v2\/posts"}],"about":[{"href":"https:\/\/radiorevelacionfm.cl\/index.php?rest_route=\/wp\/v2\/types\/post"}],"author":[{"embeddable":true,"href":"https:\/\/radiorevelacionfm.cl\/index.php?rest_route=\/wp\/v2\/users\/1"}],"replies":[{"embeddable":true,"href":"https:\/\/radiorevelacionfm.cl\/index.php?rest_route=%2Fwp%2Fv2%2Fcomments&post=33003"}],"version-history":[{"count":1,"href":"https:\/\/radiorevelacionfm.cl\/index.php?rest_route=\/wp\/v2\/posts\/33003\/revisions"}],"predecessor-version":[{"id":33005,"href":"https:\/\/radiorevelacionfm.cl\/index.php?rest_route=\/wp\/v2\/posts\/33003\/revisions\/33005"}],"wp:featuredmedia":[{"embeddable":true,"href":"https:\/\/radiorevelacionfm.cl\/index.php?rest_route=\/wp\/v2\/media\/33004"}],"wp:attachment":[{"href":"https:\/\/radiorevelacionfm.cl\/index.php?rest_route=%2Fwp%2Fv2%2Fmedia&parent=33003"}],"wp:term":[{"taxonomy":"category","embeddable":true,"href":"https:\/\/radiorevelacionfm.cl\/index.php?rest_route=%2Fwp%2Fv2%2Fcategories&post=33003"},{"taxonomy":"post_tag","embeddable":true,"href":"https:\/\/radiorevelacionfm.cl\/index.php?rest_route=%2Fwp%2Fv2%2Ftags&post=33003"}],"curies":[{"name":"wp","href":"https:\/\/api.w.org\/{rel}","templated":true}]}}