{"id":33000,"date":"2023-07-17T18:41:33","date_gmt":"2023-07-17T21:41:33","guid":{"rendered":"https:\/\/radiorevelacionfm.cl\/?p=33000"},"modified":"2023-07-17T18:41:33","modified_gmt":"2023-07-17T21:41:33","slug":"subsecretario-de-justicia-desarrollo-intensa-agenda-de-trabajo-en-coyhaique-y-puerto-aysen","status":"publish","type":"post","link":"https:\/\/radiorevelacionfm.cl\/?p=33000","title":{"rendered":"Subsecretario de Justicia desarroll\u00f3 intensa agenda de trabajo en Coyhaique y Puerto Ays\u00e9n"},"content":{"rendered":"<div class=\"flex_column av_one_full  flex_column_div av-zero-column-padding first  avia-builder-el-0  el_before_av_one_full  avia-builder-el-first  \" style='border-radius:0px; '><div  class='avia-image-container  av-styling-    avia-builder-el-1  avia-builder-el-no-sibling  avia-align-center '  itemprop=\"image\" itemscope=\"itemscope\" itemtype=\"https:\/\/schema.org\/ImageObject\"  ><div class='avia-image-container-inner'><div class='avia-image-overlay-wrap'><img decoding=\"async\" class='wp-image-33001 avia-img-lazy-loading-not-33001 avia_image' src=\"https:\/\/radiorevelacionfm.cl\/wp-content\/uploads\/2023\/07\/CAMIONETA-CET-1-1.jpg\" alt='' title='CAMIONETA CET (1) (1)' height=\"600\" width=\"900\"  itemprop=\"thumbnailUrl\" srcset=\"https:\/\/radiorevelacionfm.cl\/wp-content\/uploads\/2023\/07\/CAMIONETA-CET-1-1.jpg 900w, https:\/\/radiorevelacionfm.cl\/wp-content\/uploads\/2023\/07\/CAMIONETA-CET-1-1-300x200.jpg 300w, https:\/\/radiorevelacionfm.cl\/wp-content\/uploads\/2023\/07\/CAMIONETA-CET-1-1-768x512.jpg 768w, https:\/\/radiorevelacionfm.cl\/wp-content\/uploads\/2023\/07\/CAMIONETA-CET-1-1-705x470.jpg 705w, https:\/\/radiorevelacionfm.cl\/wp-content\/uploads\/2023\/07\/CAMIONETA-CET-1-1-450x300.jpg 450w, https:\/\/radiorevelacionfm.cl\/wp-content\/uploads\/2023\/07\/CAMIONETA-CET-1-1-600x400.jpg 600w\" sizes=\"(max-width: 900px) 100vw, 900px\" \/><\/div><\/div><\/div><\/div><div class=\"flex_column av_one_full  flex_column_div av-zero-column-padding first  avia-builder-el-2  el_after_av_one_full  el_before_av_one_full  column-top-margin\" style='border-radius:0px; '><section class=\"av_textblock_section \"  itemscope=\"itemscope\" itemtype=\"https:\/\/schema.org\/BlogPosting\" itemprop=\"blogPost\" ><div class='avia_textblock  '   itemprop=\"text\" ><p style=\"text-align: center;\"><span style=\"font-size: 18pt;\"><strong>Subsecretario de Justicia desarroll\u00f3 intensa agenda de trabajo en Coyhaique y Puerto Ays\u00e9n<\/strong><\/span><\/p>\n<div id=\"gtx-trans\" style=\"position: absolute; left: -50px; top: 4.31534px;\">\n<div class=\"gtx-trans-icon\"><\/div>\n<\/div>\n<\/div><\/section><\/div><div class=\"flex_column av_one_full  flex_column_div av-zero-column-padding first  avia-builder-el-4  el_after_av_one_full  el_before_av_hr  column-top-margin\" style='border-radius:0px; '><section class=\"av_textblock_section \"  itemscope=\"itemscope\" itemtype=\"https:\/\/schema.org\/BlogPosting\" itemprop=\"blogPost\" ><div class='avia_textblock  '   itemprop=\"text\" ><p style=\"text-align: justify;\">Una intensa agenda de trabajo desarroll\u00f3 la semana reci\u00e9n pasada en nuestra regi\u00f3n el Subsecretario de Justicia Jaime Gajardo Falc\u00f3n, las que consideraron la entrega de un veh\u00edculo al CET del Centro de Detenci\u00f3n Preventiva de Puerto Ays\u00e9n, la firma de un convenio entre el Servicio M\u00e9dico Legal y Carabineros de Chile, Gabinete de Justicia y Proyectos con los seis servicios dependientes y relacionados del sector, visitas a medios de comunicaci\u00f3n, entre otras.<\/p>\n<p style=\"text-align: justify;\">Respecto a las actividades desarrolladas en su visita a Ays\u00e9n, el Subsecretario de Justicia Jaime Gajardo Falc\u00f3n explic\u00f3 que \u201cel Presidente nos ha dado un mandato muy espec\u00edfico, y es que las autoridades nacionales nos encontremos permanentemente en terreno para ver donde se encuentran las personas y \u00a0c\u00f3mo est\u00e1n las situaciones de nuestros servicios, en nuestro caso hemos iniciado una gira por la regi\u00f3n de Ays\u00e9n, partimos con un gabinete del sector Justicia con todos los directores de servicios en la direcci\u00f3n regional de Gendarmer\u00eda de Chile, sostuvimos una reuni\u00f3n con el Delegado Presidencial Regional don Rodrigo Araya Morales para ver el trabajo de los servicios del sector en la regi\u00f3n, visitamos el centro de educaci\u00f3n y trabajo del Centro de Detenci\u00f3n Preventiva de Puerto Ays\u00e9n donde hicimos entrega de un veh\u00edculo para que la panader\u00eda del centro pueda comprar las materias primas necesarias para la elaboraci\u00f3n del pan, como tambi\u00e9n para repartir este producto a los centros educativos que son principalmente los que se abastecen con el pan que se elabora ac\u00e1, posteriormente sostuvimos un encuentro con la presidenta (s) de la Ilustr\u00edsima Corte de Apelaciones de Coyhaique Ministra Natalia Rencoret, as\u00ed tambi\u00e9n una reuni\u00f3n de trabajo con la Gobernadora Regional Andrea Mac\u00edas, participamos en la firma de un importante convenio entre el Servicio M\u00e9dico Legal y Carabineros de Chile que\u00a0 busca trabajar en conjunto los sitios del suceso y mejorar la respuesta que damos para guardar adecuadamente las pericias, entre otras actividades\u201d.<\/p>\n<p style=\"text-align: justify;\">Consultado, respecto a las condiciones de los recintos penales de la regi\u00f3n, espec\u00edficamente del Centro de Cumplimiento Penitenciario de Coyhaique, el Subsecretario Gajardo indic\u00f3 que \u201cactualmente tenemos sobrepoblaci\u00f3n en la c\u00e1rcel de Coyhaique, dicho recinto tiene una capacidad para 110 personas y actualmente tiene m\u00e1s de 140 personas privadas de libertad, estamos trabajando por lo mismo en dos cosas que son muy relevantes, el a\u00f1o pasado mejoramos la caldera del centro, lo que nos permiti\u00f3 cambiarla con recursos de la subsecretar\u00eda de Justicia de una caldera de petr\u00f3leo a una caldera de gas, para este a\u00f1o tenemos un proyecto gracias a recursos del Fondo Nacional de Desarrollo Regional para una conservaci\u00f3n importante de este centro, son m\u00e1s de 700 millones de pesos para mejorar las instalaciones en su conjunto. Ahora el problema de la sobrepoblaci\u00f3n lo tiene esta regi\u00f3n pero lo tenemos a nivel nacional, tanto el ministro como yo hemos planteado permanentemente que nos encontramos con un alza sostenida de la poblaci\u00f3n privada de libertad a lo largo del pa\u00eds, cuando asumimos como gobierno exist\u00edan 41 mil personas privadas de libertad, producto de las pol\u00edticas de persecuci\u00f3n penal principalmente por la situaci\u00f3n de seguridad p\u00fablica en que se encuentra nuestro pa\u00eds, hemos aumentado en un a\u00f1o a m\u00e1s de 50 mil, lo que ha generado una gran presi\u00f3n en el sistema penitenciario, pero por lo mismo el Presidente en su cuenta p\u00fablica del 1 de junio fue muy claro y categ\u00f3rico en la necesidad de que implementemos un plan de infraestructura penitenciaria, que nos permita aumentar las plazas de personas privadas de libertad a lo largo del pa\u00eds y por cierto tambi\u00e9n en esta regi\u00f3n, lo que se suma a otros proyectos de infraestructura que vamos air implementando y que tambi\u00e9n estamos evaluando para esta regi\u00f3n\u201d.<\/p>\n<p style=\"text-align: justify;\">Ahora, el Subsecretario Jaime Gajardo se refiri\u00f3 a la importancia de la reinserci\u00f3n y el trabajo que desarrolla en este sentido Gendarmer\u00eda de Chile indicando que \u201cla reinserci\u00f3n es clave en dos sentidos, primera porque nos permite cambiar las trayectorias delictivas de personas concretas, es decir personas que el d\u00eda de ma\u00f1ana van a salir de la c\u00e1rcel, van a cumplir su condena y necesitan reinsertarse en la sociedad, pero adem\u00e1s es fundamental que la ciudadan\u00eda entienda que la reinserci\u00f3n tambi\u00e9n tiene un impacto directo en la seguridad p\u00fablica, si una persona el d\u00eda de ma\u00f1ana cumple su condena y sale de un centro de detenci\u00f3n lo que va a ocurrir es que probablemente vuelva a delinquir y para eso la reinserci\u00f3n social y el trabajo que realiza Gendarmer\u00eda nos permite quebrar las trayectorias delictivas, y precisamente la actividad que realizamos en Puerto Ays\u00e9n es fundamental, porque mejorar las condiciones para tener m\u00e1s oferta program\u00e1tica en reinserci\u00f3n nos va a permitir mejorar las trayectorias de vida de estas personas, pero tambi\u00e9n contribuir de manera sustantiva y concreta en la seguridad p\u00fablica de todos nosotros\u201d.<\/p>\n<p style=\"text-align: justify;\">Finalmente, el Seremi de Justicia y Derechos Humanos Samuel Navarro Castro destac\u00f3 y valor\u00f3 la visita del Subsecretario a la regi\u00f3n indicando que \u201cqueremos agradecer la visita del Subsecretario de Justicia Jaime Gajardo Falc\u00f3n que estuvo en estos d\u00edas en la regi\u00f3n con bastante fr\u00edo y nieve, ya que es muy importante que las autoridades est\u00e9n en terreno y conozcan de primera fuente las condiciones en las que trabaja cada uno de los servicios del sector Justicia, sobre todo con las necesidades que tenemos dada la dispersi\u00f3n geogr\u00e1fica de las distintas localidades que tenemos ac\u00e1, agradecemos la visita y nos quedamos con varias tareas para seguir profundizando el trabajo de acercar la Justicia a la gente\u201d.<\/p>\n<\/div><\/section><\/div><div  style='height:50px' class='hr hr-invisible   avia-builder-el-6  el_after_av_one_full  el_before_av_social_share '><span class='hr-inner ' ><span class='hr-inner-style'><\/span><\/span><\/div><\/p>\n<div  class='av-social-sharing-box  avia-builder-el-7  el_after_av_hr  el_before_av_hr  '><div class='av-share-box'><h5 class='av-share-link-description av-no-toc '>Compartir esta noticia<\/h5><ul class='av-share-box-list noLightbox'><li class='av-share-link av-social-link-facebook' ><a target=\"_blank\" aria-label=\"Compartir en Facebook\" href='https:\/\/www.facebook.com\/sharer.php?u=https:\/\/radiorevelacionfm.cl\/?p=33000&#038;t=Subsecretario%20de%20Justicia%20desarroll%C3%B3%20intensa%20agenda%20de%20trabajo%20en%20Coyhaique%20y%20Puerto%20Ays%C3%A9n' aria-hidden='false' data-av_icon='\ue8f3' data-av_iconfont='entypo-fontello' title='' data-avia-related-tooltip='Compartir en Facebook' rel=\"noopener\"><span class='avia_hidden_link_text'>Compartir en Facebook<\/span><\/a><\/li><li class='av-share-link av-social-link-twitter' ><a target=\"_blank\" aria-label=\"Compartir en Twitter\" href='https:\/\/twitter.com\/share?text=Subsecretario%20de%20Justicia%20desarroll%C3%B3%20intensa%20agenda%20de%20trabajo%20en%20Coyhaique%20y%20Puerto%20Ays%C3%A9n&#038;url=https:\/\/radiorevelacionfm.cl\/?p=33000' aria-hidden='false' data-av_icon='\ue8f1' data-av_iconfont='entypo-fontello' title='' data-avia-related-tooltip='Compartir en Twitter' rel=\"noopener\"><span class='avia_hidden_link_text'>Compartir en Twitter<\/span><\/a><\/li><li class='av-share-link av-social-link-whatsapp' ><a target=\"_blank\" aria-label=\"Compartir en Whatsapp\" href='https:\/\/api.whatsapp.com\/send?text=https:\/\/radiorevelacionfm.cl\/?p=33000' aria-hidden='false' data-av_icon='\uf232' data-av_iconfont='entypo-fontello' title='' data-avia-related-tooltip='Compartir en Whatsapp' rel=\"noopener\"><span class='avia_hidden_link_text'>Compartir en Whatsapp<\/span><\/a><\/li><li class='av-share-link av-social-link-linkedin' ><a target=\"_blank\" aria-label=\"Compartir en LinkedIn\" href='https:\/\/linkedin.com\/shareArticle?mini=true&#038;title=Subsecretario%20de%20Justicia%20desarroll%C3%B3%20intensa%20agenda%20de%20trabajo%20en%20Coyhaique%20y%20Puerto%20Ays%C3%A9n&#038;url=https:\/\/radiorevelacionfm.cl\/?p=33000' aria-hidden='false' data-av_icon='\ue8fc' data-av_iconfont='entypo-fontello' title='' data-avia-related-tooltip='Compartir en LinkedIn' rel=\"noopener\"><span class='avia_hidden_link_text'>Compartir en LinkedIn<\/span><\/a><\/li><li class='av-share-link av-social-link-mail' ><a  aria-label=\"Compartir por correo\" href='mailto:?subject=Subsecretario%20de%20Justicia%20desarroll%C3%B3%20intensa%20agenda%20de%20trabajo%20en%20Coyhaique%20y%20Puerto%20Ays%C3%A9n&#038;body=https:\/\/radiorevelacionfm.cl\/?p=33000' aria-hidden='false' data-av_icon='\ue805' data-av_iconfont='entypo-fontello' title='' data-avia-related-tooltip='Compartir por correo'><span class='avia_hidden_link_text'>Compartir por correo<\/span><\/a><\/li><\/ul><\/div><\/div>\n<div  style='height:50px' class='hr hr-invisible   avia-builder-el-8  el_after_av_social_share  el_before_av_comments_list '><span class='hr-inner ' ><span class='hr-inner-style'><\/span><\/span><\/div>\n<div  class='av-buildercomment  av-blog-meta-html-info-disabled av-blog-meta-tag-disabled  '><\/div>\n","protected":false},"excerpt":{"rendered":"","protected":false},"author":1,"featured_media":33001,"comment_status":"open","ping_status":"open","sticky":false,"template":"","format":"standard","meta":{"footnotes":""},"categories":[55],"tags":[],"class_list":["post-33000","post","type-post","status-publish","format-standard","has-post-thumbnail","hentry","category-justicia"],"jetpack_featured_media_url":"https:\/\/radiorevelacionfm.cl\/wp-content\/uploads\/2023\/07\/CAMIONETA-CET-1-1.jpg","_links":{"self":[{"href":"https:\/\/radiorevelacionfm.cl\/index.php?rest_route=\/wp\/v2\/posts\/33000","targetHints":{"allow":["GET"]}}],"collection":[{"href":"https:\/\/radiorevelacionfm.cl\/index.php?rest_route=\/wp\/v2\/posts"}],"about":[{"href":"https:\/\/radiorevelacionfm.cl\/index.php?rest_route=\/wp\/v2\/types\/post"}],"author":[{"embeddable":true,"href":"https:\/\/radiorevelacionfm.cl\/index.php?rest_route=\/wp\/v2\/users\/1"}],"replies":[{"embeddable":true,"href":"https:\/\/radiorevelacionfm.cl\/index.php?rest_route=%2Fwp%2Fv2%2Fcomments&post=33000"}],"version-history":[{"count":1,"href":"https:\/\/radiorevelacionfm.cl\/index.php?rest_route=\/wp\/v2\/posts\/33000\/revisions"}],"predecessor-version":[{"id":33002,"href":"https:\/\/radiorevelacionfm.cl\/index.php?rest_route=\/wp\/v2\/posts\/33000\/revisions\/33002"}],"wp:featuredmedia":[{"embeddable":true,"href":"https:\/\/radiorevelacionfm.cl\/index.php?rest_route=\/wp\/v2\/media\/33001"}],"wp:attachment":[{"href":"https:\/\/radiorevelacionfm.cl\/index.php?rest_route=%2Fwp%2Fv2%2Fmedia&parent=33000"}],"wp:term":[{"taxonomy":"category","embeddable":true,"href":"https:\/\/radiorevelacionfm.cl\/index.php?rest_route=%2Fwp%2Fv2%2Fcategories&post=33000"},{"taxonomy":"post_tag","embeddable":true,"href":"https:\/\/radiorevelacionfm.cl\/index.php?rest_route=%2Fwp%2Fv2%2Ftags&post=33000"}],"curies":[{"name":"wp","href":"https:\/\/api.w.org\/{rel}","templated":true}]}}