{"id":32997,"date":"2023-07-17T17:03:21","date_gmt":"2023-07-17T20:03:21","guid":{"rendered":"https:\/\/radiorevelacionfm.cl\/?p=32997"},"modified":"2023-07-17T17:03:21","modified_gmt":"2023-07-17T20:03:21","slug":"parlamentarios-piden-a-subsecretario-de-educacion-superior-intervenir-la-universidad-de-aysen","status":"publish","type":"post","link":"https:\/\/radiorevelacionfm.cl\/?p=32997","title":{"rendered":"Parlamentarios piden a Subsecretario de Educaci\u00f3n Superior intervenir la Universidad de Ays\u00e9n"},"content":{"rendered":"<div class=\"flex_column av_one_full  flex_column_div av-zero-column-padding first  avia-builder-el-0  el_before_av_one_full  avia-builder-el-first  \" style='border-radius:0px; '><div  class='avia-image-container  av-styling-    avia-builder-el-1  avia-builder-el-no-sibling  avia-align-center '  itemprop=\"image\" itemscope=\"itemscope\" itemtype=\"https:\/\/schema.org\/ImageObject\"  ><div class='avia-image-container-inner'><div class='avia-image-overlay-wrap'><img decoding=\"async\" class='wp-image-32998 avia-img-lazy-loading-not-32998 avia_image' src=\"https:\/\/radiorevelacionfm.cl\/wp-content\/uploads\/2023\/07\/Foto-subse-de-educ-1-1.jpeg\" alt='' title='Foto subse de educ (1) (1)' height=\"600\" width=\"919\"  itemprop=\"thumbnailUrl\" srcset=\"https:\/\/radiorevelacionfm.cl\/wp-content\/uploads\/2023\/07\/Foto-subse-de-educ-1-1.jpeg 919w, https:\/\/radiorevelacionfm.cl\/wp-content\/uploads\/2023\/07\/Foto-subse-de-educ-1-1-300x196.jpeg 300w, https:\/\/radiorevelacionfm.cl\/wp-content\/uploads\/2023\/07\/Foto-subse-de-educ-1-1-768x501.jpeg 768w, https:\/\/radiorevelacionfm.cl\/wp-content\/uploads\/2023\/07\/Foto-subse-de-educ-1-1-705x460.jpeg 705w, https:\/\/radiorevelacionfm.cl\/wp-content\/uploads\/2023\/07\/Foto-subse-de-educ-1-1-450x294.jpeg 450w, https:\/\/radiorevelacionfm.cl\/wp-content\/uploads\/2023\/07\/Foto-subse-de-educ-1-1-600x392.jpeg 600w\" sizes=\"(max-width: 919px) 100vw, 919px\" \/><\/div><\/div><\/div><\/div><div class=\"flex_column av_one_full  flex_column_div av-zero-column-padding first  avia-builder-el-2  el_after_av_one_full  el_before_av_one_full  column-top-margin\" style='border-radius:0px; '><section class=\"av_textblock_section \"  itemscope=\"itemscope\" itemtype=\"https:\/\/schema.org\/BlogPosting\" itemprop=\"blogPost\" ><div class='avia_textblock  '   itemprop=\"text\" ><p style=\"text-align: center;\"><span style=\"font-size: 18pt;\"><b><span lang=\"ES\">Parlamentarios piden a Subsecretario de Educaci\u00f3n Superior intervenir la Universidad de Ays\u00e9n<\/span><\/b><\/span><\/p>\n<div id=\"gtx-trans\" style=\"position: absolute; left: -50px; top: 4.31534px;\">\n<div class=\"gtx-trans-icon\"><\/div>\n<\/div>\n<\/div><\/section><\/div><div class=\"flex_column av_one_full  flex_column_div av-zero-column-padding first  avia-builder-el-4  el_after_av_one_full  el_before_av_hr  column-top-margin\" style='border-radius:0px; '><section class=\"av_textblock_section \"  itemscope=\"itemscope\" itemtype=\"https:\/\/schema.org\/BlogPosting\" itemprop=\"blogPost\" ><div class='avia_textblock  '   itemprop=\"text\" ><p style=\"font-weight: 400; text-align: justify;\">Los cinco parlamentarios de la Regi\u00f3n de Ays\u00e9n sostuvieron una reuni\u00f3n con el Subsecretario de Educaci\u00f3n Superior, V\u00edctor Orellana, instancia en la que le solicitaron que se pueda intervenir a la Universidad Regional de Ays\u00e9n. Los legisladores acusan una serie de irregularidades, como su relaci\u00f3n con la Fundaci\u00f3n Democracia Viva y otros temas administrativos que mantienen al plantel con serios problemas econ\u00f3micos.<\/p>\n<p style=\"font-weight: 400; text-align: justify;\">Es importante recordar que hace algunos meses, la Comisi\u00f3n Nacional de Acreditaci\u00f3n (CNA) s\u00f3lo le entreg\u00f3 a la universidad un nivel b\u00e1sico de acreditaci\u00f3n por tres a\u00f1os. En un informe emanado semanas despu\u00e9s, argument\u00f3 que la universidad tiene sobredotaci\u00f3n, infraestructura insuficiente y elevadas p\u00e9rdidas operacionales. Todo esto adem\u00e1s gener\u00f3 adem\u00e1s protestas por parte de los estudiantes, quienes incluso se tomaron el recinto.<\/p>\n<p style=\"font-weight: 400; text-align: justify;\">A esto se suma los v\u00ednculos que tuvo la universidad con la fundaci\u00f3n Democracia Viva, quienes realizaron una escuela de verano en enero de 2022. Adem\u00e1s, la rectora de dicho establecimiento, Natacha Pino, aparece en las redes sociales de la cuestionada fundaci\u00f3n como parte de su Consejo Asesor.<\/p>\n<p style=\"font-weight: 400; text-align: justify;\">Sobre el tema, el senador David Sandoval se\u00f1al\u00f3 que una de las conclusiones a las que se lleg\u00f3 en la reuni\u00f3n con el Subsecretario de Educaci\u00f3n Superior fue que \u201cla situaci\u00f3n es de crisis terminal\u201d, lamentando que la universidad \u201cest\u00e9 en manos de gente con este nivel de capacidad de gesti\u00f3n acad\u00e9mica\u201d.<\/p>\n<p style=\"font-weight: 400; text-align: justify;\">Y es que, a su juicio, lo que se est\u00e1 haciendo es un da\u00f1o enorme a toda la regi\u00f3n de Ays\u00e9n, pero especialmente a los j\u00f3venes y familias que ven en esta universidad una alternativa para su futuro. \u201cEs una situaci\u00f3n dram\u00e1tica que probablemente va a significar, y as\u00ed lo acordamos los cinco parlamentarios con el subsecretario, que se impulse una intervenci\u00f3n formal de la universidad\u201d, indic\u00f3, se\u00f1alando que la idea es buscar, entre otros temas, el saneamiento administrativo de dicha casa de estudios.<\/p>\n<p style=\"font-weight: 400; text-align: justify;\">No podemos perder un proyecto de esta naturaleza, un proyecto tan anhelado, agreg\u00f3 Sandoval, quien tambi\u00e9n critic\u00f3 que hasta ahora la universidad no cuente con su propio recinto. \u201cCuando se aprob\u00f3 la ley (que cre\u00f3 la universidad), se asignaron importantes recursos para temas de infraestructura, pero hasta el d\u00eda de hoy no se ha levantado una tabla del nuevo edificio institucional. Sin embargo, todos los a\u00f1os se pagan poco m\u00e1s de mil millones de arriendo\u201d, cuestion\u00f3.<\/p>\n<p style=\"font-weight: 400; text-align: justify;\">Seg\u00fan el diputado Miguel \u00c1ngel Calisto, \u201clos cinco parlamentarios coincidimos absolutamente en la urgencia y necesidad de intervenci\u00f3n de la Universidad de Ays\u00e9n. Hoy en d\u00eda, lamentablemente. Debido a los hechos de p\u00fablico conocimiento, donde la fundaci\u00f3n Democracia Viva ha tenido vinculaci\u00f3n con este establecimiento, queda en entredicho la credibilidad de esta administraci\u00f3n\u201d.<\/p>\n<p style=\"font-weight: 400; text-align: justify;\">\u201cHoy los alumnos sufren por la incertidumbre de continuaci\u00f3n de sus estudios en una Universidad que hoy ni siquiera tiene para pagar el sueldo a los profesores, debido a una mala administraci\u00f3n interna. Nosotros oficiamos a la Superintendencia de Educaci\u00f3n para solicitar la intervenci\u00f3n de la Universidad, sobre todo para cuidad la Universidad, para garantizar que siga funcionando y el proyecto no se pierda\u201d, afirm\u00f3.<\/p>\n<p style=\"font-weight: 400; text-align: justify;\">Finalmente, la diputada Marcia Raphael indic\u00f3 que \u201cdesde el primer momento hemos alertado a las autoridades de la delicada situaci\u00f3n vive la Universidad de Ays\u00e9n. Es muy necesaria una intervenci\u00f3n real al plantel, con el fin de poder subsanar la delicada situaci\u00f3n administrativa y financiera, con el objetivo de poder entregar a los j\u00f3venes de nuestra regi\u00f3n una educaci\u00f3n de calidad\u201d.<\/p>\n<\/div><\/section><\/div><div  style='height:50px' class='hr hr-invisible   avia-builder-el-6  el_after_av_one_full  el_before_av_social_share '><span class='hr-inner ' ><span class='hr-inner-style'><\/span><\/span><\/div><\/p>\n<div  class='av-social-sharing-box  avia-builder-el-7  el_after_av_hr  el_before_av_hr  '><div class='av-share-box'><h5 class='av-share-link-description av-no-toc '>Compartir esta noticia<\/h5><ul class='av-share-box-list noLightbox'><li class='av-share-link av-social-link-facebook' ><a target=\"_blank\" aria-label=\"Compartir en Facebook\" href='https:\/\/www.facebook.com\/sharer.php?u=https:\/\/radiorevelacionfm.cl\/?p=32997&#038;t=Parlamentarios%20piden%20a%20Subsecretario%20de%20Educaci%C3%B3n%20Superior%20intervenir%20la%20Universidad%20de%20Ays%C3%A9n' aria-hidden='false' data-av_icon='\ue8f3' data-av_iconfont='entypo-fontello' title='' data-avia-related-tooltip='Compartir en Facebook' rel=\"noopener\"><span class='avia_hidden_link_text'>Compartir en Facebook<\/span><\/a><\/li><li class='av-share-link av-social-link-twitter' ><a target=\"_blank\" aria-label=\"Compartir en Twitter\" href='https:\/\/twitter.com\/share?text=Parlamentarios%20piden%20a%20Subsecretario%20de%20Educaci%C3%B3n%20Superior%20intervenir%20la%20Universidad%20de%20Ays%C3%A9n&#038;url=https:\/\/radiorevelacionfm.cl\/?p=32997' aria-hidden='false' data-av_icon='\ue8f1' data-av_iconfont='entypo-fontello' title='' data-avia-related-tooltip='Compartir en Twitter' rel=\"noopener\"><span class='avia_hidden_link_text'>Compartir en Twitter<\/span><\/a><\/li><li class='av-share-link av-social-link-whatsapp' ><a target=\"_blank\" aria-label=\"Compartir en Whatsapp\" href='https:\/\/api.whatsapp.com\/send?text=https:\/\/radiorevelacionfm.cl\/?p=32997' aria-hidden='false' data-av_icon='\uf232' data-av_iconfont='entypo-fontello' title='' data-avia-related-tooltip='Compartir en Whatsapp' rel=\"noopener\"><span class='avia_hidden_link_text'>Compartir en Whatsapp<\/span><\/a><\/li><li class='av-share-link av-social-link-linkedin' ><a target=\"_blank\" aria-label=\"Compartir en LinkedIn\" href='https:\/\/linkedin.com\/shareArticle?mini=true&#038;title=Parlamentarios%20piden%20a%20Subsecretario%20de%20Educaci%C3%B3n%20Superior%20intervenir%20la%20Universidad%20de%20Ays%C3%A9n&#038;url=https:\/\/radiorevelacionfm.cl\/?p=32997' aria-hidden='false' data-av_icon='\ue8fc' data-av_iconfont='entypo-fontello' title='' data-avia-related-tooltip='Compartir en LinkedIn' rel=\"noopener\"><span class='avia_hidden_link_text'>Compartir en LinkedIn<\/span><\/a><\/li><li class='av-share-link av-social-link-mail' ><a  aria-label=\"Compartir por correo\" href='mailto:?subject=Parlamentarios%20piden%20a%20Subsecretario%20de%20Educaci%C3%B3n%20Superior%20intervenir%20la%20Universidad%20de%20Ays%C3%A9n&#038;body=https:\/\/radiorevelacionfm.cl\/?p=32997' aria-hidden='false' data-av_icon='\ue805' data-av_iconfont='entypo-fontello' title='' data-avia-related-tooltip='Compartir por correo'><span class='avia_hidden_link_text'>Compartir por correo<\/span><\/a><\/li><\/ul><\/div><\/div>\n<div  style='height:50px' class='hr hr-invisible   avia-builder-el-8  el_after_av_social_share  el_before_av_comments_list '><span class='hr-inner ' ><span class='hr-inner-style'><\/span><\/span><\/div>\n<div  class='av-buildercomment  av-blog-meta-html-info-disabled av-blog-meta-tag-disabled  '><\/div>\n","protected":false},"excerpt":{"rendered":"","protected":false},"author":1,"featured_media":32998,"comment_status":"open","ping_status":"open","sticky":false,"template":"","format":"standard","meta":{"footnotes":""},"categories":[35],"tags":[],"class_list":["post-32997","post","type-post","status-publish","format-standard","has-post-thumbnail","hentry","category-politica"],"jetpack_featured_media_url":"https:\/\/radiorevelacionfm.cl\/wp-content\/uploads\/2023\/07\/Foto-subse-de-educ-1-1.jpeg","_links":{"self":[{"href":"https:\/\/radiorevelacionfm.cl\/index.php?rest_route=\/wp\/v2\/posts\/32997","targetHints":{"allow":["GET"]}}],"collection":[{"href":"https:\/\/radiorevelacionfm.cl\/index.php?rest_route=\/wp\/v2\/posts"}],"about":[{"href":"https:\/\/radiorevelacionfm.cl\/index.php?rest_route=\/wp\/v2\/types\/post"}],"author":[{"embeddable":true,"href":"https:\/\/radiorevelacionfm.cl\/index.php?rest_route=\/wp\/v2\/users\/1"}],"replies":[{"embeddable":true,"href":"https:\/\/radiorevelacionfm.cl\/index.php?rest_route=%2Fwp%2Fv2%2Fcomments&post=32997"}],"version-history":[{"count":1,"href":"https:\/\/radiorevelacionfm.cl\/index.php?rest_route=\/wp\/v2\/posts\/32997\/revisions"}],"predecessor-version":[{"id":32999,"href":"https:\/\/radiorevelacionfm.cl\/index.php?rest_route=\/wp\/v2\/posts\/32997\/revisions\/32999"}],"wp:featuredmedia":[{"embeddable":true,"href":"https:\/\/radiorevelacionfm.cl\/index.php?rest_route=\/wp\/v2\/media\/32998"}],"wp:attachment":[{"href":"https:\/\/radiorevelacionfm.cl\/index.php?rest_route=%2Fwp%2Fv2%2Fmedia&parent=32997"}],"wp:term":[{"taxonomy":"category","embeddable":true,"href":"https:\/\/radiorevelacionfm.cl\/index.php?rest_route=%2Fwp%2Fv2%2Fcategories&post=32997"},{"taxonomy":"post_tag","embeddable":true,"href":"https:\/\/radiorevelacionfm.cl\/index.php?rest_route=%2Fwp%2Fv2%2Ftags&post=32997"}],"curies":[{"name":"wp","href":"https:\/\/api.w.org\/{rel}","templated":true}]}}