{"id":32994,"date":"2023-07-17T14:11:13","date_gmt":"2023-07-17T17:11:13","guid":{"rendered":"https:\/\/radiorevelacionfm.cl\/?p=32994"},"modified":"2023-07-17T14:11:13","modified_gmt":"2023-07-17T17:11:13","slug":"cochrane-tendra-representacion-en-la-undecima-version-de-patagonian-international-marathon","status":"publish","type":"post","link":"https:\/\/radiorevelacionfm.cl\/?p=32994","title":{"rendered":"Cochrane tendr\u00e1 representaci\u00f3n en la und\u00e9cima versi\u00f3n de Patagonian International Marathon"},"content":{"rendered":"<div class=\"flex_column av_one_full  flex_column_div av-zero-column-padding first  avia-builder-el-0  el_before_av_one_full  avia-builder-el-first  \" style='border-radius:0px; '><div  class='avia-image-container  av-styling-    avia-builder-el-1  avia-builder-el-no-sibling  avia-align-center '  itemprop=\"image\" itemscope=\"itemscope\" itemtype=\"https:\/\/schema.org\/ImageObject\"  ><div class='avia-image-container-inner'><div class='avia-image-overlay-wrap'><img decoding=\"async\" class='wp-image-32995 avia-img-lazy-loading-not-32995 avia_image' src=\"https:\/\/radiorevelacionfm.cl\/wp-content\/uploads\/2023\/07\/pim-cms-0201-1_optimized.jpg\" alt='' title='pim-cms-0201-(1)_optimized' height=\"600\" width=\"900\"  itemprop=\"thumbnailUrl\" srcset=\"https:\/\/radiorevelacionfm.cl\/wp-content\/uploads\/2023\/07\/pim-cms-0201-1_optimized.jpg 900w, https:\/\/radiorevelacionfm.cl\/wp-content\/uploads\/2023\/07\/pim-cms-0201-1_optimized-300x200.jpg 300w, https:\/\/radiorevelacionfm.cl\/wp-content\/uploads\/2023\/07\/pim-cms-0201-1_optimized-768x512.jpg 768w, https:\/\/radiorevelacionfm.cl\/wp-content\/uploads\/2023\/07\/pim-cms-0201-1_optimized-705x470.jpg 705w, https:\/\/radiorevelacionfm.cl\/wp-content\/uploads\/2023\/07\/pim-cms-0201-1_optimized-450x300.jpg 450w, https:\/\/radiorevelacionfm.cl\/wp-content\/uploads\/2023\/07\/pim-cms-0201-1_optimized-600x400.jpg 600w\" sizes=\"(max-width: 900px) 100vw, 900px\" \/><\/div><\/div><\/div><\/div><div class=\"flex_column av_one_full  flex_column_div av-zero-column-padding first  avia-builder-el-2  el_after_av_one_full  el_before_av_one_full  column-top-margin\" style='border-radius:0px; '><section class=\"av_textblock_section \"  itemscope=\"itemscope\" itemtype=\"https:\/\/schema.org\/BlogPosting\" itemprop=\"blogPost\" ><div class='avia_textblock  '   itemprop=\"text\" ><p style=\"text-align: center;\"><strong><span style=\"font-size: 18pt;\">Cochrane tendr\u00e1 representaci\u00f3n en la und\u00e9cima versi\u00f3n de Patagonian International Marathon<\/span><\/strong><\/p>\n<div id=\"gtx-trans\" style=\"position: absolute; left: -50px; top: 4.31534px;\">\n<div class=\"gtx-trans-icon\"><\/div>\n<\/div>\n<\/div><\/section><\/div><div class=\"flex_column av_one_full  flex_column_div av-zero-column-padding first  avia-builder-el-4  el_after_av_one_full  el_before_av_hr  column-top-margin\" style='border-radius:0px; '><section class=\"av_textblock_section \"  itemscope=\"itemscope\" itemtype=\"https:\/\/schema.org\/BlogPosting\" itemprop=\"blogPost\" ><div class='avia_textblock  '   itemprop=\"text\" ><p style=\"text-align: justify;\"><span style=\"font-weight: 400;\">La und\u00e9cima edici\u00f3n de Patagonian International Marathon recibir\u00e1 a corredores, aficionados y viajeros de muchos lugares del mundo. El evento, que se realizar\u00e1 el 9 de septiembre en el Parque Nacional Torres del Paine, confirm\u00f3 la participaci\u00f3n de competidores de 40 pa\u00edses y m\u00e1s de 50 ciudades de Chile. La Regi\u00f3n de Ays\u00e9n tendr\u00e1 su propio representante: Sergio Urrejola.<\/span><\/p>\n<p style=\"text-align: justify;\"><span style=\"font-weight: 400;\">Con 40 a\u00f1os, el motivado deportista viajar\u00e1 desde Cochrane a Puerto Natales para cumplir un sue\u00f1o: \u201cHe tenido planes de ir a Patagonian International Marathon desde el 2013. En ese momento estaba viviendo en Magallanes y aunque fue mi actual esposa, yo no logr\u00e9 asistir por motivos personales. Despu\u00e9s de unos cuantos a\u00f1os, voy a ir y quiero disfrutar mucho\u201d, se\u00f1al\u00f3.<\/span><\/p>\n<p style=\"text-align: justify;\"><span style=\"font-weight: 400;\">Urrejola se inici\u00f3 en el deporte cerca del 2000: \u201cEstaba comenzando a practicar la escalada en roca y una gran persona que me ayudaba dijo \u2018Sergio, deber\u00edas ir a una carrera junto a nuestra familia, eso te ayudar\u00e1 a estar m\u00e1s liviano para escalar y tambi\u00e9n te gustar\u00e1 porque es en los cerros. Desde ese d\u00eda, mis pies no han parado de avanzar\u201d, explic\u00f3 el vecino de Ays\u00e9n.\u00a0<\/span><\/p>\n<p style=\"text-align: justify;\"><span style=\"font-weight: 400;\">\u201cPara m\u00ed, es prioridad tener como tel\u00f3n de fondo a la naturaleza y su belleza. Eso me ayuda a disfrutar y a dejar que mi mente y esp\u00edritu vuelvan a su esencia\u201d, agreg\u00f3 Urrejola. Por esa raz\u00f3n, se inscribi\u00f3 en los 42K de Patagonian International Marathon, carrera que ha sido incluida por los medios internacionales entre las mejores rutas del mundo para correr, gracias a las impresionantes panor\u00e1micas hacia las principales monta\u00f1as de la zona: Cerro Paine Grande, Cuernos del Paine, Monte Almirante Nieto y Torres del Paine.<\/span><\/p>\n<p style=\"text-align: justify;\"><strong>La preparaci\u00f3n de Urrejola<\/strong><\/p>\n<p style=\"text-align: justify;\"><span style=\"font-weight: 400;\">El trabajo de Sergio para competir en Patagonian International Marathon ha sido diverso. As\u00ed lo explica \u00e9l mismo: \u201cPractico varios deportes e incluyo un plan b\u00e1sico, pero espec\u00edfico para marat\u00f3n, que se central en la preparaci\u00f3n gradual para completar la distancia en buenas condiciones. Mis entrenamientos ocurren en la naturaleza y generalmente salgo cuatro o cinco d\u00edas a la semana. Tambi\u00e9n trabajo con yoga, bicicleta y en una huerta donde obtenemos verduras y hortalizas org\u00e1nicas para reponer energ\u00edas. Adem\u00e1s, cuando sacamos a pasear a las mascotas, aprovechamos de hacer ejercicios de recuperaci\u00f3n. Todo eso es parte de la rutina\u201d.<\/span><\/p>\n<p style=\"text-align: justify;\"><span style=\"font-weight: 400;\">La carrera tambi\u00e9n tiene distancias de 21K y 10K. El proceso de inscripci\u00f3n se realiza en <\/span><a href=\"http:\/\/www.patagonianinternationalmarathon.com\"><span style=\"font-weight: 400;\">www.patagonianinternationalmarathon.com<\/span><\/a><span style=\"font-weight: 400;\">, donde se pueden conocer m\u00e1s detalles de la ruta y se pueden disfrutar miles de fotograf\u00edas de archivo.\u00a0<\/span><\/p>\n<p style=\"text-align: justify;\"><span style=\"font-weight: 400;\">Urrejola invita a participar a los deportistas de la zona: \u201cMe encantar\u00eda que mucha gente de la regi\u00f3n se sume a Patagonian International Marathon porque los paisajes son hermosos y hacemos que los lugares alejados del pa\u00eds unan a la gente a trav\u00e9s de estas actividades sanas y que crean conciencia acerca de la protecci\u00f3n y el cuidado de la naturaleza, siendo conscientes de la interacci\u00f3n que tiene el ser humano con la tierra\u201d. Los cupos son limitados.<\/span><\/p>\n<p style=\"text-align: justify;\"><i><span style=\"font-weight: 400;\">Inscripciones disponibles en el sitio web:\u00a0<\/span><\/i><a href=\"http:\/\/www.patagonianinternationalmarathon.com\/\"><i><span style=\"font-weight: 400;\">www.patagonianinternationalmarathon.com<\/span><\/i><i><span style=\"font-weight: 400;\"><br \/>\n<\/span><\/i><\/a><i><span style=\"font-weight: 400;\">WhatsApp: <\/span><\/i><a href=\"https:\/\/api.whatsapp.com\/send?phone=56612613891\"><i><span style=\"font-weight: 400;\">+56 61 2613891<\/span><\/i><i><span style=\"font-weight: 400;\"><br \/>\n<\/span><\/i><\/a><i><span style=\"font-weight: 400;\">Instagram: <\/span><\/i><a href=\"https:\/\/www.instagram.com\/patagonianmarathon\/\"><i><span style=\"font-weight: 400;\">@patagonianmarathon<\/span><\/i><\/a><\/p>\n<\/div><\/section><\/div><div  style='height:50px' class='hr hr-invisible   avia-builder-el-6  el_after_av_one_full  el_before_av_social_share '><span class='hr-inner ' ><span class='hr-inner-style'><\/span><\/span><\/div><\/p>\n<div  class='av-social-sharing-box  avia-builder-el-7  el_after_av_hr  el_before_av_hr  '><div class='av-share-box'><h5 class='av-share-link-description av-no-toc '>Compartir esta noticia<\/h5><ul class='av-share-box-list noLightbox'><li class='av-share-link av-social-link-facebook' ><a target=\"_blank\" aria-label=\"Compartir en Facebook\" href='https:\/\/www.facebook.com\/sharer.php?u=https:\/\/radiorevelacionfm.cl\/?p=32994&#038;t=Cochrane%20tendr%C3%A1%20representaci%C3%B3n%20en%20la%20und%C3%A9cima%20versi%C3%B3n%20de%20Patagonian%20International%20Marathon' aria-hidden='false' data-av_icon='\ue8f3' data-av_iconfont='entypo-fontello' title='' data-avia-related-tooltip='Compartir en Facebook' rel=\"noopener\"><span class='avia_hidden_link_text'>Compartir en Facebook<\/span><\/a><\/li><li class='av-share-link av-social-link-twitter' ><a target=\"_blank\" aria-label=\"Compartir en Twitter\" href='https:\/\/twitter.com\/share?text=Cochrane%20tendr%C3%A1%20representaci%C3%B3n%20en%20la%20und%C3%A9cima%20versi%C3%B3n%20de%20Patagonian%20International%20Marathon&#038;url=https:\/\/radiorevelacionfm.cl\/?p=32994' aria-hidden='false' data-av_icon='\ue8f1' data-av_iconfont='entypo-fontello' title='' data-avia-related-tooltip='Compartir en Twitter' rel=\"noopener\"><span class='avia_hidden_link_text'>Compartir en Twitter<\/span><\/a><\/li><li class='av-share-link av-social-link-whatsapp' ><a target=\"_blank\" aria-label=\"Compartir en Whatsapp\" href='https:\/\/api.whatsapp.com\/send?text=https:\/\/radiorevelacionfm.cl\/?p=32994' aria-hidden='false' data-av_icon='\uf232' data-av_iconfont='entypo-fontello' title='' data-avia-related-tooltip='Compartir en Whatsapp' rel=\"noopener\"><span class='avia_hidden_link_text'>Compartir en Whatsapp<\/span><\/a><\/li><li class='av-share-link av-social-link-linkedin' ><a target=\"_blank\" aria-label=\"Compartir en LinkedIn\" href='https:\/\/linkedin.com\/shareArticle?mini=true&#038;title=Cochrane%20tendr%C3%A1%20representaci%C3%B3n%20en%20la%20und%C3%A9cima%20versi%C3%B3n%20de%20Patagonian%20International%20Marathon&#038;url=https:\/\/radiorevelacionfm.cl\/?p=32994' aria-hidden='false' data-av_icon='\ue8fc' data-av_iconfont='entypo-fontello' title='' data-avia-related-tooltip='Compartir en LinkedIn' rel=\"noopener\"><span class='avia_hidden_link_text'>Compartir en LinkedIn<\/span><\/a><\/li><li class='av-share-link av-social-link-mail' ><a  aria-label=\"Compartir por correo\" href='mailto:?subject=Cochrane%20tendr%C3%A1%20representaci%C3%B3n%20en%20la%20und%C3%A9cima%20versi%C3%B3n%20de%20Patagonian%20International%20Marathon&#038;body=https:\/\/radiorevelacionfm.cl\/?p=32994' aria-hidden='false' data-av_icon='\ue805' data-av_iconfont='entypo-fontello' title='' data-avia-related-tooltip='Compartir por correo'><span class='avia_hidden_link_text'>Compartir por correo<\/span><\/a><\/li><\/ul><\/div><\/div>\n<div  style='height:50px' class='hr hr-invisible   avia-builder-el-8  el_after_av_social_share  el_before_av_comments_list '><span class='hr-inner ' ><span class='hr-inner-style'><\/span><\/span><\/div>\n<div  class='av-buildercomment  av-blog-meta-html-info-disabled av-blog-meta-tag-disabled  '><\/div>\n","protected":false},"excerpt":{"rendered":"","protected":false},"author":1,"featured_media":32995,"comment_status":"open","ping_status":"open","sticky":false,"template":"","format":"standard","meta":{"footnotes":""},"categories":[40],"tags":[],"class_list":["post-32994","post","type-post","status-publish","format-standard","has-post-thumbnail","hentry","category-deportes"],"jetpack_featured_media_url":"https:\/\/radiorevelacionfm.cl\/wp-content\/uploads\/2023\/07\/pim-cms-0201-1_optimized.jpg","_links":{"self":[{"href":"https:\/\/radiorevelacionfm.cl\/index.php?rest_route=\/wp\/v2\/posts\/32994","targetHints":{"allow":["GET"]}}],"collection":[{"href":"https:\/\/radiorevelacionfm.cl\/index.php?rest_route=\/wp\/v2\/posts"}],"about":[{"href":"https:\/\/radiorevelacionfm.cl\/index.php?rest_route=\/wp\/v2\/types\/post"}],"author":[{"embeddable":true,"href":"https:\/\/radiorevelacionfm.cl\/index.php?rest_route=\/wp\/v2\/users\/1"}],"replies":[{"embeddable":true,"href":"https:\/\/radiorevelacionfm.cl\/index.php?rest_route=%2Fwp%2Fv2%2Fcomments&post=32994"}],"version-history":[{"count":1,"href":"https:\/\/radiorevelacionfm.cl\/index.php?rest_route=\/wp\/v2\/posts\/32994\/revisions"}],"predecessor-version":[{"id":32996,"href":"https:\/\/radiorevelacionfm.cl\/index.php?rest_route=\/wp\/v2\/posts\/32994\/revisions\/32996"}],"wp:featuredmedia":[{"embeddable":true,"href":"https:\/\/radiorevelacionfm.cl\/index.php?rest_route=\/wp\/v2\/media\/32995"}],"wp:attachment":[{"href":"https:\/\/radiorevelacionfm.cl\/index.php?rest_route=%2Fwp%2Fv2%2Fmedia&parent=32994"}],"wp:term":[{"taxonomy":"category","embeddable":true,"href":"https:\/\/radiorevelacionfm.cl\/index.php?rest_route=%2Fwp%2Fv2%2Fcategories&post=32994"},{"taxonomy":"post_tag","embeddable":true,"href":"https:\/\/radiorevelacionfm.cl\/index.php?rest_route=%2Fwp%2Fv2%2Ftags&post=32994"}],"curies":[{"name":"wp","href":"https:\/\/api.w.org\/{rel}","templated":true}]}}