{"id":32991,"date":"2023-07-17T12:25:25","date_gmt":"2023-07-17T15:25:25","guid":{"rendered":"https:\/\/radiorevelacionfm.cl\/?p=32991"},"modified":"2023-07-17T12:25:25","modified_gmt":"2023-07-17T15:25:25","slug":"pymes-en-linea-ofrece-1-200-becas-para-impulsar-las-ventas-digitales-de-emprendedores-as-en-todo-chile","status":"publish","type":"post","link":"https:\/\/radiorevelacionfm.cl\/?p=32991","title":{"rendered":"\u00abPymes en L\u00ednea\u00bb ofrece 1.200 becas para impulsar las ventas digitales de emprendedores\/as en todo Chile"},"content":{"rendered":"<div class=\"flex_column av_one_full  flex_column_div av-zero-column-padding first  avia-builder-el-0  el_before_av_one_full  avia-builder-el-first  \" style='border-radius:0px; '><div  class='avia-image-container  av-styling-    avia-builder-el-1  avia-builder-el-no-sibling  avia-align-center '  itemprop=\"image\" itemscope=\"itemscope\" itemtype=\"https:\/\/schema.org\/ImageObject\"  ><div class='avia-image-container-inner'><div class='avia-image-overlay-wrap'><img decoding=\"async\" class='wp-image-32992 avia-img-lazy-loading-not-32992 avia_image' src=\"https:\/\/radiorevelacionfm.cl\/wp-content\/uploads\/2023\/07\/230713-pymes-en-linea-01-1500x900-3000x1800-1-1.jpg\" alt='' title='230713 pymes en linea 01-1500x900-3000x1800 (1) (1)' height=\"600\" width=\"1000\"  itemprop=\"thumbnailUrl\" srcset=\"https:\/\/radiorevelacionfm.cl\/wp-content\/uploads\/2023\/07\/230713-pymes-en-linea-01-1500x900-3000x1800-1-1.jpg 1000w, https:\/\/radiorevelacionfm.cl\/wp-content\/uploads\/2023\/07\/230713-pymes-en-linea-01-1500x900-3000x1800-1-1-300x180.jpg 300w, https:\/\/radiorevelacionfm.cl\/wp-content\/uploads\/2023\/07\/230713-pymes-en-linea-01-1500x900-3000x1800-1-1-768x461.jpg 768w, https:\/\/radiorevelacionfm.cl\/wp-content\/uploads\/2023\/07\/230713-pymes-en-linea-01-1500x900-3000x1800-1-1-705x423.jpg 705w, https:\/\/radiorevelacionfm.cl\/wp-content\/uploads\/2023\/07\/230713-pymes-en-linea-01-1500x900-3000x1800-1-1-450x270.jpg 450w, https:\/\/radiorevelacionfm.cl\/wp-content\/uploads\/2023\/07\/230713-pymes-en-linea-01-1500x900-3000x1800-1-1-600x360.jpg 600w\" sizes=\"(max-width: 1000px) 100vw, 1000px\" \/><\/div><\/div><\/div><\/div><div class=\"flex_column av_one_full  flex_column_div av-zero-column-padding first  avia-builder-el-2  el_after_av_one_full  el_before_av_one_full  column-top-margin\" style='border-radius:0px; '><section class=\"av_textblock_section \"  itemscope=\"itemscope\" itemtype=\"https:\/\/schema.org\/BlogPosting\" itemprop=\"blogPost\" ><div class='avia_textblock  '   itemprop=\"text\" ><p style=\"text-align: center;\"><span style=\"font-size: 18pt;\"><b><span lang=\"ES\">\u00abPymes en L\u00ednea\u00bb ofrece 1.200 becas para impulsar las ventas digitales de emprendedores\/as en todo Chile<\/span><\/b><\/span><\/p>\n<div id=\"gtx-trans\" style=\"position: absolute; left: -50px; top: 4.31534px;\">\n<div class=\"gtx-trans-icon\"><\/div>\n<\/div>\n<\/div><\/section><\/div><div class=\"flex_column av_one_full  flex_column_div av-zero-column-padding first  avia-builder-el-4  el_after_av_one_full  el_before_av_hr  column-top-margin\" style='border-radius:0px; '><section class=\"av_textblock_section \"  itemscope=\"itemscope\" itemtype=\"https:\/\/schema.org\/BlogPosting\" itemprop=\"blogPost\" ><div class='avia_textblock  '   itemprop=\"text\" ><p style=\"text-align: justify;\">Con el objetivo de dotar a quienes emprenden en todo el pa\u00eds, de conocimientos y herramientas necesarias para la digitalizaci\u00f3n de una manera \u00e1gil y efectiva, la plataforma chilena de capacitaci\u00f3n \u201cPymes en L\u00ednea\u201d lanz\u00f3 mil 200 cupos gratuitos para que peque\u00f1as y medianas empresas puedan desarrollar las competencias digitales necesarias para potenciar su negocio a trav\u00e9s de la web, y as\u00ed sumarse a la era del comercio digital.<\/p>\n<p style=\"text-align: justify;\">La iniciativa, impulsada por Corfo y Chiletec como Agente Operador, iniciar\u00e1 sus postulaciones entre el 11 y el 27 de julio para las 1.200 becas que permitir\u00e1n realizar uno de los 6 talleres en vivo online, de 12 horas, que permitir\u00e1n a las Pymes y emprendedores\/as de nuestro pa\u00eds, tener la oportunidad \u00fanica de aprender y desarrollar habilidades de manera gratuita en herramientas de automatizaci\u00f3n, inteligencia artificial, posicionamiento web, marketing digital y design thinking.<\/p>\n<p style=\"text-align: justify;\">Humberto Mar\u00edn, director de Corfo Ays\u00e9n, invit\u00f3 a las pymes de la regi\u00f3n a postularse y ponerse a la vanguardia de la digitalizaci\u00f3n. \u201cEs importante que las pymes se digitalicen porque, entre otras cosas, les permite llegar a un p\u00fablico m\u00e1s amplio y diverso a trav\u00e9s de internet, lo que puede aumentar sus oportunidades de venta y crecimiento, as\u00ed como optimizar sus procesos internos, mejorar la eficiencia y reducir costos operativos. La digitalizaci\u00f3n nivel\u00f3 el campo de juego para las peque\u00f1as empresas, permiti\u00e9ndoles competir con las grandes corporaciones. Ahora tienen acceso a herramientas y plataformas tecnol\u00f3gicas que antes solo estaban disponibles para las grandes empresas\u201d.<\/p>\n<p style=\"text-align: justify;\">Agreg\u00f3 que \u201cincorporar herramientas digitales les ayuda a mejorar su imagen de marca, ofrecer una experiencia de compra conveniente y adaptarse r\u00e1pidamente a las demandas del mercado. Adem\u00e1s, la digitalizaci\u00f3n les permite recopilar y analizar datos sobre sus clientes y operaciones, lo que les ayuda a tomar decisiones informadas y personalizar sus productos o servicios seg\u00fan las necesidades y preferencias de sus clientes. En resumen, la digitalizaci\u00f3n es importante para las pymes porque les permite expandir su alcance, mejorar su eficiencia, competir en el mercado y adaptarse a las demandas cambiantes de los clientes\u201d.<\/p>\n<p style=\"text-align: justify;\">Cada uno de los 6 talleres que impartir\u00e1 \u201cPymes en L\u00ednea\u201d, tendr\u00e1n una duraci\u00f3n de 12 horas en formato 100% online y gratuito para quienes formen parte de su comunidad. Existen 1.200 becas para estos talleres que tendr\u00e1n un formato pr\u00e1ctico que abordar\u00e1 actividades y ejercicios de aplicaci\u00f3n.<\/p>\n<p style=\"text-align: justify;\"><strong>PR\u00d3XIMOS CURSOS<\/strong><\/p>\n<p style=\"text-align: justify;\">A trav\u00e9s de esta nueva convocatoria de \u201cPymes en L\u00ednea\u201d, los\/as emprendedores\/as podr\u00e1n acceder a los siguientes cursos de capacitaci\u00f3n que ser\u00e1n ejecutados por la academia de talentos digitales Desaf\u00edo Latam: \u201cDescubre como aplicar Design Thinking en tu negocio\u201d, \u201cCrea una landing page e impulsa la presencia online de tu negocio\u201d, \u201cMejora tu posicionamiento web con SEO\u201d, \u201cCrea publicidad en Facebook e Instagram para atraer clientes\u201d, \u201cConoce las herramientas de IA perfectas para tu negocio\u201d y \u201cHerramientas de automatizaci\u00f3n para potenciar tus ventas online\u201d.<\/p>\n<p style=\"text-align: justify;\">Para acceder a las becas ser\u00e1 requisito estar registrado en\u00a0<a href=\"http:\/\/www.pymesenlinea.cl\/\" data-saferedirecturl=\"https:\/\/www.google.com\/url?q=http:\/\/www.pymesenlinea.cl&amp;source=gmail&amp;ust=1689687742636000&amp;usg=AOvVaw0nPF9pRA4POpVGafrtB1qj\">www.pymesenlinea.cl<\/a>\u00a0y haber terminado al menos un curso de la plataforma (<a href=\"https:\/\/pymesenlinea.cl\/curso\/\" data-saferedirecturl=\"https:\/\/www.google.com\/url?q=https:\/\/pymesenlinea.cl\/curso\/&amp;source=gmail&amp;ust=1689687742636000&amp;usg=AOvVaw1fRaKd4vaRYXOUQg53xrKU\">https:\/\/pymesenlinea.cl\/curso\/<\/a>\u00a0). En caso de no contar con una cuenta, se podr\u00e1n registrar y participar de la convocatoria. Para registrarse solo se debe ingresar a\u00a0<a href=\"http:\/\/www.pymesenlinea.cl\/\" data-saferedirecturl=\"https:\/\/www.google.com\/url?q=http:\/\/www.pymesenlinea.cl&amp;source=gmail&amp;ust=1689687742636000&amp;usg=AOvVaw0nPF9pRA4POpVGafrtB1qj\">www.pymesenlinea.cl<\/a>\u00a0y acceder con su Clave \u00danica o Usuario de Corfo.<\/p>\n<p style=\"text-align: justify;\">Finalmente, se reconocer\u00e1 la importancia de liderar un emprendimiento, por lo cual los\/as due\u00f1as\/os, socias\/os y accionistas tendr\u00e1n m\u00e1s oportunidades de obtener una beca.<\/p>\n<p style=\"text-align: justify;\">Para postular directamente y obtener m\u00e1s informaci\u00f3n deben ingresar a la p\u00e1gina\u00a0<a href=\"http:\/\/www.pymesenlinea.cl\/\" data-saferedirecturl=\"https:\/\/www.google.com\/url?q=http:\/\/www.pymesenlinea.cl&amp;source=gmail&amp;ust=1689687742636000&amp;usg=AOvVaw0nPF9pRA4POpVGafrtB1qj\">www.pymesenlinea.cl<\/a>\u00a0o hacerlo directamente al siguiente link\u00a0<a href=\"https:\/\/pymesenlinea.cl\/talleres2023\/\" data-saferedirecturl=\"https:\/\/www.google.com\/url?q=https:\/\/pymesenlinea.cl\/talleres2023\/&amp;source=gmail&amp;ust=1689687742636000&amp;usg=AOvVaw3a3GiSUEI9jsj-ulLuujP2\">https:\/\/pymesenlinea.cl\/talleres2023\/<\/a><\/p>\n<\/div><\/section><\/div><div  style='height:50px' class='hr hr-invisible   avia-builder-el-6  el_after_av_one_full  el_before_av_social_share '><span class='hr-inner ' ><span class='hr-inner-style'><\/span><\/span><\/div><\/p>\n<div  class='av-social-sharing-box  avia-builder-el-7  el_after_av_hr  el_before_av_hr  '><div class='av-share-box'><h5 class='av-share-link-description av-no-toc '>Compartir esta noticia<\/h5><ul class='av-share-box-list noLightbox'><li class='av-share-link av-social-link-facebook' ><a target=\"_blank\" aria-label=\"Compartir en Facebook\" href='https:\/\/www.facebook.com\/sharer.php?u=https:\/\/radiorevelacionfm.cl\/?p=32991&#038;t=%C2%ABPymes%20en%20L%C3%ADnea%C2%BB%20ofrece%201.200%20becas%20para%20impulsar%20las%20ventas%20digitales%20de%20emprendedores%2Fas%20en%20todo%20Chile' aria-hidden='false' data-av_icon='\ue8f3' data-av_iconfont='entypo-fontello' title='' data-avia-related-tooltip='Compartir en Facebook' rel=\"noopener\"><span class='avia_hidden_link_text'>Compartir en Facebook<\/span><\/a><\/li><li class='av-share-link av-social-link-twitter' ><a target=\"_blank\" aria-label=\"Compartir en Twitter\" href='https:\/\/twitter.com\/share?text=%C2%ABPymes%20en%20L%C3%ADnea%C2%BB%20ofrece%201.200%20becas%20para%20impulsar%20las%20ventas%20digitales%20de%20emprendedores%2Fas%20en%20todo%20Chile&#038;url=https:\/\/radiorevelacionfm.cl\/?p=32991' aria-hidden='false' data-av_icon='\ue8f1' data-av_iconfont='entypo-fontello' title='' data-avia-related-tooltip='Compartir en Twitter' rel=\"noopener\"><span class='avia_hidden_link_text'>Compartir en Twitter<\/span><\/a><\/li><li class='av-share-link av-social-link-whatsapp' ><a target=\"_blank\" aria-label=\"Compartir en Whatsapp\" href='https:\/\/api.whatsapp.com\/send?text=https:\/\/radiorevelacionfm.cl\/?p=32991' aria-hidden='false' data-av_icon='\uf232' data-av_iconfont='entypo-fontello' title='' data-avia-related-tooltip='Compartir en Whatsapp' rel=\"noopener\"><span class='avia_hidden_link_text'>Compartir en Whatsapp<\/span><\/a><\/li><li class='av-share-link av-social-link-linkedin' ><a target=\"_blank\" aria-label=\"Compartir en LinkedIn\" href='https:\/\/linkedin.com\/shareArticle?mini=true&#038;title=%C2%ABPymes%20en%20L%C3%ADnea%C2%BB%20ofrece%201.200%20becas%20para%20impulsar%20las%20ventas%20digitales%20de%20emprendedores%2Fas%20en%20todo%20Chile&#038;url=https:\/\/radiorevelacionfm.cl\/?p=32991' aria-hidden='false' data-av_icon='\ue8fc' data-av_iconfont='entypo-fontello' title='' data-avia-related-tooltip='Compartir en LinkedIn' rel=\"noopener\"><span class='avia_hidden_link_text'>Compartir en LinkedIn<\/span><\/a><\/li><li class='av-share-link av-social-link-mail' ><a  aria-label=\"Compartir por correo\" href='mailto:?subject=%C2%ABPymes%20en%20L%C3%ADnea%C2%BB%20ofrece%201.200%20becas%20para%20impulsar%20las%20ventas%20digitales%20de%20emprendedores%2Fas%20en%20todo%20Chile&#038;body=https:\/\/radiorevelacionfm.cl\/?p=32991' aria-hidden='false' data-av_icon='\ue805' data-av_iconfont='entypo-fontello' title='' data-avia-related-tooltip='Compartir por correo'><span class='avia_hidden_link_text'>Compartir por correo<\/span><\/a><\/li><\/ul><\/div><\/div>\n<div  style='height:50px' class='hr hr-invisible   avia-builder-el-8  el_after_av_social_share  el_before_av_comments_list '><span class='hr-inner ' ><span class='hr-inner-style'><\/span><\/span><\/div>\n<div  class='av-buildercomment  av-blog-meta-html-info-disabled av-blog-meta-tag-disabled  '><\/div>\n","protected":false},"excerpt":{"rendered":"","protected":false},"author":1,"featured_media":32992,"comment_status":"open","ping_status":"open","sticky":false,"template":"","format":"standard","meta":{"footnotes":""},"categories":[61],"tags":[],"class_list":["post-32991","post","type-post","status-publish","format-standard","has-post-thumbnail","hentry","category-nacional"],"jetpack_featured_media_url":"https:\/\/radiorevelacionfm.cl\/wp-content\/uploads\/2023\/07\/230713-pymes-en-linea-01-1500x900-3000x1800-1-1.jpg","_links":{"self":[{"href":"https:\/\/radiorevelacionfm.cl\/index.php?rest_route=\/wp\/v2\/posts\/32991","targetHints":{"allow":["GET"]}}],"collection":[{"href":"https:\/\/radiorevelacionfm.cl\/index.php?rest_route=\/wp\/v2\/posts"}],"about":[{"href":"https:\/\/radiorevelacionfm.cl\/index.php?rest_route=\/wp\/v2\/types\/post"}],"author":[{"embeddable":true,"href":"https:\/\/radiorevelacionfm.cl\/index.php?rest_route=\/wp\/v2\/users\/1"}],"replies":[{"embeddable":true,"href":"https:\/\/radiorevelacionfm.cl\/index.php?rest_route=%2Fwp%2Fv2%2Fcomments&post=32991"}],"version-history":[{"count":1,"href":"https:\/\/radiorevelacionfm.cl\/index.php?rest_route=\/wp\/v2\/posts\/32991\/revisions"}],"predecessor-version":[{"id":32993,"href":"https:\/\/radiorevelacionfm.cl\/index.php?rest_route=\/wp\/v2\/posts\/32991\/revisions\/32993"}],"wp:featuredmedia":[{"embeddable":true,"href":"https:\/\/radiorevelacionfm.cl\/index.php?rest_route=\/wp\/v2\/media\/32992"}],"wp:attachment":[{"href":"https:\/\/radiorevelacionfm.cl\/index.php?rest_route=%2Fwp%2Fv2%2Fmedia&parent=32991"}],"wp:term":[{"taxonomy":"category","embeddable":true,"href":"https:\/\/radiorevelacionfm.cl\/index.php?rest_route=%2Fwp%2Fv2%2Fcategories&post=32991"},{"taxonomy":"post_tag","embeddable":true,"href":"https:\/\/radiorevelacionfm.cl\/index.php?rest_route=%2Fwp%2Fv2%2Ftags&post=32991"}],"curies":[{"name":"wp","href":"https:\/\/api.w.org\/{rel}","templated":true}]}}