{"id":32988,"date":"2023-07-17T11:27:07","date_gmt":"2023-07-17T14:27:07","guid":{"rendered":"https:\/\/radiorevelacionfm.cl\/?p=32988"},"modified":"2023-07-17T11:27:07","modified_gmt":"2023-07-17T14:27:07","slug":"en-aysen-mas-de-700-personas-han-recibo-sus-vacunas-contra-la-influenza-en-la-tranquilidad-de-su-hogar","status":"publish","type":"post","link":"https:\/\/radiorevelacionfm.cl\/?p=32988","title":{"rendered":"En Ays\u00e9n m\u00e1s de 700 personas han recibo sus vacunas contra la Influenza en la tranquilidad de su hogar"},"content":{"rendered":"<div class=\"flex_column av_one_full  flex_column_div av-zero-column-padding first  avia-builder-el-0  el_before_av_one_full  avia-builder-el-first  \" style='border-radius:0px; '><div  class='avia-image-container  av-styling-    avia-builder-el-1  avia-builder-el-no-sibling  avia-align-center '  itemprop=\"image\" itemscope=\"itemscope\" itemtype=\"https:\/\/schema.org\/ImageObject\"  ><div class='avia-image-container-inner'><div class='avia-image-overlay-wrap'><img decoding=\"async\" class='wp-image-32989 avia-img-lazy-loading-not-32989 avia_image' src=\"https:\/\/radiorevelacionfm.cl\/wp-content\/uploads\/2023\/07\/vacunacion-domiciliaria-con-ejercito-1_optimized-1.jpeg\" alt='' title='vacunaci\u00f3n-domiciliaria-con-ej\u00e9rcito-(1)_optimized (1)' height=\"600\" width=\"901\"  itemprop=\"thumbnailUrl\" srcset=\"https:\/\/radiorevelacionfm.cl\/wp-content\/uploads\/2023\/07\/vacunacion-domiciliaria-con-ejercito-1_optimized-1.jpeg 901w, https:\/\/radiorevelacionfm.cl\/wp-content\/uploads\/2023\/07\/vacunacion-domiciliaria-con-ejercito-1_optimized-1-300x200.jpeg 300w, https:\/\/radiorevelacionfm.cl\/wp-content\/uploads\/2023\/07\/vacunacion-domiciliaria-con-ejercito-1_optimized-1-768x511.jpeg 768w, https:\/\/radiorevelacionfm.cl\/wp-content\/uploads\/2023\/07\/vacunacion-domiciliaria-con-ejercito-1_optimized-1-705x469.jpeg 705w, https:\/\/radiorevelacionfm.cl\/wp-content\/uploads\/2023\/07\/vacunacion-domiciliaria-con-ejercito-1_optimized-1-450x300.jpeg 450w, https:\/\/radiorevelacionfm.cl\/wp-content\/uploads\/2023\/07\/vacunacion-domiciliaria-con-ejercito-1_optimized-1-600x400.jpeg 600w\" sizes=\"(max-width: 901px) 100vw, 901px\" \/><\/div><\/div><\/div><\/div><div class=\"flex_column av_one_full  flex_column_div av-zero-column-padding first  avia-builder-el-2  el_after_av_one_full  el_before_av_one_full  column-top-margin\" style='border-radius:0px; '><section class=\"av_textblock_section \"  itemscope=\"itemscope\" itemtype=\"https:\/\/schema.org\/BlogPosting\" itemprop=\"blogPost\" ><div class='avia_textblock  '   itemprop=\"text\" ><p style=\"text-align: center;\"><span style=\"font-size: 18pt;\"><strong>En Ays\u00e9n m\u00e1s de 700 personas han recibo sus vacunas contra la Influenza en la tranquilidad de su hogar<\/strong><\/span><\/p>\n<div id=\"gtx-trans\" style=\"position: absolute; left: -50px; top: 4.31534px;\">\n<div class=\"gtx-trans-icon\"><\/div>\n<\/div>\n<\/div><\/section><\/div><div class=\"flex_column av_one_full  flex_column_div av-zero-column-padding first  avia-builder-el-4  el_after_av_one_full  el_before_av_hr  column-top-margin\" style='border-radius:0px; '><section class=\"av_textblock_section \"  itemscope=\"itemscope\" itemtype=\"https:\/\/schema.org\/BlogPosting\" itemprop=\"blogPost\" ><div class='avia_textblock  '   itemprop=\"text\" ><p style=\"text-align: justify;\"><em>La iniciativa, habilitada en las ciudades de Coyhaique y Puerto Ays\u00e9n, se coordina por medio de mensajes de texto v\u00eda aplicaci\u00f3n Whatsapp donde el usuario puede coordinar y agendar su vacunaci\u00f3n contra la Influenza en su domicilio.<\/em><\/p>\n<p style=\"text-align: justify;\">Los factores clim\u00e1ticos no han sido un impedimento para el trabajo que han estado realizando los equipos de vacunaci\u00f3n domiciliaria en Ays\u00e9n, particularmente en la comuna de Coyhaique, donde pese a las bajas temperaturas y las precipitaciones de nieve, los equipos de salud \u2013 tanto del Ministerio de Salud como de Ej\u00e9rcito- se han organizado para llegar a m\u00e1s de 700 hogares de la zona rural y urbana de la capital regional para entregar la inmunizaci\u00f3n contra la Influenza.<\/p>\n<p style=\"text-align: justify;\">Es as\u00ed como esta estrategia implementada por la Seremi de Salud Ays\u00e9n, ha permitido abordar directamente a los adultos mayores quienes, por situaciones de salud o condiciones clim\u00e1ticas, enfrentaban dificultades para acceder a los puntos tradicionales de vacunaci\u00f3n. Tal como lo manifest\u00f3 la Encargada Regional del Programa de Inmunizaciones, Sany Ojeda. \u201cGracias a la puesta en funcionamiento de n\u00fameros whatsapp en las ciudades de Coyhaique y Puerto Ays\u00e9n, donde la comunidad nos escribe para coordinar los procesos de vacunaci\u00f3n en sus hogares, hemos estado trabajando coordinadamente, donde hemos concentrado profesionales de salud en sectores rurales y urbanos para dar respuesta a la demanda de nuestro p\u00fablico objetivo, liderado por adultos mayores, embarazadas, adem\u00e1s de nuestros ni\u00f1os y ni\u00f1as, con m\u00e1s de 760 inmunizaciones a la fecha\u201d.<\/p>\n<p style=\"text-align: justify;\">Esta estrategia, que est\u00e1 en ejecuci\u00f3n desde hace cuatro semanas, ha permitido alcanzar usuarios que durante esta \u00e9poca invernal se encuentran en sectores rurales, donde la nieve no ha sido un impedimento para que los equipos de vacunaci\u00f3n lleguen hasta sus hogares. Duplas de vacunaci\u00f3n que se incorporaron al trabajo de Ays\u00e9n, gracias a los aportes que se destinaron desde el Ministerio de Salud.<\/p>\n<p style=\"text-align: justify;\">En este sentido, la Seremi de Salud Ays\u00e9n, Carmen Monsalve G\u00f3mez, reiter\u00f3 el llamado a la comunidad para que utilice el fono whatsapp si se requiere vacunaci\u00f3n domiciliaria. \u201cUno de los desaf\u00edos y tareas m\u00e1s importantes que nos ha encomendado nuestro Presidente Gabriel Boric, ha sido poder desplegarnos como instituciones p\u00fablicas y llegar hasta los lugares m\u00e1s apartados de nuestros territorios y, en ese contexto, la vacunaci\u00f3n cobra una relevancia fundamental por la situaci\u00f3n epidemiol\u00f3gica actual, siendo una de las estrategias que hemos podido desplegar no solamente con funcionarios o colaboradores de la instituci\u00f3n, sino que tambi\u00e9n generando lazos colaborativos con el Ej\u00e9rcito de Chile, quienes han puesto a disposici\u00f3n funcionarios del \u00e1rea sanitaria para poder apoyar estas estrategias hacia los lugares m\u00e1s aislados para permitir que los usuarios que por razones clim\u00e1ticas, edad u otras dificultades de desplazamiento, puedan protegerse en ese per\u00edodo invernal\u201d.<\/p>\n<p style=\"text-align: justify;\">Los fonos Whatsapp con los siguientes: <strong>Coyhaique<\/strong> (+56 9 42 66 33 76) y <strong>Puerto Ays\u00e9n<\/strong> (+56 9 42 66 32 36). Estos tel\u00e9fonos solo responden mensajes de texto, y operan de lunes a viernes de 09:00 a 17:00Hrs.<\/p>\n<\/div><\/section><\/div><div  style='height:50px' class='hr hr-invisible   avia-builder-el-6  el_after_av_one_full  el_before_av_social_share '><span class='hr-inner ' ><span class='hr-inner-style'><\/span><\/span><\/div><\/p>\n<div  class='av-social-sharing-box  avia-builder-el-7  el_after_av_hr  el_before_av_hr  '><div class='av-share-box'><h5 class='av-share-link-description av-no-toc '>Compartir esta noticia<\/h5><ul class='av-share-box-list noLightbox'><li class='av-share-link av-social-link-facebook' ><a target=\"_blank\" aria-label=\"Compartir en Facebook\" href='https:\/\/www.facebook.com\/sharer.php?u=https:\/\/radiorevelacionfm.cl\/?p=32988&#038;t=En%20Ays%C3%A9n%20m%C3%A1s%20de%20700%20personas%20han%20recibo%20sus%20vacunas%20contra%20la%20Influenza%20en%20la%20tranquilidad%20de%20su%20hogar' aria-hidden='false' data-av_icon='\ue8f3' data-av_iconfont='entypo-fontello' title='' data-avia-related-tooltip='Compartir en Facebook' rel=\"noopener\"><span class='avia_hidden_link_text'>Compartir en Facebook<\/span><\/a><\/li><li class='av-share-link av-social-link-twitter' ><a target=\"_blank\" aria-label=\"Compartir en Twitter\" href='https:\/\/twitter.com\/share?text=En%20Ays%C3%A9n%20m%C3%A1s%20de%20700%20personas%20han%20recibo%20sus%20vacunas%20contra%20la%20Influenza%20en%20la%20tranquilidad%20de%20su%20hogar&#038;url=https:\/\/radiorevelacionfm.cl\/?p=32988' aria-hidden='false' data-av_icon='\ue8f1' data-av_iconfont='entypo-fontello' title='' data-avia-related-tooltip='Compartir en Twitter' rel=\"noopener\"><span class='avia_hidden_link_text'>Compartir en Twitter<\/span><\/a><\/li><li class='av-share-link av-social-link-whatsapp' ><a target=\"_blank\" aria-label=\"Compartir en Whatsapp\" href='https:\/\/api.whatsapp.com\/send?text=https:\/\/radiorevelacionfm.cl\/?p=32988' aria-hidden='false' data-av_icon='\uf232' data-av_iconfont='entypo-fontello' title='' data-avia-related-tooltip='Compartir en Whatsapp' rel=\"noopener\"><span class='avia_hidden_link_text'>Compartir en Whatsapp<\/span><\/a><\/li><li class='av-share-link av-social-link-linkedin' ><a target=\"_blank\" aria-label=\"Compartir en LinkedIn\" href='https:\/\/linkedin.com\/shareArticle?mini=true&#038;title=En%20Ays%C3%A9n%20m%C3%A1s%20de%20700%20personas%20han%20recibo%20sus%20vacunas%20contra%20la%20Influenza%20en%20la%20tranquilidad%20de%20su%20hogar&#038;url=https:\/\/radiorevelacionfm.cl\/?p=32988' aria-hidden='false' data-av_icon='\ue8fc' data-av_iconfont='entypo-fontello' title='' data-avia-related-tooltip='Compartir en LinkedIn' rel=\"noopener\"><span class='avia_hidden_link_text'>Compartir en LinkedIn<\/span><\/a><\/li><li class='av-share-link av-social-link-mail' ><a  aria-label=\"Compartir por correo\" href='mailto:?subject=En%20Ays%C3%A9n%20m%C3%A1s%20de%20700%20personas%20han%20recibo%20sus%20vacunas%20contra%20la%20Influenza%20en%20la%20tranquilidad%20de%20su%20hogar&#038;body=https:\/\/radiorevelacionfm.cl\/?p=32988' aria-hidden='false' data-av_icon='\ue805' data-av_iconfont='entypo-fontello' title='' data-avia-related-tooltip='Compartir por correo'><span class='avia_hidden_link_text'>Compartir por correo<\/span><\/a><\/li><\/ul><\/div><\/div>\n<div  style='height:50px' class='hr hr-invisible   avia-builder-el-8  el_after_av_social_share  el_before_av_comments_list '><span class='hr-inner ' ><span class='hr-inner-style'><\/span><\/span><\/div>\n<div  class='av-buildercomment  av-blog-meta-html-info-disabled av-blog-meta-tag-disabled  '><\/div>\n","protected":false},"excerpt":{"rendered":"","protected":false},"author":1,"featured_media":32989,"comment_status":"open","ping_status":"open","sticky":false,"template":"","format":"standard","meta":{"footnotes":""},"categories":[46],"tags":[],"class_list":["post-32988","post","type-post","status-publish","format-standard","has-post-thumbnail","hentry","category-salud"],"jetpack_featured_media_url":"https:\/\/radiorevelacionfm.cl\/wp-content\/uploads\/2023\/07\/vacunacion-domiciliaria-con-ejercito-1_optimized-1.jpeg","_links":{"self":[{"href":"https:\/\/radiorevelacionfm.cl\/index.php?rest_route=\/wp\/v2\/posts\/32988","targetHints":{"allow":["GET"]}}],"collection":[{"href":"https:\/\/radiorevelacionfm.cl\/index.php?rest_route=\/wp\/v2\/posts"}],"about":[{"href":"https:\/\/radiorevelacionfm.cl\/index.php?rest_route=\/wp\/v2\/types\/post"}],"author":[{"embeddable":true,"href":"https:\/\/radiorevelacionfm.cl\/index.php?rest_route=\/wp\/v2\/users\/1"}],"replies":[{"embeddable":true,"href":"https:\/\/radiorevelacionfm.cl\/index.php?rest_route=%2Fwp%2Fv2%2Fcomments&post=32988"}],"version-history":[{"count":1,"href":"https:\/\/radiorevelacionfm.cl\/index.php?rest_route=\/wp\/v2\/posts\/32988\/revisions"}],"predecessor-version":[{"id":32990,"href":"https:\/\/radiorevelacionfm.cl\/index.php?rest_route=\/wp\/v2\/posts\/32988\/revisions\/32990"}],"wp:featuredmedia":[{"embeddable":true,"href":"https:\/\/radiorevelacionfm.cl\/index.php?rest_route=\/wp\/v2\/media\/32989"}],"wp:attachment":[{"href":"https:\/\/radiorevelacionfm.cl\/index.php?rest_route=%2Fwp%2Fv2%2Fmedia&parent=32988"}],"wp:term":[{"taxonomy":"category","embeddable":true,"href":"https:\/\/radiorevelacionfm.cl\/index.php?rest_route=%2Fwp%2Fv2%2Fcategories&post=32988"},{"taxonomy":"post_tag","embeddable":true,"href":"https:\/\/radiorevelacionfm.cl\/index.php?rest_route=%2Fwp%2Fv2%2Ftags&post=32988"}],"curies":[{"name":"wp","href":"https:\/\/api.w.org\/{rel}","templated":true}]}}