{"id":32985,"date":"2023-07-17T11:07:12","date_gmt":"2023-07-17T14:07:12","guid":{"rendered":"https:\/\/radiorevelacionfm.cl\/?p=32985"},"modified":"2023-07-17T11:07:12","modified_gmt":"2023-07-17T14:07:12","slug":"gobierno-en-terreno-desarrolla-dialogo-ciudadano-en-sector-galera-chico","status":"publish","type":"post","link":"https:\/\/radiorevelacionfm.cl\/?p=32985","title":{"rendered":"Gobierno en Terreno desarrolla di\u00e1logo ciudadano en sector Galera Chico"},"content":{"rendered":"<div class=\"flex_column av_one_full  flex_column_div av-zero-column-padding first  avia-builder-el-0  el_before_av_one_full  avia-builder-el-first  \" style='border-radius:0px; '><div  class='avia-image-container  av-styling-    avia-builder-el-1  avia-builder-el-no-sibling  avia-align-center '  itemprop=\"image\" itemscope=\"itemscope\" itemtype=\"https:\/\/schema.org\/ImageObject\"  ><div class='avia-image-container-inner'><div class='avia-image-overlay-wrap'><img decoding=\"async\" class='wp-image-32986 avia-img-lazy-loading-not-32986 avia_image' src=\"https:\/\/radiorevelacionfm.cl\/wp-content\/uploads\/2023\/07\/img_8993-1_optimized.jpg\" alt='' title='img_8993-(1)_optimized' height=\"600\" width=\"900\"  itemprop=\"thumbnailUrl\" srcset=\"https:\/\/radiorevelacionfm.cl\/wp-content\/uploads\/2023\/07\/img_8993-1_optimized.jpg 900w, https:\/\/radiorevelacionfm.cl\/wp-content\/uploads\/2023\/07\/img_8993-1_optimized-300x200.jpg 300w, https:\/\/radiorevelacionfm.cl\/wp-content\/uploads\/2023\/07\/img_8993-1_optimized-768x512.jpg 768w, https:\/\/radiorevelacionfm.cl\/wp-content\/uploads\/2023\/07\/img_8993-1_optimized-705x470.jpg 705w, https:\/\/radiorevelacionfm.cl\/wp-content\/uploads\/2023\/07\/img_8993-1_optimized-450x300.jpg 450w, https:\/\/radiorevelacionfm.cl\/wp-content\/uploads\/2023\/07\/img_8993-1_optimized-600x400.jpg 600w\" sizes=\"(max-width: 900px) 100vw, 900px\" \/><\/div><\/div><\/div><\/div><div class=\"flex_column av_one_full  flex_column_div av-zero-column-padding first  avia-builder-el-2  el_after_av_one_full  el_before_av_one_full  column-top-margin\" style='border-radius:0px; '><section class=\"av_textblock_section \"  itemscope=\"itemscope\" itemtype=\"https:\/\/schema.org\/BlogPosting\" itemprop=\"blogPost\" ><div class='avia_textblock  '   itemprop=\"text\" ><p style=\"font-weight: 400; text-align: center;\"><span style=\"font-size: 18pt;\"><strong>Gobierno en Terreno desarrolla <\/strong><strong>di\u00e1logo ciudadano en sector Galera Chico<\/strong><\/span><\/p>\n<div id=\"gtx-trans\" style=\"position: absolute; left: -50px; top: 4.31534px;\">\n<div class=\"gtx-trans-icon\"><\/div>\n<\/div>\n<\/div><\/section><\/div><div class=\"flex_column av_one_full  flex_column_div av-zero-column-padding first  avia-builder-el-4  el_after_av_one_full  el_before_av_hr  column-top-margin\" style='border-radius:0px; '><section class=\"av_textblock_section \"  itemscope=\"itemscope\" itemtype=\"https:\/\/schema.org\/BlogPosting\" itemprop=\"blogPost\" ><div class='avia_textblock  '   itemprop=\"text\" ><p style=\"font-weight: 400; text-align: justify;\">Con el objetivo de acercar las instituciones a la ciudadan\u00eda, en especial durante el per\u00edodo invernal, la Delegaci\u00f3n Presidencial Regional de Ays\u00e9n desarroll\u00f3 un di\u00e1logo ciudadano del programa Gobierno en Terreno en el sector rural Galera Chico de la comuna de Coyhaique.<\/p>\n<p style=\"font-weight: 400; text-align: justify;\">La jornada se desarroll\u00f3 en el fog\u00f3n Arnoldo Domke Alt y reuni\u00f3 a integrantes del Comit\u00e9 Campesino Los \u00d1ires Dos de Galera Chico, presidido por la dirigente Clara Vel\u00e1squez, m\u00e1s vecinos, agricultoras y agricultores desde Balmaceda hasta Melipal.<\/p>\n<p style=\"font-weight: 400; text-align: justify;\">Junto con el Delegado Presidencial Regional, Rodrigo Araya, estuvo el seremi del MOP, Patricio Sanhueza, director de Vialidad, Renzo Sanders; directora de Salud Rural del Servicio de Salud Ays\u00e9n, Lorena Guerrero, directora regional (s) del SAG, Valeria Carrasco, y jefa de \u00e1rea Indap, Carmen Gloria S\u00e1ez, jefe provincial de Conaf, Jos\u00e9 Luis P\u00e9rez, Pablo Bulnes de la Comisi\u00f3n Nacional de Riego, m\u00e1s equipos de INIA Tamel Aike y de la seremi de Salud Ays\u00e9n.<\/p>\n<p style=\"font-weight: 400; text-align: justify;\">\u201cLa presencia de la autoridad me parece bien, en terreno, porque eso es lo que dice el Presidente, m\u00e1s terreno. Es bueno porque la gente participa, ac\u00e1 la gente necesita estar con las autoridades y se sienten bien, por ejemplo, estuvo una abuelita de 90 y tantos a\u00f1os. Es bueno que la gente participe y, ojal\u00e1, seguir trabajando con las autoridades\u201d, destac\u00f3 al t\u00e9rmino de la jornada la dirigenta Clara Vel\u00e1squez.<\/p>\n<p style=\"font-weight: 400; text-align: justify;\">El Delegado Presidencial Regional, Rodrigo Araya, destac\u00f3 que estas instancias contribuyen a fortalecer la calidad de la atenci\u00f3n que entrega los servicios p\u00fablicos en el territorio, en especial, en la \u00e9poca invernal.<\/p>\n<p style=\"font-weight: 400; text-align: justify;\">\u201cNuestro Presidente Gabriel Boric nos ha insistido en que tenemos que acercar los servicios p\u00fablicos a las personas, a las comunidades. Estamos ac\u00e1 en Galera Chico, donde pudimos conversar de varios temas, como la construcci\u00f3n del camino, red el\u00e9ctrica, casetas sanitarias que el municipio ha presentado y hecho la licitaci\u00f3n con recursos de Subdere, estuvimos con el equipo del ministerio de Agricultura y esperamos mantener esta comunicaci\u00f3n\u201d, enfatiz\u00f3.<\/p>\n<p style=\"font-weight: 400; text-align: justify;\">Tanto la Delegaci\u00f3n Presidencial Regional de Ays\u00e9n como las delegaciones presidenciales provinciales de Ays\u00e9n, General Carrera y Capit\u00e1n Prat se encuentran desarrollando di\u00e1logos y plazas ciudadanas del programa Gobierno en Terreno en distintos sectores y localidades.<\/p>\n<p style=\"font-weight: 400; text-align: justify;\">Entre ellas, Ra\u00fal Mar\u00edn Balmaceda, La Junta, Cerro Castillo, Villa O\u00b4Higgins y Coyhaique.<\/p>\n<\/div><\/section><\/div><div  style='height:50px' class='hr hr-invisible   avia-builder-el-6  el_after_av_one_full  el_before_av_social_share '><span class='hr-inner ' ><span class='hr-inner-style'><\/span><\/span><\/div><\/p>\n<div  class='av-social-sharing-box  avia-builder-el-7  el_after_av_hr  el_before_av_hr  '><div class='av-share-box'><h5 class='av-share-link-description av-no-toc '>Compartir esta noticia<\/h5><ul class='av-share-box-list noLightbox'><li class='av-share-link av-social-link-facebook' ><a target=\"_blank\" aria-label=\"Compartir en Facebook\" href='https:\/\/www.facebook.com\/sharer.php?u=https:\/\/radiorevelacionfm.cl\/?p=32985&#038;t=Gobierno%20en%20Terreno%20desarrolla%20di%C3%A1logo%20ciudadano%20en%20sector%20Galera%20Chico' aria-hidden='false' data-av_icon='\ue8f3' data-av_iconfont='entypo-fontello' title='' data-avia-related-tooltip='Compartir en Facebook' rel=\"noopener\"><span class='avia_hidden_link_text'>Compartir en Facebook<\/span><\/a><\/li><li class='av-share-link av-social-link-twitter' ><a target=\"_blank\" aria-label=\"Compartir en Twitter\" href='https:\/\/twitter.com\/share?text=Gobierno%20en%20Terreno%20desarrolla%20di%C3%A1logo%20ciudadano%20en%20sector%20Galera%20Chico&#038;url=https:\/\/radiorevelacionfm.cl\/?p=32985' aria-hidden='false' data-av_icon='\ue8f1' data-av_iconfont='entypo-fontello' title='' data-avia-related-tooltip='Compartir en Twitter' rel=\"noopener\"><span class='avia_hidden_link_text'>Compartir en Twitter<\/span><\/a><\/li><li class='av-share-link av-social-link-whatsapp' ><a target=\"_blank\" aria-label=\"Compartir en Whatsapp\" href='https:\/\/api.whatsapp.com\/send?text=https:\/\/radiorevelacionfm.cl\/?p=32985' aria-hidden='false' data-av_icon='\uf232' data-av_iconfont='entypo-fontello' title='' data-avia-related-tooltip='Compartir en Whatsapp' rel=\"noopener\"><span class='avia_hidden_link_text'>Compartir en Whatsapp<\/span><\/a><\/li><li class='av-share-link av-social-link-linkedin' ><a target=\"_blank\" aria-label=\"Compartir en LinkedIn\" href='https:\/\/linkedin.com\/shareArticle?mini=true&#038;title=Gobierno%20en%20Terreno%20desarrolla%20di%C3%A1logo%20ciudadano%20en%20sector%20Galera%20Chico&#038;url=https:\/\/radiorevelacionfm.cl\/?p=32985' aria-hidden='false' data-av_icon='\ue8fc' data-av_iconfont='entypo-fontello' title='' data-avia-related-tooltip='Compartir en LinkedIn' rel=\"noopener\"><span class='avia_hidden_link_text'>Compartir en LinkedIn<\/span><\/a><\/li><li class='av-share-link av-social-link-mail' ><a  aria-label=\"Compartir por correo\" href='mailto:?subject=Gobierno%20en%20Terreno%20desarrolla%20di%C3%A1logo%20ciudadano%20en%20sector%20Galera%20Chico&#038;body=https:\/\/radiorevelacionfm.cl\/?p=32985' aria-hidden='false' data-av_icon='\ue805' data-av_iconfont='entypo-fontello' title='' data-avia-related-tooltip='Compartir por correo'><span class='avia_hidden_link_text'>Compartir por correo<\/span><\/a><\/li><\/ul><\/div><\/div>\n<div  style='height:50px' class='hr hr-invisible   avia-builder-el-8  el_after_av_social_share  el_before_av_comments_list '><span class='hr-inner ' ><span class='hr-inner-style'><\/span><\/span><\/div>\n<div  class='av-buildercomment  av-blog-meta-html-info-disabled av-blog-meta-tag-disabled  '><\/div>\n","protected":false},"excerpt":{"rendered":"","protected":false},"author":1,"featured_media":32986,"comment_status":"open","ping_status":"open","sticky":false,"template":"","format":"standard","meta":{"footnotes":""},"categories":[38],"tags":[],"class_list":["post-32985","post","type-post","status-publish","format-standard","has-post-thumbnail","hentry","category-regional"],"jetpack_featured_media_url":"https:\/\/radiorevelacionfm.cl\/wp-content\/uploads\/2023\/07\/img_8993-1_optimized.jpg","_links":{"self":[{"href":"https:\/\/radiorevelacionfm.cl\/index.php?rest_route=\/wp\/v2\/posts\/32985","targetHints":{"allow":["GET"]}}],"collection":[{"href":"https:\/\/radiorevelacionfm.cl\/index.php?rest_route=\/wp\/v2\/posts"}],"about":[{"href":"https:\/\/radiorevelacionfm.cl\/index.php?rest_route=\/wp\/v2\/types\/post"}],"author":[{"embeddable":true,"href":"https:\/\/radiorevelacionfm.cl\/index.php?rest_route=\/wp\/v2\/users\/1"}],"replies":[{"embeddable":true,"href":"https:\/\/radiorevelacionfm.cl\/index.php?rest_route=%2Fwp%2Fv2%2Fcomments&post=32985"}],"version-history":[{"count":1,"href":"https:\/\/radiorevelacionfm.cl\/index.php?rest_route=\/wp\/v2\/posts\/32985\/revisions"}],"predecessor-version":[{"id":32987,"href":"https:\/\/radiorevelacionfm.cl\/index.php?rest_route=\/wp\/v2\/posts\/32985\/revisions\/32987"}],"wp:featuredmedia":[{"embeddable":true,"href":"https:\/\/radiorevelacionfm.cl\/index.php?rest_route=\/wp\/v2\/media\/32986"}],"wp:attachment":[{"href":"https:\/\/radiorevelacionfm.cl\/index.php?rest_route=%2Fwp%2Fv2%2Fmedia&parent=32985"}],"wp:term":[{"taxonomy":"category","embeddable":true,"href":"https:\/\/radiorevelacionfm.cl\/index.php?rest_route=%2Fwp%2Fv2%2Fcategories&post=32985"},{"taxonomy":"post_tag","embeddable":true,"href":"https:\/\/radiorevelacionfm.cl\/index.php?rest_route=%2Fwp%2Fv2%2Ftags&post=32985"}],"curies":[{"name":"wp","href":"https:\/\/api.w.org\/{rel}","templated":true}]}}