{"id":32982,"date":"2023-07-17T10:47:19","date_gmt":"2023-07-17T13:47:19","guid":{"rendered":"https:\/\/radiorevelacionfm.cl\/?p=32982"},"modified":"2023-07-17T10:47:19","modified_gmt":"2023-07-17T13:47:19","slug":"mop-firma-contratos-con-empresas-contratistas-regionales-para-la-conservacion-de-caminos-y-realizar-labores-de-emergencia","status":"publish","type":"post","link":"https:\/\/radiorevelacionfm.cl\/?p=32982","title":{"rendered":"MOP firma contratos con empresas contratistas regionales para la conservaci\u00f3n de caminos y realizar labores de emergencia"},"content":{"rendered":"<div class=\"flex_column av_one_full  flex_column_div av-zero-column-padding first  avia-builder-el-0  el_before_av_one_full  avia-builder-el-first  \" style='border-radius:0px; '><div  class='avia-image-container  av-styling-    avia-builder-el-1  avia-builder-el-no-sibling  avia-align-center '  itemprop=\"image\" itemscope=\"itemscope\" itemtype=\"https:\/\/schema.org\/ImageObject\"  ><div class='avia-image-container-inner'><div class='avia-image-overlay-wrap'><img decoding=\"async\" class='wp-image-32983 avia-img-lazy-loading-not-32983 avia_image' src=\"https:\/\/radiorevelacionfm.cl\/wp-content\/uploads\/2023\/07\/convenio-empresas-1_optimized.jpg\" alt='' title='convenio-empresas-(1)_optimized' height=\"600\" width=\"1397\"  itemprop=\"thumbnailUrl\" srcset=\"https:\/\/radiorevelacionfm.cl\/wp-content\/uploads\/2023\/07\/convenio-empresas-1_optimized.jpg 1397w, https:\/\/radiorevelacionfm.cl\/wp-content\/uploads\/2023\/07\/convenio-empresas-1_optimized-300x129.jpg 300w, https:\/\/radiorevelacionfm.cl\/wp-content\/uploads\/2023\/07\/convenio-empresas-1_optimized-1030x442.jpg 1030w, https:\/\/radiorevelacionfm.cl\/wp-content\/uploads\/2023\/07\/convenio-empresas-1_optimized-768x330.jpg 768w, https:\/\/radiorevelacionfm.cl\/wp-content\/uploads\/2023\/07\/convenio-empresas-1_optimized-705x303.jpg 705w, https:\/\/radiorevelacionfm.cl\/wp-content\/uploads\/2023\/07\/convenio-empresas-1_optimized-450x193.jpg 450w, https:\/\/radiorevelacionfm.cl\/wp-content\/uploads\/2023\/07\/convenio-empresas-1_optimized-600x258.jpg 600w\" sizes=\"(max-width: 1397px) 100vw, 1397px\" \/><\/div><\/div><\/div><\/div><div class=\"flex_column av_one_full  flex_column_div av-zero-column-padding first  avia-builder-el-2  el_after_av_one_full  el_before_av_one_full  column-top-margin\" style='border-radius:0px; '><section class=\"av_textblock_section \"  itemscope=\"itemscope\" itemtype=\"https:\/\/schema.org\/BlogPosting\" itemprop=\"blogPost\" ><div class='avia_textblock  '   itemprop=\"text\" ><p style=\"text-align: center;\"><strong><span style=\"font-size: 18pt;\">MOP firma contratos con empresas contratistas regionales para la conservaci\u00f3n de caminos y realizar labores de emergencia<\/span><\/strong><\/p>\n<div id=\"gtx-trans\" style=\"position: absolute; left: -50px; top: 4.31534px;\">\n<div class=\"gtx-trans-icon\"><\/div>\n<\/div>\n<\/div><\/section><\/div><div class=\"flex_column av_one_full  flex_column_div av-zero-column-padding first  avia-builder-el-4  el_after_av_one_full  el_before_av_hr  column-top-margin\" style='border-radius:0px; '><section class=\"av_textblock_section \"  itemscope=\"itemscope\" itemtype=\"https:\/\/schema.org\/BlogPosting\" itemprop=\"blogPost\" ><div class='avia_textblock  '   itemprop=\"text\" ><p style=\"text-align: justify;\"><em>Son ocho contratos que consideran una inversi\u00f3n de $4 mil millones provenientes de la Direcci\u00f3n Regional de Vialidad del Ministerio de Obras P\u00fablicas, con Empresas Constructoras regionales, acci\u00f3n con la que concluye primera etapa de implementaci\u00f3n del Plan Excepcional de Conservaci\u00f3n de Caminos en la regi\u00f3n de Ays\u00e9n.<\/em><\/p>\n<p style=\"text-align: justify;\">El Secretario Regional Ministerial de Obras P\u00fablicas, Patricio Sanhueza Ulloa, destac\u00f3 esta semana la firma de ocho contratos con empresas regionales para la ejecuci\u00f3n de la conservaci\u00f3n de caminos y obras de emergencia que abarcar\u00e1n toda la regi\u00f3n de Ays\u00e9n.<\/p>\n<p style=\"text-align: justify;\">Al respecto, la autoridad sectorial destac\u00f3: \u201cEstamos muy complacidos de comunicarles que hemos concluido la etapa uno del Plan Excepcional de Conservaci\u00f3n de Caminos. Hace una semana atr\u00e1s la Contralor\u00eda General de la Rep\u00fablica tom\u00f3 raz\u00f3n del Decreto de Emergencia, lo que nos permiti\u00f3 avanzar en el proceso de adjudicaci\u00f3n de los contratos, los que se han firmado junto con las empresas contratistas regionales que han cre\u00eddo en el Ministerio de Obras P\u00fablicas y que van a contribuir realizando las operaciones de conservaci\u00f3n de caminos, as\u00ed como de operaciones invernales cubriendo desde la zona de Ma\u00f1ihuales por el norte y hasta la zona del sector El Mait\u00e9n por el sur, con ocho contratos con una inversi\u00f3n entorno a los 4 mil millones de pesos. As\u00ed que pasamos a la segunda fase, que esperamos sea tan exitosa como fue la primera etapa y podamos mantener nuestra red vial en buenas condiciones durante la \u00e9poca invernal y gran parte de la primavera. Prontamente ver\u00e1n estas empresas regionales en operaci\u00f3n, en beneficio de todas y todos nosotros\u201d, asegur\u00f3 el SEREMI del MOP.<\/p>\n<p style=\"text-align: justify;\">El Plan Excepcional de Conservaci\u00f3n de Caminos es el mecanismo que el Ministerio de Obras P\u00fablicas defini\u00f3 para poder planificar y abordar la Conservaci\u00f3n de la Red Vial Regional a trav\u00e9s de la Direcci\u00f3n de Vialidad, ante una situaci\u00f3n compleja y excepcional, con el objetivo de dar cobertura al 100% de la Red Vial en la regi\u00f3n de Ays\u00e9n que incluye nuestra red estructurante o Ruta 7 y mediante la Red Secundaria, como se hab\u00eda hecho tradicionalmente, entregando conectividad y transitabilidad con un nivel de seguridad \u00f3ptimo y de acuerdo a la realidad de la regi\u00f3n de Ays\u00e9n. Se ha cumplido la primera etapa de este Plan, en donde se generaron diversas gestiones con la participaci\u00f3n de una amplia gama de actores relevantes y se cre\u00f3 una Mesa p\u00fablico-Privada integrada por gremios de transporte, turismo y comercio, privados, representantes del Gobierno Regional de Ays\u00e9n, Delegaci\u00f3n Presidencial Regional y la C\u00e1mara Chilena de la Construcci\u00f3n (CCHC) en donde se analiz\u00f3 el mejoramiento de la transitabilidad de los caminos con el aporte de todas y todos. A ello se sum\u00f3, la llegada a la regi\u00f3n de maquinaria y personal de Vialidad de otras regiones del pa\u00eds -proveniente desde Valpara\u00edso, O&#8217;Higgins y Los Lagos- completando las 26 maquinarias trabajando en diversos puntos cr\u00edticos de la red vial entre los meses de marzo y junio del a\u00f1o en curso, y se hizo entrega de una maquinaria a la municipalidad de Las Guaitecas para la conservaci\u00f3n del camino Melinka-Repollal, junto con difundir el Plan Excepcional de Conservaci\u00f3n de Caminos en diversas comunidades y en todo el territorio regional.<\/p>\n<p style=\"text-align: justify;\">Hoy finaliza la implementaci\u00f3n de la primera etapa de este Plan y el apoyo de personal y maquinaria de otras regiones del pa\u00eds han vuelto a sus ciudades de origen. En esta segunda etapa, trabajaremos con las ocho empresas constructoras regionales y tres asesor\u00edas v\u00eda Decreto para la ejecuci\u00f3n de la conservaci\u00f3n de la red vial regional y trabajos de emergencia y continuaremos las reuniones con la Mesa P\u00fablico-Privada.<\/p>\n<\/div><\/section><\/div><div  style='height:50px' class='hr hr-invisible   avia-builder-el-6  el_after_av_one_full  el_before_av_social_share '><span class='hr-inner ' ><span class='hr-inner-style'><\/span><\/span><\/div><\/p>\n<div  class='av-social-sharing-box  avia-builder-el-7  el_after_av_hr  el_before_av_hr  '><div class='av-share-box'><h5 class='av-share-link-description av-no-toc '>Compartir esta noticia<\/h5><ul class='av-share-box-list noLightbox'><li class='av-share-link av-social-link-facebook' ><a target=\"_blank\" aria-label=\"Compartir en Facebook\" href='https:\/\/www.facebook.com\/sharer.php?u=https:\/\/radiorevelacionfm.cl\/?p=32982&#038;t=MOP%20firma%20contratos%20con%20empresas%20contratistas%20regionales%20para%20la%20conservaci%C3%B3n%20de%20caminos%20y%20realizar%20labores%20de%20emergencia' aria-hidden='false' data-av_icon='\ue8f3' data-av_iconfont='entypo-fontello' title='' data-avia-related-tooltip='Compartir en Facebook' rel=\"noopener\"><span class='avia_hidden_link_text'>Compartir en Facebook<\/span><\/a><\/li><li class='av-share-link av-social-link-twitter' ><a target=\"_blank\" aria-label=\"Compartir en Twitter\" href='https:\/\/twitter.com\/share?text=MOP%20firma%20contratos%20con%20empresas%20contratistas%20regionales%20para%20la%20conservaci%C3%B3n%20de%20caminos%20y%20realizar%20labores%20de%20emergencia&#038;url=https:\/\/radiorevelacionfm.cl\/?p=32982' aria-hidden='false' data-av_icon='\ue8f1' data-av_iconfont='entypo-fontello' title='' data-avia-related-tooltip='Compartir en Twitter' rel=\"noopener\"><span class='avia_hidden_link_text'>Compartir en Twitter<\/span><\/a><\/li><li class='av-share-link av-social-link-whatsapp' ><a target=\"_blank\" aria-label=\"Compartir en Whatsapp\" href='https:\/\/api.whatsapp.com\/send?text=https:\/\/radiorevelacionfm.cl\/?p=32982' aria-hidden='false' data-av_icon='\uf232' data-av_iconfont='entypo-fontello' title='' data-avia-related-tooltip='Compartir en Whatsapp' rel=\"noopener\"><span class='avia_hidden_link_text'>Compartir en Whatsapp<\/span><\/a><\/li><li class='av-share-link av-social-link-linkedin' ><a target=\"_blank\" aria-label=\"Compartir en LinkedIn\" href='https:\/\/linkedin.com\/shareArticle?mini=true&#038;title=MOP%20firma%20contratos%20con%20empresas%20contratistas%20regionales%20para%20la%20conservaci%C3%B3n%20de%20caminos%20y%20realizar%20labores%20de%20emergencia&#038;url=https:\/\/radiorevelacionfm.cl\/?p=32982' aria-hidden='false' data-av_icon='\ue8fc' data-av_iconfont='entypo-fontello' title='' data-avia-related-tooltip='Compartir en LinkedIn' rel=\"noopener\"><span class='avia_hidden_link_text'>Compartir en LinkedIn<\/span><\/a><\/li><li class='av-share-link av-social-link-mail' ><a  aria-label=\"Compartir por correo\" href='mailto:?subject=MOP%20firma%20contratos%20con%20empresas%20contratistas%20regionales%20para%20la%20conservaci%C3%B3n%20de%20caminos%20y%20realizar%20labores%20de%20emergencia&#038;body=https:\/\/radiorevelacionfm.cl\/?p=32982' aria-hidden='false' data-av_icon='\ue805' data-av_iconfont='entypo-fontello' title='' data-avia-related-tooltip='Compartir por correo'><span class='avia_hidden_link_text'>Compartir por correo<\/span><\/a><\/li><\/ul><\/div><\/div>\n<div  style='height:50px' class='hr hr-invisible   avia-builder-el-8  el_after_av_social_share  el_before_av_comments_list '><span class='hr-inner ' ><span class='hr-inner-style'><\/span><\/span><\/div>\n<div  class='av-buildercomment  av-blog-meta-html-info-disabled av-blog-meta-tag-disabled  '><\/div>\n","protected":false},"excerpt":{"rendered":"","protected":false},"author":1,"featured_media":32983,"comment_status":"open","ping_status":"open","sticky":false,"template":"","format":"standard","meta":{"footnotes":""},"categories":[38],"tags":[],"class_list":["post-32982","post","type-post","status-publish","format-standard","has-post-thumbnail","hentry","category-regional"],"jetpack_featured_media_url":"https:\/\/radiorevelacionfm.cl\/wp-content\/uploads\/2023\/07\/convenio-empresas-1_optimized.jpg","_links":{"self":[{"href":"https:\/\/radiorevelacionfm.cl\/index.php?rest_route=\/wp\/v2\/posts\/32982","targetHints":{"allow":["GET"]}}],"collection":[{"href":"https:\/\/radiorevelacionfm.cl\/index.php?rest_route=\/wp\/v2\/posts"}],"about":[{"href":"https:\/\/radiorevelacionfm.cl\/index.php?rest_route=\/wp\/v2\/types\/post"}],"author":[{"embeddable":true,"href":"https:\/\/radiorevelacionfm.cl\/index.php?rest_route=\/wp\/v2\/users\/1"}],"replies":[{"embeddable":true,"href":"https:\/\/radiorevelacionfm.cl\/index.php?rest_route=%2Fwp%2Fv2%2Fcomments&post=32982"}],"version-history":[{"count":1,"href":"https:\/\/radiorevelacionfm.cl\/index.php?rest_route=\/wp\/v2\/posts\/32982\/revisions"}],"predecessor-version":[{"id":32984,"href":"https:\/\/radiorevelacionfm.cl\/index.php?rest_route=\/wp\/v2\/posts\/32982\/revisions\/32984"}],"wp:featuredmedia":[{"embeddable":true,"href":"https:\/\/radiorevelacionfm.cl\/index.php?rest_route=\/wp\/v2\/media\/32983"}],"wp:attachment":[{"href":"https:\/\/radiorevelacionfm.cl\/index.php?rest_route=%2Fwp%2Fv2%2Fmedia&parent=32982"}],"wp:term":[{"taxonomy":"category","embeddable":true,"href":"https:\/\/radiorevelacionfm.cl\/index.php?rest_route=%2Fwp%2Fv2%2Fcategories&post=32982"},{"taxonomy":"post_tag","embeddable":true,"href":"https:\/\/radiorevelacionfm.cl\/index.php?rest_route=%2Fwp%2Fv2%2Ftags&post=32982"}],"curies":[{"name":"wp","href":"https:\/\/api.w.org\/{rel}","templated":true}]}}