{"id":3298,"date":"2021-04-20T12:30:51","date_gmt":"2021-04-20T15:30:51","guid":{"rendered":"https:\/\/radiorevelacionfm.cl\/?p=3298"},"modified":"2021-04-20T12:30:51","modified_gmt":"2021-04-20T15:30:51","slug":"ximena-ordenes-se-refiere-a-muerte-de-salmones-esta-es-una-crisis-ambiental-que-debe-ser-controlada-a-la-brevedad","status":"publish","type":"post","link":"https:\/\/radiorevelacionfm.cl\/?p=3298","title":{"rendered":"Ximena \u00d3rdenes se refiere a muerte de salmones: \u201cEsta es una crisis ambiental que debe ser controlada a la brevedad\u201d"},"content":{"rendered":"<div class=\"flex_column av_one_full  flex_column_div av-zero-column-padding first  avia-builder-el-0  el_before_av_one_full  avia-builder-el-first  \" style='border-radius:0px; '><div  class='avia-image-container  av-styling-    avia-builder-el-1  avia-builder-el-no-sibling  avia-align-center '  itemprop=\"image\" itemscope=\"itemscope\" itemtype=\"https:\/\/schema.org\/ImageObject\"  ><div class='avia-image-container-inner'><div class='avia-image-overlay-wrap'><img decoding=\"async\" class='wp-image-0 avia-img-lazy-loading-not-0 avia_image' src=\"https:\/\/radiorevelacionfm.cl\/wp-content\/uploads\/2021\/04\/Senadora-Ximena-Ordenes-Neira.jpg\" alt='' title=''   itemprop=\"thumbnailUrl\"  \/><\/div><\/div><\/div><\/div><div class=\"flex_column av_one_full  flex_column_div av-zero-column-padding first  avia-builder-el-2  el_after_av_one_full  el_before_av_one_full  column-top-margin\" style='border-radius:0px; '><section class=\"av_textblock_section \"  itemscope=\"itemscope\" itemtype=\"https:\/\/schema.org\/BlogPosting\" itemprop=\"blogPost\" ><div class='avia_textblock  '   itemprop=\"text\" ><p style=\"text-align: center;\"><span style=\"font-size: 18pt;\"><strong>Ximena \u00d3rdenes se refiere a muerte de salmones: \u201cEsta es una crisis ambiental que debe ser controlada a la brevedad\u201d<\/strong><\/span><\/p>\n<div id=\"gtx-trans\" style=\"position: absolute; left: -50px; top: 4.31534px;\">\n<div class=\"gtx-trans-icon\"><\/div>\n<\/div>\n<\/div><\/section><\/div><div class=\"flex_column av_one_full  flex_column_div av-zero-column-padding first  avia-builder-el-4  el_after_av_one_full  el_before_av_hr  column-top-margin\" style='border-radius:0px; '><section class=\"av_textblock_section \"  itemscope=\"itemscope\" itemtype=\"https:\/\/schema.org\/BlogPosting\" itemprop=\"blogPost\" ><div class='avia_textblock  '   itemprop=\"text\" ><p style=\"font-weight: 400; text-align: justify;\">La parlamentaria, quien, adem\u00e1s, es presidenta de la comisi\u00f3n de Medio Ambiente del Senado, se mostr\u00f3 preocupada por la situaci\u00f3n y explic\u00f3 que la instancia sirvi\u00f3 para \u201cconocer los planes de contenci\u00f3n y resguardo frente a desastre ambiental\u201d.<\/p>\n<p style=\"font-weight: 400; text-align: justify;\">Ayer en la comisi\u00f3n de Medio Ambiente analiz\u00f3 las catastr\u00f3ficas consecuencias que est\u00e1 trayendo la proliferaci\u00f3n de algas nocivas en la zona sur del pa\u00eds, espec\u00edficamente Los Lagos y Ays\u00e9n, la que afectar\u00eda la industria del salm\u00f3n.<\/p>\n<p style=\"font-weight: 400; text-align: justify;\">Para esta sesi\u00f3n se invit\u00f3 a la subsecretaria de Pesca, Alicia Lagno, al Superintendente de Medio Ambiente, Crist\u00f3bal de la Maza y la directora de Sernapesca, Jessica Fuentes<\/p>\n<p style=\"font-weight: 400; text-align: justify;\">Tras la comisi\u00f3n, la senadora indic\u00f3 \u201cla mortandad de salmones ya ocurri\u00f3 en Los Lagos y es casi un hecho que ocurrir\u00e1 en la regi\u00f3n de Ays\u00e9n. Por lo tanto, esta sesi\u00f3n era para conocer las medidas que est\u00e1n adoptando las autoridades frente a esta alga que genera hipoxia en los peces y otros seres marinos\u201d.<\/p>\n<p style=\"font-weight: 400; text-align: justify;\">En este sentido, la parlamentaria alert\u00f3 que la magnitud de la emergencia es preocupante. \u201cAys\u00e9n es una de las regiones que concentra la mayor cantidad de salmones que se producen en Chile. Ac\u00e1 hay varios dilemas, estamos hablando de la segunda industria en el territorio y el segundo productor de salm\u00f3n en el mundo. Por lo tanto, no estamos hablando de cualquier tipo de industria, ni por su magnitud, ni por los impactos que \u00e9sta tiene\u201d.<\/p>\n<p style=\"font-weight: 400; text-align: justify;\">Sobre las medidas anunciadas la senadora Ximena \u00d3rdenes Neira detall\u00f3: \u201ces fundamental que se actualice la norma en esta materia, es necesario de las concesiones, pero sobretodo planes de prevenci\u00f3n para este tipo de desastre, m\u00e1s a\u00fan en un escenario de cambio clim\u00e1tico. Necesitamos prevenci\u00f3n y no planes generados desde la reacci\u00f3n\u201d.<\/p>\n<p style=\"font-weight: 400; text-align: justify;\">La parlamentaria por Ays\u00e9n lament\u00f3 que los beneficios econ\u00f3micos de la industria no se vean en la regi\u00f3n y solo queden los da\u00f1os ambientales. \u201cEn la regi\u00f3n \u00e9sta industria no es orgullo, es una industria que no se nota, vamos a quedar con ambientes contaminados y el est\u00e1ndar de vida de las comunidades insulares donde est\u00e1n las concesiones tiene complicaciones (\u2026). La producci\u00f3n de salm\u00f3n tiene un l\u00edmite, porque los fiordos no van a dar. Si nosotros no hacemos este ejercicio vamos a tener un triste escenario que afectara al territorio y sus habitantes\u201d.<\/p>\n<p style=\"font-weight: 400; text-align: justify;\">Finalmente, adelant\u00f3 que seguir\u00e1n fiscalizando las medidas de gobierno y no descartan una segunda citaci\u00f3n para conocer c\u00f3mo avanza esta crisis.<\/p>\n<\/div><\/section><\/div><div  style='height:50px' class='hr hr-invisible   avia-builder-el-6  el_after_av_one_full  el_before_av_social_share '><span class='hr-inner ' ><span class='hr-inner-style'><\/span><\/span><\/div><\/p>\n<div  class='av-social-sharing-box  avia-builder-el-7  el_after_av_hr  el_before_av_hr  '><div class='av-share-box'><h5 class='av-share-link-description av-no-toc '>Compartir esta noticia<\/h5><ul class='av-share-box-list noLightbox'><li class='av-share-link av-social-link-facebook' ><a target=\"_blank\" aria-label=\"Compartir en Facebook\" href='https:\/\/www.facebook.com\/sharer.php?u=https:\/\/radiorevelacionfm.cl\/?p=3298&#038;t=Ximena%20%C3%93rdenes%20se%20refiere%20a%20muerte%20de%20salmones%3A%20%E2%80%9CEsta%20es%20una%20crisis%20ambiental%20que%20debe%20ser%20controlada%20a%20la%20brevedad%E2%80%9D' aria-hidden='false' data-av_icon='\ue8f3' data-av_iconfont='entypo-fontello' title='' data-avia-related-tooltip='Compartir en Facebook' rel=\"noopener\"><span class='avia_hidden_link_text'>Compartir en Facebook<\/span><\/a><\/li><li class='av-share-link av-social-link-twitter' ><a target=\"_blank\" aria-label=\"Compartir en Twitter\" href='https:\/\/twitter.com\/share?text=Ximena%20%C3%93rdenes%20se%20refiere%20a%20muerte%20de%20salmones%3A%20%E2%80%9CEsta%20es%20una%20crisis%20ambiental%20que%20debe%20ser%20controlada%20a%20la%20brevedad%E2%80%9D&#038;url=https:\/\/radiorevelacionfm.cl\/?p=3298' aria-hidden='false' data-av_icon='\ue8f1' data-av_iconfont='entypo-fontello' title='' data-avia-related-tooltip='Compartir en Twitter' rel=\"noopener\"><span class='avia_hidden_link_text'>Compartir en Twitter<\/span><\/a><\/li><li class='av-share-link av-social-link-whatsapp' ><a target=\"_blank\" aria-label=\"Compartir en Whatsapp\" href='https:\/\/api.whatsapp.com\/send?text=https:\/\/radiorevelacionfm.cl\/?p=3298' aria-hidden='false' data-av_icon='\uf232' data-av_iconfont='entypo-fontello' title='' data-avia-related-tooltip='Compartir en Whatsapp' rel=\"noopener\"><span class='avia_hidden_link_text'>Compartir en Whatsapp<\/span><\/a><\/li><li class='av-share-link av-social-link-linkedin' ><a target=\"_blank\" aria-label=\"Compartir en LinkedIn\" href='https:\/\/linkedin.com\/shareArticle?mini=true&#038;title=Ximena%20%C3%93rdenes%20se%20refiere%20a%20muerte%20de%20salmones%3A%20%E2%80%9CEsta%20es%20una%20crisis%20ambiental%20que%20debe%20ser%20controlada%20a%20la%20brevedad%E2%80%9D&#038;url=https:\/\/radiorevelacionfm.cl\/?p=3298' aria-hidden='false' data-av_icon='\ue8fc' data-av_iconfont='entypo-fontello' title='' data-avia-related-tooltip='Compartir en LinkedIn' rel=\"noopener\"><span class='avia_hidden_link_text'>Compartir en LinkedIn<\/span><\/a><\/li><li class='av-share-link av-social-link-mail' ><a  aria-label=\"Compartir por correo\" href='mailto:?subject=Ximena%20%C3%93rdenes%20se%20refiere%20a%20muerte%20de%20salmones%3A%20%E2%80%9CEsta%20es%20una%20crisis%20ambiental%20que%20debe%20ser%20controlada%20a%20la%20brevedad%E2%80%9D&#038;body=https:\/\/radiorevelacionfm.cl\/?p=3298' aria-hidden='false' data-av_icon='\ue805' data-av_iconfont='entypo-fontello' title='' data-avia-related-tooltip='Compartir por correo'><span class='avia_hidden_link_text'>Compartir por correo<\/span><\/a><\/li><\/ul><\/div><\/div>\n<div  style='height:50px' class='hr hr-invisible   avia-builder-el-8  el_after_av_social_share  el_before_av_comments_list '><span class='hr-inner ' ><span class='hr-inner-style'><\/span><\/span><\/div>\n<div  class='av-buildercomment  av-blog-meta-html-info-disabled av-blog-meta-tag-disabled  '><\/div>\n","protected":false},"excerpt":{"rendered":"","protected":false},"author":1,"featured_media":0,"comment_status":"open","ping_status":"open","sticky":false,"template":"","format":"standard","meta":{"footnotes":""},"categories":[60,35],"tags":[],"class_list":["post-3298","post","type-post","status-publish","format-standard","hentry","category-pesca","category-politica"],"jetpack_featured_media_url":"","_links":{"self":[{"href":"https:\/\/radiorevelacionfm.cl\/index.php?rest_route=\/wp\/v2\/posts\/3298","targetHints":{"allow":["GET"]}}],"collection":[{"href":"https:\/\/radiorevelacionfm.cl\/index.php?rest_route=\/wp\/v2\/posts"}],"about":[{"href":"https:\/\/radiorevelacionfm.cl\/index.php?rest_route=\/wp\/v2\/types\/post"}],"author":[{"embeddable":true,"href":"https:\/\/radiorevelacionfm.cl\/index.php?rest_route=\/wp\/v2\/users\/1"}],"replies":[{"embeddable":true,"href":"https:\/\/radiorevelacionfm.cl\/index.php?rest_route=%2Fwp%2Fv2%2Fcomments&post=3298"}],"version-history":[{"count":1,"href":"https:\/\/radiorevelacionfm.cl\/index.php?rest_route=\/wp\/v2\/posts\/3298\/revisions"}],"predecessor-version":[{"id":3300,"href":"https:\/\/radiorevelacionfm.cl\/index.php?rest_route=\/wp\/v2\/posts\/3298\/revisions\/3300"}],"wp:attachment":[{"href":"https:\/\/radiorevelacionfm.cl\/index.php?rest_route=%2Fwp%2Fv2%2Fmedia&parent=3298"}],"wp:term":[{"taxonomy":"category","embeddable":true,"href":"https:\/\/radiorevelacionfm.cl\/index.php?rest_route=%2Fwp%2Fv2%2Fcategories&post=3298"},{"taxonomy":"post_tag","embeddable":true,"href":"https:\/\/radiorevelacionfm.cl\/index.php?rest_route=%2Fwp%2Fv2%2Ftags&post=3298"}],"curies":[{"name":"wp","href":"https:\/\/api.w.org\/{rel}","templated":true}]}}