{"id":32979,"date":"2023-07-16T21:41:52","date_gmt":"2023-07-17T00:41:52","guid":{"rendered":"https:\/\/radiorevelacionfm.cl\/?p=32979"},"modified":"2023-07-16T21:41:52","modified_gmt":"2023-07-17T00:41:52","slug":"108-nuevos-hogares-aysen-celebro-la-entrega-de-llaves-a-los-comites-calafate-y-sueno-patagon","status":"publish","type":"post","link":"https:\/\/radiorevelacionfm.cl\/?p=32979","title":{"rendered":"\u201c108 nuevos hogares\u201d: Ays\u00e9n celebr\u00f3 la entrega de llaves a los comit\u00e9s Calafate y Sue\u00f1o Patag\u00f3n"},"content":{"rendered":"<div class=\"flex_column av_one_full  flex_column_div av-zero-column-padding first  avia-builder-el-0  el_before_av_one_full  avia-builder-el-first  \" style='border-radius:0px; '><div  class='avia-image-container  av-styling-    avia-builder-el-1  avia-builder-el-no-sibling  avia-align-center '  itemprop=\"image\" itemscope=\"itemscope\" itemtype=\"https:\/\/schema.org\/ImageObject\"  ><div class='avia-image-container-inner'><div class='avia-image-overlay-wrap'><img decoding=\"async\" class='wp-image-32980 avia-img-lazy-loading-not-32980 avia_image' src=\"https:\/\/radiorevelacionfm.cl\/wp-content\/uploads\/2023\/07\/img-20230715-wa0015-1_optimized-1.jpg\" alt='' title='img-20230715-wa0015-(1)_optimized (1)' height=\"600\" width=\"900\"  itemprop=\"thumbnailUrl\" srcset=\"https:\/\/radiorevelacionfm.cl\/wp-content\/uploads\/2023\/07\/img-20230715-wa0015-1_optimized-1.jpg 900w, https:\/\/radiorevelacionfm.cl\/wp-content\/uploads\/2023\/07\/img-20230715-wa0015-1_optimized-1-300x200.jpg 300w, https:\/\/radiorevelacionfm.cl\/wp-content\/uploads\/2023\/07\/img-20230715-wa0015-1_optimized-1-768x512.jpg 768w, https:\/\/radiorevelacionfm.cl\/wp-content\/uploads\/2023\/07\/img-20230715-wa0015-1_optimized-1-705x470.jpg 705w, https:\/\/radiorevelacionfm.cl\/wp-content\/uploads\/2023\/07\/img-20230715-wa0015-1_optimized-1-450x300.jpg 450w, https:\/\/radiorevelacionfm.cl\/wp-content\/uploads\/2023\/07\/img-20230715-wa0015-1_optimized-1-600x400.jpg 600w\" sizes=\"(max-width: 900px) 100vw, 900px\" \/><\/div><\/div><\/div><\/div><div class=\"flex_column av_one_full  flex_column_div av-zero-column-padding first  avia-builder-el-2  el_after_av_one_full  el_before_av_one_full  column-top-margin\" style='border-radius:0px; '><section class=\"av_textblock_section \"  itemscope=\"itemscope\" itemtype=\"https:\/\/schema.org\/BlogPosting\" itemprop=\"blogPost\" ><div class='avia_textblock  '   itemprop=\"text\" ><p style=\"text-align: center;\"><span style=\"font-size: 18pt;\"><strong>\u201c108 nuevos hogares\u201d: Ays\u00e9n celebr\u00f3 la entrega de llaves a los comit\u00e9s Calafate y Sue\u00f1o Patag\u00f3n<\/strong><\/span><\/p>\n<div id=\"gtx-trans\" style=\"position: absolute; left: -50px; top: 4.31534px;\">\n<div class=\"gtx-trans-icon\"><\/div>\n<\/div>\n<\/div><\/section><\/div><div class=\"flex_column av_one_full  flex_column_div av-zero-column-padding first  avia-builder-el-4  el_after_av_one_full  el_before_av_hr  column-top-margin\" style='border-radius:0px; '><section class=\"av_textblock_section \"  itemscope=\"itemscope\" itemtype=\"https:\/\/schema.org\/BlogPosting\" itemprop=\"blogPost\" ><div class='avia_textblock  '   itemprop=\"text\" ><p style=\"text-align: justify;\">La ciudad de Puerto Ays\u00e9n se ti\u00f1\u00f3 de fiesta durante el viernes, con la celebraci\u00f3n de la tan anhelada entrega de viviendas a 108 familias, pertenecientes a dos Comit\u00e9s; Sue\u00f1o Patag\u00f3n y Calafate. En la ceremonia, participaron diversas autoridades de la regi\u00f3n, quienes acompa\u00f1aron este momento de alegr\u00eda y agradecieron las gestiones que permitieron entregar una vivienda digna, cumpliendo todos los est\u00e1ndares puestos por el gobierno. Estas 108 viviendas se suman a los esfuerzos enmarcados en el Plan de Emergencia Habitacional, que busca cumplir una ambiciosa meta, entregando m\u00e1s de mil viviendas solo en la regi\u00f3n Ays\u00e9n para el final del mandato.<\/p>\n<p style=\"text-align: justify;\">El delegado presidencial regional, Rodrigo Araya, reconoci\u00f3 el compromiso que asumi\u00f3 este gobierno y la responsabilidad con la que se trabaj\u00f3 hasta llegar a este momento: \u201cHoy es un hito muy importante para las 108 familias que van a habitar estas viviendas nuevas, pero tambi\u00e9n un compromiso de nuestro presidente de desarrollar y gestionar adecuadamente la construcci\u00f3n de las viviendas. Este es un proyecto que viene desde antes que nosotros asumi\u00e9ramos el gobierno, pero, que hubo dificultades que nuestra seremi tuvo que resolver junto con la comunidad\u201d, se\u00f1al\u00f3, reconociendo las gestiones realizadas en esta \u00faltima etapa.<\/p>\n<p style=\"text-align: justify;\">\u201cNosotros visualizamos la construcci\u00f3n de viviendas como una pol\u00edtica de Estado, que trasciende los gobiernos. Son 15 a\u00f1os que este comit\u00e9 tuvo que esperar para tener viviendas, por lo tanto, los gobiernos tienen que ser capaces de resolver los problemas a tiempo y hacer que los sistemas funcionen de manera eficiente. Nosotros estamos comprometidos con eso y esta es una muestra de ese esfuerzo que estamos imprimiendo para lograr, justamente, concretar el Plan de Emergencia Habitacional, que nuestro presidente nos encomend\u00f3 en todas las regiones de nuestro pa\u00eds. Esto es un muy buen ejemplo de ello, con estos 108 nuevos hogares\u201d, sostuvo la m\u00e1xima autoridad del gobierno en la regi\u00f3n de Ays\u00e9n.<\/p>\n<p style=\"text-align: justify;\">Del mismo modo, contenta por este hito, la seremi de Vivienda y Urbanismo, Paulina Ruz, a\u00f1adi\u00f3 que \u201cla importancia de esta ceremonia radica en que hoy se quema una etapa, de un proyecto habitacional, que es Calafate Patag\u00f3n, con dos comit\u00e9s, 108 familias, que est\u00e1n hace mas de 15 a\u00f1os esperando su casa propia. Esto nosotros lo ligamos al Plan de Emergencia Habitacional, pero tambi\u00e9n a un mandato que viene desde el presidente de la Rep\u00fablica, Gabriel Boric Font, pero tambi\u00e9n del ministro de Vivienda, Carlos Montes y desde nuestro delegado presidencial, de estar presentes en nuestro territorio, no solamente tomando proyectos nuevos, sino tambi\u00e9n, dando curso y acelerar los que ya vivieron, entendiendo que, la casa propia, el derecho a la vivienda digna, no tiene colores pol\u00edticos\u201d.<\/p>\n<p style=\"text-align: justify;\">\u201cNosotros seguimos comprometidos en seguir cumpliendo nuestra meta, pero tambi\u00e9n, un compromiso con las familias, porque tengan una vida digna y una mejor calidad de vida, siempre acompa\u00f1ando desde el ministerio de Vivienda y Urbanismo\u201d, concluy\u00f3 la seremi, d\u00e1ndole valor a que estas viviendas ten\u00edan que ser un espacio de dignidad para vivir.<\/p>\n<p style=\"text-align: justify;\">En la oportunidad tambi\u00e9n tuvieron palabras de alegr\u00eda y agradecimiento las dirigentes, representantes de estos 108 socios beneficiados. \u201cFeliz de haber terminado este proyecto que ha sido muy dif\u00edcil\u201d, declar\u00f3 Patricia Hern\u00e1ndez, representante del Comit\u00e9 Calafate. Hern\u00e1ndez tambi\u00e9n se refiri\u00f3 a los esfuerzos de las autoridades: \u201cA pesar de que lleva muy poquito con este comit\u00e9, supo comprender que la presi\u00f3n que nosotros ten\u00edamos en representaci\u00f3n de tantos socios, de 108 familias, era dif\u00edcil. Fueron etapas muy complicadas, pero en este momento final, todos estaban felices, todos ansiosos de recibir su casa y terminar con la espera\u201d, se\u00f1al\u00f3, agradeciendo la paciencia de la seremi.<\/p>\n<p style=\"text-align: justify;\">Por su parte, el alcalde (s) de la comuna de Ays\u00e9n, Marco Co\u00f1uecar, manifest\u00f3 felicidad con este importante hito para la ciudad. \u201cEstamos muy contentos como Municipalidad, somos la entidad patrocinante; el compromiso se cumpli\u00f3. Desde el d\u00eda uno que asumimos como administraci\u00f3n, comenzamos el trabajo junto al equipo de la entidad patrocinante, as\u00ed que felicitar a las dirigentes, do\u00f1a Patricia, do\u00f1a Viviana y a las 108 familias que hoy van a ser parte de esta nueva comunidad, donde esperamos que, sean muy felices, que logren sus sue\u00f1os\u201d, declar\u00f3 Co\u00f1uecar, asegurando que \u201cvan a seguir contando con el apoyo del municipio\u201d. Adem\u00e1s, dio las gracias a los servicios y a las seremis que lograron hacer posible esta entrega: \u201cun agradecimiento, a nuestra seremi de Bienes Nacionales, a nuestra seremi, Paulina Ruz, de Vivienda, a nuestro delegado presidencial regional y a todos quienes han apoyado esta gran iniciativa\u201d, indic\u00f3.<\/p>\n<p style=\"text-align: justify;\">Con esta ceremonia de entrega de llaves, fruto de los acuerdos entre la comunidad y los esfuerzos de gobierno, se cierra un largo proceso para estas 108 familias. Cabe destacar que el programa entrega adem\u00e1s una sala multiuso, ubicada en el primer tercio de la obra y la pavimentaci\u00f3n de todo el nuevo sector, ubicado a la salida de la ciudad de Puerto Ays\u00e9n.<\/p>\n<\/div><\/section><\/div><div  style='height:50px' class='hr hr-invisible   avia-builder-el-6  el_after_av_one_full  el_before_av_social_share '><span class='hr-inner ' ><span class='hr-inner-style'><\/span><\/span><\/div><\/p>\n<div  class='av-social-sharing-box  avia-builder-el-7  el_after_av_hr  el_before_av_hr  '><div class='av-share-box'><h5 class='av-share-link-description av-no-toc '>Compartir esta noticia<\/h5><ul class='av-share-box-list noLightbox'><li class='av-share-link av-social-link-facebook' ><a target=\"_blank\" aria-label=\"Compartir en Facebook\" href='https:\/\/www.facebook.com\/sharer.php?u=https:\/\/radiorevelacionfm.cl\/?p=32979&#038;t=%E2%80%9C108%20nuevos%20hogares%E2%80%9D%3A%20Ays%C3%A9n%20celebr%C3%B3%20la%20entrega%20de%20llaves%20a%20los%20comit%C3%A9s%20Calafate%20y%20Sue%C3%B1o%20Patag%C3%B3n' aria-hidden='false' data-av_icon='\ue8f3' data-av_iconfont='entypo-fontello' title='' data-avia-related-tooltip='Compartir en Facebook' rel=\"noopener\"><span class='avia_hidden_link_text'>Compartir en Facebook<\/span><\/a><\/li><li class='av-share-link av-social-link-twitter' ><a target=\"_blank\" aria-label=\"Compartir en Twitter\" href='https:\/\/twitter.com\/share?text=%E2%80%9C108%20nuevos%20hogares%E2%80%9D%3A%20Ays%C3%A9n%20celebr%C3%B3%20la%20entrega%20de%20llaves%20a%20los%20comit%C3%A9s%20Calafate%20y%20Sue%C3%B1o%20Patag%C3%B3n&#038;url=https:\/\/radiorevelacionfm.cl\/?p=32979' aria-hidden='false' data-av_icon='\ue8f1' data-av_iconfont='entypo-fontello' title='' data-avia-related-tooltip='Compartir en Twitter' rel=\"noopener\"><span class='avia_hidden_link_text'>Compartir en Twitter<\/span><\/a><\/li><li class='av-share-link av-social-link-whatsapp' ><a target=\"_blank\" aria-label=\"Compartir en Whatsapp\" href='https:\/\/api.whatsapp.com\/send?text=https:\/\/radiorevelacionfm.cl\/?p=32979' aria-hidden='false' data-av_icon='\uf232' data-av_iconfont='entypo-fontello' title='' data-avia-related-tooltip='Compartir en Whatsapp' rel=\"noopener\"><span class='avia_hidden_link_text'>Compartir en Whatsapp<\/span><\/a><\/li><li class='av-share-link av-social-link-linkedin' ><a target=\"_blank\" aria-label=\"Compartir en LinkedIn\" href='https:\/\/linkedin.com\/shareArticle?mini=true&#038;title=%E2%80%9C108%20nuevos%20hogares%E2%80%9D%3A%20Ays%C3%A9n%20celebr%C3%B3%20la%20entrega%20de%20llaves%20a%20los%20comit%C3%A9s%20Calafate%20y%20Sue%C3%B1o%20Patag%C3%B3n&#038;url=https:\/\/radiorevelacionfm.cl\/?p=32979' aria-hidden='false' data-av_icon='\ue8fc' data-av_iconfont='entypo-fontello' title='' data-avia-related-tooltip='Compartir en LinkedIn' rel=\"noopener\"><span class='avia_hidden_link_text'>Compartir en LinkedIn<\/span><\/a><\/li><li class='av-share-link av-social-link-mail' ><a  aria-label=\"Compartir por correo\" href='mailto:?subject=%E2%80%9C108%20nuevos%20hogares%E2%80%9D%3A%20Ays%C3%A9n%20celebr%C3%B3%20la%20entrega%20de%20llaves%20a%20los%20comit%C3%A9s%20Calafate%20y%20Sue%C3%B1o%20Patag%C3%B3n&#038;body=https:\/\/radiorevelacionfm.cl\/?p=32979' aria-hidden='false' data-av_icon='\ue805' data-av_iconfont='entypo-fontello' title='' data-avia-related-tooltip='Compartir por correo'><span class='avia_hidden_link_text'>Compartir por correo<\/span><\/a><\/li><\/ul><\/div><\/div>\n<div  style='height:50px' class='hr hr-invisible   avia-builder-el-8  el_after_av_social_share  el_before_av_comments_list '><span class='hr-inner ' ><span class='hr-inner-style'><\/span><\/span><\/div>\n<div  class='av-buildercomment  av-blog-meta-html-info-disabled av-blog-meta-tag-disabled  '><\/div>\n","protected":false},"excerpt":{"rendered":"","protected":false},"author":1,"featured_media":32980,"comment_status":"open","ping_status":"open","sticky":false,"template":"","format":"standard","meta":{"footnotes":""},"categories":[57],"tags":[],"class_list":["post-32979","post","type-post","status-publish","format-standard","has-post-thumbnail","hentry","category-vivienda"],"jetpack_featured_media_url":"https:\/\/radiorevelacionfm.cl\/wp-content\/uploads\/2023\/07\/img-20230715-wa0015-1_optimized-1.jpg","_links":{"self":[{"href":"https:\/\/radiorevelacionfm.cl\/index.php?rest_route=\/wp\/v2\/posts\/32979","targetHints":{"allow":["GET"]}}],"collection":[{"href":"https:\/\/radiorevelacionfm.cl\/index.php?rest_route=\/wp\/v2\/posts"}],"about":[{"href":"https:\/\/radiorevelacionfm.cl\/index.php?rest_route=\/wp\/v2\/types\/post"}],"author":[{"embeddable":true,"href":"https:\/\/radiorevelacionfm.cl\/index.php?rest_route=\/wp\/v2\/users\/1"}],"replies":[{"embeddable":true,"href":"https:\/\/radiorevelacionfm.cl\/index.php?rest_route=%2Fwp%2Fv2%2Fcomments&post=32979"}],"version-history":[{"count":1,"href":"https:\/\/radiorevelacionfm.cl\/index.php?rest_route=\/wp\/v2\/posts\/32979\/revisions"}],"predecessor-version":[{"id":32981,"href":"https:\/\/radiorevelacionfm.cl\/index.php?rest_route=\/wp\/v2\/posts\/32979\/revisions\/32981"}],"wp:featuredmedia":[{"embeddable":true,"href":"https:\/\/radiorevelacionfm.cl\/index.php?rest_route=\/wp\/v2\/media\/32980"}],"wp:attachment":[{"href":"https:\/\/radiorevelacionfm.cl\/index.php?rest_route=%2Fwp%2Fv2%2Fmedia&parent=32979"}],"wp:term":[{"taxonomy":"category","embeddable":true,"href":"https:\/\/radiorevelacionfm.cl\/index.php?rest_route=%2Fwp%2Fv2%2Fcategories&post=32979"},{"taxonomy":"post_tag","embeddable":true,"href":"https:\/\/radiorevelacionfm.cl\/index.php?rest_route=%2Fwp%2Fv2%2Ftags&post=32979"}],"curies":[{"name":"wp","href":"https:\/\/api.w.org\/{rel}","templated":true}]}}