{"id":32975,"date":"2023-07-16T21:32:10","date_gmt":"2023-07-17T00:32:10","guid":{"rendered":"https:\/\/radiorevelacionfm.cl\/?p=32975"},"modified":"2023-07-16T21:32:10","modified_gmt":"2023-07-17T00:32:10","slug":"diversos-proyectos-en-el-aerodromo-de-balmaceda-permitiran-mejorar-la-conectividad-de-aysen","status":"publish","type":"post","link":"https:\/\/radiorevelacionfm.cl\/?p=32975","title":{"rendered":"Diversos proyectos en el aer\u00f3dromo de Balmaceda permitir\u00e1n mejorar la conectividad de Ays\u00e9n"},"content":{"rendered":"<div class=\"flex_column av_one_full  flex_column_div av-zero-column-padding first  avia-builder-el-0  el_before_av_one_full  avia-builder-el-first  \" style='border-radius:0px; '><div  class='avia-image-container  av-styling-    avia-builder-el-1  avia-builder-el-no-sibling  avia-align-center '  itemprop=\"image\" itemscope=\"itemscope\" itemtype=\"https:\/\/schema.org\/ImageObject\"  ><div class='avia-image-container-inner'><div class='avia-image-overlay-wrap'><img decoding=\"async\" class='wp-image-32977 avia-img-lazy-loading-not-32977 avia_image' src=\"https:\/\/radiorevelacionfm.cl\/wp-content\/uploads\/2023\/07\/balmaceda-5-1_optimized.jpg\" alt='' title='balmaceda-5-(1)_optimized' height=\"600\" width=\"1645\"  itemprop=\"thumbnailUrl\" srcset=\"https:\/\/radiorevelacionfm.cl\/wp-content\/uploads\/2023\/07\/balmaceda-5-1_optimized.jpg 1645w, https:\/\/radiorevelacionfm.cl\/wp-content\/uploads\/2023\/07\/balmaceda-5-1_optimized-300x109.jpg 300w, https:\/\/radiorevelacionfm.cl\/wp-content\/uploads\/2023\/07\/balmaceda-5-1_optimized-1030x376.jpg 1030w, https:\/\/radiorevelacionfm.cl\/wp-content\/uploads\/2023\/07\/balmaceda-5-1_optimized-768x280.jpg 768w, https:\/\/radiorevelacionfm.cl\/wp-content\/uploads\/2023\/07\/balmaceda-5-1_optimized-1536x560.jpg 1536w, https:\/\/radiorevelacionfm.cl\/wp-content\/uploads\/2023\/07\/balmaceda-5-1_optimized-1500x547.jpg 1500w, https:\/\/radiorevelacionfm.cl\/wp-content\/uploads\/2023\/07\/balmaceda-5-1_optimized-705x257.jpg 705w, https:\/\/radiorevelacionfm.cl\/wp-content\/uploads\/2023\/07\/balmaceda-5-1_optimized-450x164.jpg 450w, https:\/\/radiorevelacionfm.cl\/wp-content\/uploads\/2023\/07\/balmaceda-5-1_optimized-600x219.jpg 600w\" sizes=\"(max-width: 1645px) 100vw, 1645px\" \/><\/div><\/div><\/div><\/div><div class=\"flex_column av_one_full  flex_column_div av-zero-column-padding first  avia-builder-el-2  el_after_av_one_full  el_before_av_one_full  column-top-margin\" style='border-radius:0px; '><section class=\"av_textblock_section \"  itemscope=\"itemscope\" itemtype=\"https:\/\/schema.org\/BlogPosting\" itemprop=\"blogPost\" ><div class='avia_textblock  '   itemprop=\"text\" ><p style=\"text-align: center;\"><strong><span style=\"font-size: 18pt;\">Diversos proyectos en el aer\u00f3dromo de Balmaceda permitir\u00e1n mejorar la conectividad de Ays\u00e9n<\/span><\/strong><\/p>\n<div id=\"gtx-trans\" style=\"position: absolute; left: -50px; top: 4.31534px;\">\n<div class=\"gtx-trans-icon\"><\/div>\n<\/div>\n<\/div><\/section><\/div><div class=\"flex_column av_one_full  flex_column_div av-zero-column-padding first  avia-builder-el-4  el_after_av_one_full  el_before_av_hr  column-top-margin\" style='border-radius:0px; '><section class=\"av_textblock_section \"  itemscope=\"itemscope\" itemtype=\"https:\/\/schema.org\/BlogPosting\" itemprop=\"blogPost\" ><div class='avia_textblock  '   itemprop=\"text\" ><p style=\"text-align: justify;\">El Secretario Regional Ministerial de Obras P\u00fablicas, Patricio Sanhueza Ulloa junto a la Directora Regional de Aeropuertos del Ministerio de Obras P\u00fablicas (DAP-MOP), Anita \u00c1lvarez Lemus, informaron que este a\u00f1o realizar\u00e1n diversos proyectos en el Aer\u00f3dromo de Balmaceda, los que conjuntamente alcanzan una inversi\u00f3n del gobierno de Gabriel Boric a trav\u00e9s de la Direcci\u00f3n Regional de Aeropuertos MOP de $2.300 millones.<\/p>\n<p style=\"text-align: justify;\">\u201cNuestro Ministerio de Obras P\u00fablicas se encuentra trabajando en varias l\u00edneas de acci\u00f3n a trav\u00e9s de la Direcci\u00f3n Regional de Aeropuertos, que consideran mejorar las condiciones en las que se conectan las y los vecinos con otros sectores de la regi\u00f3n de Ays\u00e9n. El Aer\u00f3dromo de Balmaceda es la principal v\u00eda de acceso y salida de nuestra regi\u00f3n, teniendo anualmente m\u00e1s de 5000 operaciones a\u00e9reas y es a trav\u00e9s de \u00e9l que ingresa el turismo, los residentes de la regi\u00f3n, remesas de dinero y diversos insumos y productos que son de primera necesidad todos los d\u00edas, por eso es fundamental que podamos realizar acciones de conservaci\u00f3n que posibiliten que esta infraestructura horizontal (pista) y vertical (Terminal de Pasajeros) pueda mantenerse en \u00f3ptimas condiciones siempre. Estos proyectos se suman al trabajo que estamos realizando en materia de catastro de puntos de posada para helic\u00f3pteros, los que sin duda contribuyen a la seguridad y bienestar de la comunidad\u201d, asegur\u00f3 el SEREMI del MOP.<\/p>\n<p style=\"text-align: justify;\">\u201cEn el Aer\u00f3dromo de Balmaceda vamos a realizar la conservaci\u00f3n de la plataforma de estacionamientos de aeronaves N\u00b02, en donde instalaremos losas prefabricadas, lo que es una innovaci\u00f3n en nuestros contratos, que nos permitir\u00e1 disminuir tanto los tiempos de ejecuci\u00f3n de las obras como el per\u00edodo de cierre de ese estacionamiento. Hoy comenzamos la construcci\u00f3n de las losas de prueba con las dosificaciones y materialidad que se va a utilizar en las losas definitivas que instalaremos el segundo semestre de este a\u00f1o en una superficie de 500 m2. La construcci\u00f3n de las losas presenta 10% en su ejecuci\u00f3n de acuerdo a lo programado.<\/p>\n<p style=\"text-align: justify;\">Un segundo proyecto que se licitar\u00e1 durante el mes de agosto del a\u00f1o en curso para comenzar los trabajos el segundo semestre, es la aplicaci\u00f3n de un sello protector en la pista principal del Aer\u00f3dromo de Balmaceda. \u201cEn las \u00faltimas visitas a terreno, constatamos deterioros menores en un sector de la pista, lo que si bien no impide su funcionamiento, s\u00ed debemos atenderlas para mantener por el mayor tiempo posible en \u00f3ptimas condiciones esta estructura y conservar las condiciones de seguridad de las operaciones a\u00e9reas que se desarrollan en ella. Para mantener operativo el Aer\u00f3dromo, mientras se realizan estos trabajos dispondremos para uso de los operadores a\u00e9reos la pista Alfa, y nos mantendremos coordinados con la Direcci\u00f3n General de Aeron\u00e1utica Civil (DGAC) para hacer seguimiento a cada etapa de este proyecto\u201d, agreg\u00f3 la Directora Regional de Aeropuertos MOP.<\/p>\n<p style=\"text-align: justify;\">El \u00faltimo proyecto que licitaremos durante el mes de septiembre de este a\u00f1o, es la conservaci\u00f3n rutinaria que realizaremos tambi\u00e9n al Aer\u00f3dromo de Balmaceda, la que no implica intervenir el \u00e1rea de movimiento de este Aer\u00f3dromo, pero s\u00ed \u00a0efectuaremos limpieza de fosos, conservaci\u00f3n de alcantarillas, evacuaci\u00f3n de aguas lluvias, trabajos de roce en franja, entre otros<strong>, <\/strong>que todos los a\u00f1os se realizan en la red de 29 Aer\u00f3dromos Regional, y que permiten que la comunidad pueda contar con Aer\u00f3dromos que se mantienen en \u00f3ptimas condiciones y que posibilita conectarse por esta v\u00eda con otros sectores de la regi\u00f3n, servir de apoyo ante emergencias m\u00e9dicas y para diversas Instituciones en el combate de incendios forestales y en algunos casos para soberan\u00eda\u201d, a\u00f1adi\u00f3 la autoridad regional de Aeropuertos MOP.<\/p>\n<p style=\"text-align: justify;\"><strong><u>NUEVO TERMINAL: <\/u><\/strong><\/p>\n<p style=\"text-align: justify;\">La Red Aeroportuaria Austral, incluye el Aer\u00f3dromo de Balmaceda ubicado a 55 km al sureste de la capital regional Coyhaique en la Regi\u00f3n de Ays\u00e9n y el Aeropuerto Presidente Carlos Ib\u00e1\u00f1ez del Campo ubicado a 19 km al noroeste de la ciudad de Punta Arenas en la Regi\u00f3n de Magallanes y de la Ant\u00e1rtica Chilena. La concesi\u00f3n de estos Aer\u00f3dromos -la primera obra concesionada que tendr\u00e1 la regi\u00f3n de Ays\u00e9n- se encuentra a cargo del Consorcio Austral de Aeropuertos, integrado por las empresas Cointer Chile S.A. y la Concesionaria de Aeropuertos del Sur SPA.<\/p>\n<p style=\"text-align: justify;\">Un cuarto proyecto que se va a comenzar a desarrollar este a\u00f1o en el Aer\u00f3dromo de Balmaceda es la construcci\u00f3n del nuevo Terminal de este Aer\u00f3dromo, proceso que hoy se encuentra en fase de instalaci\u00f3n de faenas. Al respecto, Anita \u00c1lvarez indic\u00f3 \u201cestamos en permanente coordinaci\u00f3n tanto con la DGAC y la Direcci\u00f3n General de Concesiones del Ministerio de Obras P\u00fablicas a trav\u00e9s de su Inspector Fiscal, con quienes esta semana nos hemos reunido para exponer los trabajos que realizaremos como Direcci\u00f3n en el Aer\u00f3dromo, y las coordinaciones que debemos mantener para la correcta ejecuci\u00f3n de todas las obras, en pro de mantener la operatividad del Aer\u00f3dromo sin problemas. Adem\u00e1s se coordinar\u00e1 con el inspector fiscal de concesiones una charla de nuestro equipo regional a la empresa constructora Construcciones Urales Chile S.A. a cargo del nuevo terminal para dar a conocer antecedentes hist\u00f3ricos y detalles del dise\u00f1o y construcci\u00f3n del actual Aer\u00f3dromo de Balmaceda que materializ\u00f3 la Direcci\u00f3n Regional de Aeropuertos del MOP, base sobre la cual se construir\u00e1n las nuevas obras, as\u00ed que nos mantendremos en contacto permanente\u201d.<\/p>\n<p style=\"text-align: justify;\">El nuevo Aeropuerto de Balmaceda tendr\u00e1 una superficie construida de 12.391 m2 lo que representa un 416% de incremento en esta \u00e1rea comparada con la actual edificaci\u00f3n, la que tiene 2.235m2; \u00a0el Edificio de Terminal de Pasajeros nuevo se ubicar\u00e1 frente al recinto actual (que pasar\u00e1 a ser el Terminal de Carga). Contar\u00e1 con cinco puentes de embarque (en la actualidad existen 2), tres puestos de seguridad (AVSEC) hoy hay 2; y 17 counters para las aerol\u00edneas (hoy existen 10), y tendr\u00e1 dos cintas de retiro de equipaje. Adicionalmente, se incluyen instalaciones de apoyo para la DGAC y las l\u00edneas a\u00e9reas. El aumento de capacidad tambi\u00e9n contempla 99 nuevos estacionamientos de veh\u00edculos, que se suman a los 173 actuales, permitiendo completar 272 estacionamientos, lo que representa un 57% de incremento. Respecto al n\u00famero de estacionamientos para aeronaves comerciales, \u00e9ste se duplica pasando de 3 a 6; se crear\u00e1n 13 nuevos estacionamientos para aviaci\u00f3n general (corresponde a\u00a0 los aviones peque\u00f1os que se ocupan de atender zonas aisladas), todo lo que hace factible poder atender en el futuro a 1,2 millones de pasajeros por a\u00f1o.<\/p>\n<\/div><\/section><\/div><div  style='height:50px' class='hr hr-invisible   avia-builder-el-6  el_after_av_one_full  el_before_av_social_share '><span class='hr-inner ' ><span class='hr-inner-style'><\/span><\/span><\/div><\/p>\n<div  class='av-social-sharing-box  avia-builder-el-7  el_after_av_hr  el_before_av_hr  '><div class='av-share-box'><h5 class='av-share-link-description av-no-toc '>Compartir esta noticia<\/h5><ul class='av-share-box-list noLightbox'><li class='av-share-link av-social-link-facebook' ><a target=\"_blank\" aria-label=\"Compartir en Facebook\" href='https:\/\/www.facebook.com\/sharer.php?u=https:\/\/radiorevelacionfm.cl\/?p=32975&#038;t=Diversos%20proyectos%20en%20el%20aer%C3%B3dromo%20de%20Balmaceda%20permitir%C3%A1n%20mejorar%20la%20conectividad%20de%20Ays%C3%A9n' aria-hidden='false' data-av_icon='\ue8f3' data-av_iconfont='entypo-fontello' title='' data-avia-related-tooltip='Compartir en Facebook' rel=\"noopener\"><span class='avia_hidden_link_text'>Compartir en Facebook<\/span><\/a><\/li><li class='av-share-link av-social-link-twitter' ><a target=\"_blank\" aria-label=\"Compartir en Twitter\" href='https:\/\/twitter.com\/share?text=Diversos%20proyectos%20en%20el%20aer%C3%B3dromo%20de%20Balmaceda%20permitir%C3%A1n%20mejorar%20la%20conectividad%20de%20Ays%C3%A9n&#038;url=https:\/\/radiorevelacionfm.cl\/?p=32975' aria-hidden='false' data-av_icon='\ue8f1' data-av_iconfont='entypo-fontello' title='' data-avia-related-tooltip='Compartir en Twitter' rel=\"noopener\"><span class='avia_hidden_link_text'>Compartir en Twitter<\/span><\/a><\/li><li class='av-share-link av-social-link-whatsapp' ><a target=\"_blank\" aria-label=\"Compartir en Whatsapp\" href='https:\/\/api.whatsapp.com\/send?text=https:\/\/radiorevelacionfm.cl\/?p=32975' aria-hidden='false' data-av_icon='\uf232' data-av_iconfont='entypo-fontello' title='' data-avia-related-tooltip='Compartir en Whatsapp' rel=\"noopener\"><span class='avia_hidden_link_text'>Compartir en Whatsapp<\/span><\/a><\/li><li class='av-share-link av-social-link-linkedin' ><a target=\"_blank\" aria-label=\"Compartir en LinkedIn\" href='https:\/\/linkedin.com\/shareArticle?mini=true&#038;title=Diversos%20proyectos%20en%20el%20aer%C3%B3dromo%20de%20Balmaceda%20permitir%C3%A1n%20mejorar%20la%20conectividad%20de%20Ays%C3%A9n&#038;url=https:\/\/radiorevelacionfm.cl\/?p=32975' aria-hidden='false' data-av_icon='\ue8fc' data-av_iconfont='entypo-fontello' title='' data-avia-related-tooltip='Compartir en LinkedIn' rel=\"noopener\"><span class='avia_hidden_link_text'>Compartir en LinkedIn<\/span><\/a><\/li><li class='av-share-link av-social-link-mail' ><a  aria-label=\"Compartir por correo\" href='mailto:?subject=Diversos%20proyectos%20en%20el%20aer%C3%B3dromo%20de%20Balmaceda%20permitir%C3%A1n%20mejorar%20la%20conectividad%20de%20Ays%C3%A9n&#038;body=https:\/\/radiorevelacionfm.cl\/?p=32975' aria-hidden='false' data-av_icon='\ue805' data-av_iconfont='entypo-fontello' title='' data-avia-related-tooltip='Compartir por correo'><span class='avia_hidden_link_text'>Compartir por correo<\/span><\/a><\/li><\/ul><\/div><\/div>\n<div  style='height:50px' class='hr hr-invisible   avia-builder-el-8  el_after_av_social_share  el_before_av_comments_list '><span class='hr-inner ' ><span class='hr-inner-style'><\/span><\/span><\/div>\n<div  class='av-buildercomment  av-blog-meta-html-info-disabled av-blog-meta-tag-disabled  '><\/div>\n","protected":false},"excerpt":{"rendered":"","protected":false},"author":1,"featured_media":32977,"comment_status":"open","ping_status":"open","sticky":false,"template":"","format":"standard","meta":{"footnotes":""},"categories":[38],"tags":[],"class_list":["post-32975","post","type-post","status-publish","format-standard","has-post-thumbnail","hentry","category-regional"],"jetpack_featured_media_url":"https:\/\/radiorevelacionfm.cl\/wp-content\/uploads\/2023\/07\/balmaceda-5-1_optimized.jpg","_links":{"self":[{"href":"https:\/\/radiorevelacionfm.cl\/index.php?rest_route=\/wp\/v2\/posts\/32975","targetHints":{"allow":["GET"]}}],"collection":[{"href":"https:\/\/radiorevelacionfm.cl\/index.php?rest_route=\/wp\/v2\/posts"}],"about":[{"href":"https:\/\/radiorevelacionfm.cl\/index.php?rest_route=\/wp\/v2\/types\/post"}],"author":[{"embeddable":true,"href":"https:\/\/radiorevelacionfm.cl\/index.php?rest_route=\/wp\/v2\/users\/1"}],"replies":[{"embeddable":true,"href":"https:\/\/radiorevelacionfm.cl\/index.php?rest_route=%2Fwp%2Fv2%2Fcomments&post=32975"}],"version-history":[{"count":1,"href":"https:\/\/radiorevelacionfm.cl\/index.php?rest_route=\/wp\/v2\/posts\/32975\/revisions"}],"predecessor-version":[{"id":32978,"href":"https:\/\/radiorevelacionfm.cl\/index.php?rest_route=\/wp\/v2\/posts\/32975\/revisions\/32978"}],"wp:featuredmedia":[{"embeddable":true,"href":"https:\/\/radiorevelacionfm.cl\/index.php?rest_route=\/wp\/v2\/media\/32977"}],"wp:attachment":[{"href":"https:\/\/radiorevelacionfm.cl\/index.php?rest_route=%2Fwp%2Fv2%2Fmedia&parent=32975"}],"wp:term":[{"taxonomy":"category","embeddable":true,"href":"https:\/\/radiorevelacionfm.cl\/index.php?rest_route=%2Fwp%2Fv2%2Fcategories&post=32975"},{"taxonomy":"post_tag","embeddable":true,"href":"https:\/\/radiorevelacionfm.cl\/index.php?rest_route=%2Fwp%2Fv2%2Ftags&post=32975"}],"curies":[{"name":"wp","href":"https:\/\/api.w.org\/{rel}","templated":true}]}}