{"id":32971,"date":"2023-07-16T21:06:47","date_gmt":"2023-07-17T00:06:47","guid":{"rendered":"https:\/\/radiorevelacionfm.cl\/?p=32971"},"modified":"2023-07-16T21:06:47","modified_gmt":"2023-07-17T00:06:47","slug":"sernameg-inicia-dos-programas-radiales-en-villa-ohiggins-y-coyhaique","status":"publish","type":"post","link":"https:\/\/radiorevelacionfm.cl\/?p=32971","title":{"rendered":"SernamEG inicia dos programas radiales en Villa O\u00b4Higgins y Coyhaique"},"content":{"rendered":"<div class=\"flex_column av_one_full  flex_column_div av-zero-column-padding first  avia-builder-el-0  el_before_av_one_full  avia-builder-el-first  \" style='border-radius:0px; '><div  class='avia-image-container  av-styling-    avia-builder-el-1  avia-builder-el-no-sibling  avia-align-center '  itemprop=\"image\" itemscope=\"itemscope\" itemtype=\"https:\/\/schema.org\/ImageObject\"  ><div class='avia-image-container-inner'><div class='avia-image-overlay-wrap'><img decoding=\"async\" class='wp-image-32973 avia-img-lazy-loading-not-32973 avia_image' src=\"https:\/\/radiorevelacionfm.cl\/wp-content\/uploads\/2023\/07\/Programas-radiales-SernamEG-4-1-1.jpg\" alt='' title='Programas radiales SernamEG (4) (1) (1)' height=\"600\" width=\"1021\"  itemprop=\"thumbnailUrl\" srcset=\"https:\/\/radiorevelacionfm.cl\/wp-content\/uploads\/2023\/07\/Programas-radiales-SernamEG-4-1-1.jpg 1021w, https:\/\/radiorevelacionfm.cl\/wp-content\/uploads\/2023\/07\/Programas-radiales-SernamEG-4-1-1-300x176.jpg 300w, https:\/\/radiorevelacionfm.cl\/wp-content\/uploads\/2023\/07\/Programas-radiales-SernamEG-4-1-1-768x451.jpg 768w, https:\/\/radiorevelacionfm.cl\/wp-content\/uploads\/2023\/07\/Programas-radiales-SernamEG-4-1-1-705x414.jpg 705w, https:\/\/radiorevelacionfm.cl\/wp-content\/uploads\/2023\/07\/Programas-radiales-SernamEG-4-1-1-450x264.jpg 450w, https:\/\/radiorevelacionfm.cl\/wp-content\/uploads\/2023\/07\/Programas-radiales-SernamEG-4-1-1-600x353.jpg 600w\" sizes=\"(max-width: 1021px) 100vw, 1021px\" \/><\/div><\/div><\/div><\/div><div class=\"flex_column av_one_full  flex_column_div av-zero-column-padding first  avia-builder-el-2  el_after_av_one_full  el_before_av_one_full  column-top-margin\" style='border-radius:0px; '><section class=\"av_textblock_section \"  itemscope=\"itemscope\" itemtype=\"https:\/\/schema.org\/BlogPosting\" itemprop=\"blogPost\" ><div class='avia_textblock  '   itemprop=\"text\" ><p style=\"text-align: center;\"><strong><span style=\"font-size: 18pt;\">SernamEG inicia dos programas radiales en Villa O\u00b4Higgins y Coyhaique<\/span><\/strong><\/p>\n<div id=\"gtx-trans\" style=\"position: absolute; left: -50px; top: 4.31534px;\">\n<div class=\"gtx-trans-icon\"><\/div>\n<\/div>\n<\/div><\/section><\/div><div class=\"flex_column av_one_full  flex_column_div av-zero-column-padding first  avia-builder-el-4  el_after_av_one_full  el_before_av_hr  column-top-margin\" style='border-radius:0px; '><section class=\"av_textblock_section \"  itemscope=\"itemscope\" itemtype=\"https:\/\/schema.org\/BlogPosting\" itemprop=\"blogPost\" ><div class='avia_textblock  '   itemprop=\"text\" ><p style=\"text-align: justify;\">Con el fin de contribuir a generar contenido de inter\u00e9s para la comunidad, en especial a las mujeres y juventudes, el Servicio Nacional de la Mujer y la Equidad de G\u00e9nero, SernamEG, lanz\u00f3 dos espacios radiales, fruto de alianzas de cooperaci\u00f3n con la Municipalidad de O&#8217; Higgins y Ciudadano Radio 93.9 FM.<\/p>\n<p style=\"text-align: justify;\">La Directora Regional (S) de SernamEG, Marta Godoy Carvajal, explic\u00f3 que \u201ca partir de una reuni\u00f3n sostenida con la Municipalidad de O&#8217;Higgins, en mayo pasado, surgi\u00f3 la idea de levantar un proyecto radial dirigido a la localidad, por lo que valoramos el apoyo del Alcalde Fica para concretar esta iniciativa. Esta gesti\u00f3n responde a una labor continua y permanente, en difundir y posicionar la misi\u00f3n de SernamEG que es fortalecer las autonom\u00edas y el ejercicio pleno de los derechos de las diversidades de las mujeres\u201d.<\/p>\n<p style=\"text-align: justify;\">Por su parte, el Alcalde de O \u0301Higgins, Jos\u00e9 Fica G\u00f3mez, se refiri\u00f3 al programa \u00abSernamEG + Cerca de Ti\u00bb en radio R\u00edo Pascua. \u201cNuestro inter\u00e9s en las materias relacionadas con las mujeres es el motivo por el que colaboramos como Municipio con SernamEG, para levantar este proyecto radial. Creemos que esta Instituci\u00f3n, nos puede apoyar con informaci\u00f3n que ayude a la comunidad y es parte de las gestiones que se ha levantado, con el programa municipal Mujer y Equidad de G\u00e9nero, el que comenz\u00f3 a funcionar el a\u00f1o pasado en la comuna; y que la fecha tiene resultados bastantes positivos\u00bb, coment\u00f3.<\/p>\n<p style=\"text-align: justify;\">SERNAMEG + DERECHOS<\/p>\n<p style=\"text-align: justify;\">Un espacio que da cabida a las voces de las mujeres, que se desenvuelven en distintas \u00e1reas en la regi\u00f3n de Ays\u00e9n, es el prop\u00f3sito del programa \u201cSernamEG + Derechos\u201d; que se emite todos los d\u00edas lunes a las 16:00 horas por Ciudadano Radio 93.9 FM en Coyhaique.<\/p>\n<p style=\"text-align: justify;\">La Directora del medio de comunicaci\u00f3n, Jessica Morales Cortez, mencion\u00f3 que \u00abnos interesaba como medio de comunicaci\u00f3n el relevar los testimonios de las mujeres y c\u00f3mo ellas aportan a la Regi\u00f3n desde los espacios en los que se desenvuelven. Por ello, esta alianza con SernamEG, porque consideramos que es la instituci\u00f3n m\u00e1s pertinente; ya que hist\u00f3ricamente las ha apoyado\u00bb.<\/p>\n<p style=\"text-align: justify;\">Finalmente, Marta Godoy Carvajal, precis\u00f3 que \u00abagradecemos a Ciudadano Radio por la oportunidad que nos dieron para la difusi\u00f3n de nuestras actividades; lo que demuestra su compromiso en el cambio cultural; que se necesita como sociedad para el avance en los derechos de las mujeres\u00bb.<\/p>\n<\/div><\/section><\/div><div  style='height:50px' class='hr hr-invisible   avia-builder-el-6  el_after_av_one_full  el_before_av_social_share '><span class='hr-inner ' ><span class='hr-inner-style'><\/span><\/span><\/div><\/p>\n<div  class='av-social-sharing-box  avia-builder-el-7  el_after_av_hr  el_before_av_hr  '><div class='av-share-box'><h5 class='av-share-link-description av-no-toc '>Compartir esta noticia<\/h5><ul class='av-share-box-list noLightbox'><li class='av-share-link av-social-link-facebook' ><a target=\"_blank\" aria-label=\"Compartir en Facebook\" href='https:\/\/www.facebook.com\/sharer.php?u=https:\/\/radiorevelacionfm.cl\/?p=32971&#038;t=SernamEG%20inicia%20dos%20programas%20radiales%20en%20Villa%20O%C2%B4Higgins%20y%20Coyhaique' aria-hidden='false' data-av_icon='\ue8f3' data-av_iconfont='entypo-fontello' title='' data-avia-related-tooltip='Compartir en Facebook' rel=\"noopener\"><span class='avia_hidden_link_text'>Compartir en Facebook<\/span><\/a><\/li><li class='av-share-link av-social-link-twitter' ><a target=\"_blank\" aria-label=\"Compartir en Twitter\" href='https:\/\/twitter.com\/share?text=SernamEG%20inicia%20dos%20programas%20radiales%20en%20Villa%20O%C2%B4Higgins%20y%20Coyhaique&#038;url=https:\/\/radiorevelacionfm.cl\/?p=32971' aria-hidden='false' data-av_icon='\ue8f1' data-av_iconfont='entypo-fontello' title='' data-avia-related-tooltip='Compartir en Twitter' rel=\"noopener\"><span class='avia_hidden_link_text'>Compartir en Twitter<\/span><\/a><\/li><li class='av-share-link av-social-link-whatsapp' ><a target=\"_blank\" aria-label=\"Compartir en Whatsapp\" href='https:\/\/api.whatsapp.com\/send?text=https:\/\/radiorevelacionfm.cl\/?p=32971' aria-hidden='false' data-av_icon='\uf232' data-av_iconfont='entypo-fontello' title='' data-avia-related-tooltip='Compartir en Whatsapp' rel=\"noopener\"><span class='avia_hidden_link_text'>Compartir en Whatsapp<\/span><\/a><\/li><li class='av-share-link av-social-link-linkedin' ><a target=\"_blank\" aria-label=\"Compartir en LinkedIn\" href='https:\/\/linkedin.com\/shareArticle?mini=true&#038;title=SernamEG%20inicia%20dos%20programas%20radiales%20en%20Villa%20O%C2%B4Higgins%20y%20Coyhaique&#038;url=https:\/\/radiorevelacionfm.cl\/?p=32971' aria-hidden='false' data-av_icon='\ue8fc' data-av_iconfont='entypo-fontello' title='' data-avia-related-tooltip='Compartir en LinkedIn' rel=\"noopener\"><span class='avia_hidden_link_text'>Compartir en LinkedIn<\/span><\/a><\/li><li class='av-share-link av-social-link-mail' ><a  aria-label=\"Compartir por correo\" href='mailto:?subject=SernamEG%20inicia%20dos%20programas%20radiales%20en%20Villa%20O%C2%B4Higgins%20y%20Coyhaique&#038;body=https:\/\/radiorevelacionfm.cl\/?p=32971' aria-hidden='false' data-av_icon='\ue805' data-av_iconfont='entypo-fontello' title='' data-avia-related-tooltip='Compartir por correo'><span class='avia_hidden_link_text'>Compartir por correo<\/span><\/a><\/li><\/ul><\/div><\/div>\n<div  style='height:50px' class='hr hr-invisible   avia-builder-el-8  el_after_av_social_share  el_before_av_comments_list '><span class='hr-inner ' ><span class='hr-inner-style'><\/span><\/span><\/div>\n<div  class='av-buildercomment  av-blog-meta-html-info-disabled av-blog-meta-tag-disabled  '><\/div>\n","protected":false},"excerpt":{"rendered":"","protected":false},"author":1,"featured_media":32973,"comment_status":"open","ping_status":"open","sticky":false,"template":"","format":"standard","meta":{"footnotes":""},"categories":[38],"tags":[],"class_list":["post-32971","post","type-post","status-publish","format-standard","has-post-thumbnail","hentry","category-regional"],"jetpack_featured_media_url":"https:\/\/radiorevelacionfm.cl\/wp-content\/uploads\/2023\/07\/Programas-radiales-SernamEG-4-1-1.jpg","_links":{"self":[{"href":"https:\/\/radiorevelacionfm.cl\/index.php?rest_route=\/wp\/v2\/posts\/32971","targetHints":{"allow":["GET"]}}],"collection":[{"href":"https:\/\/radiorevelacionfm.cl\/index.php?rest_route=\/wp\/v2\/posts"}],"about":[{"href":"https:\/\/radiorevelacionfm.cl\/index.php?rest_route=\/wp\/v2\/types\/post"}],"author":[{"embeddable":true,"href":"https:\/\/radiorevelacionfm.cl\/index.php?rest_route=\/wp\/v2\/users\/1"}],"replies":[{"embeddable":true,"href":"https:\/\/radiorevelacionfm.cl\/index.php?rest_route=%2Fwp%2Fv2%2Fcomments&post=32971"}],"version-history":[{"count":1,"href":"https:\/\/radiorevelacionfm.cl\/index.php?rest_route=\/wp\/v2\/posts\/32971\/revisions"}],"predecessor-version":[{"id":32974,"href":"https:\/\/radiorevelacionfm.cl\/index.php?rest_route=\/wp\/v2\/posts\/32971\/revisions\/32974"}],"wp:featuredmedia":[{"embeddable":true,"href":"https:\/\/radiorevelacionfm.cl\/index.php?rest_route=\/wp\/v2\/media\/32973"}],"wp:attachment":[{"href":"https:\/\/radiorevelacionfm.cl\/index.php?rest_route=%2Fwp%2Fv2%2Fmedia&parent=32971"}],"wp:term":[{"taxonomy":"category","embeddable":true,"href":"https:\/\/radiorevelacionfm.cl\/index.php?rest_route=%2Fwp%2Fv2%2Fcategories&post=32971"},{"taxonomy":"post_tag","embeddable":true,"href":"https:\/\/radiorevelacionfm.cl\/index.php?rest_route=%2Fwp%2Fv2%2Ftags&post=32971"}],"curies":[{"name":"wp","href":"https:\/\/api.w.org\/{rel}","templated":true}]}}