{"id":32968,"date":"2023-07-16T19:27:07","date_gmt":"2023-07-16T22:27:07","guid":{"rendered":"https:\/\/radiorevelacionfm.cl\/?p=32968"},"modified":"2023-07-16T19:27:07","modified_gmt":"2023-07-16T22:27:07","slug":"destacan-gestion-conjunta-para-soluciones-energeticas-definitivas-en-raul-marin-balmaceda","status":"publish","type":"post","link":"https:\/\/radiorevelacionfm.cl\/?p=32968","title":{"rendered":"Destacan gesti\u00f3n conjunta para soluciones energ\u00e9ticas definitivas en Ra\u00fal Mar\u00edn Balmaceda"},"content":{"rendered":"<div class=\"flex_column av_one_full  flex_column_div av-zero-column-padding first  avia-builder-el-0  el_before_av_one_full  avia-builder-el-first  \" style='border-radius:0px; '><div  class='avia-image-container  av-styling-    avia-builder-el-1  avia-builder-el-no-sibling  avia-align-center '  itemprop=\"image\" itemscope=\"itemscope\" itemtype=\"https:\/\/schema.org\/ImageObject\"  ><div class='avia-image-container-inner'><div class='avia-image-overlay-wrap'><img decoding=\"async\" class='wp-image-32969 avia-img-lazy-loading-not-32969 avia_image' src=\"https:\/\/radiorevelacionfm.cl\/wp-content\/uploads\/2023\/07\/img_20230712_155032-1_optimized.jpg\" alt='' title='img_20230712_155032-(1)_optimized' height=\"600\" width=\"1333\"  itemprop=\"thumbnailUrl\" srcset=\"https:\/\/radiorevelacionfm.cl\/wp-content\/uploads\/2023\/07\/img_20230712_155032-1_optimized.jpg 1333w, https:\/\/radiorevelacionfm.cl\/wp-content\/uploads\/2023\/07\/img_20230712_155032-1_optimized-300x135.jpg 300w, https:\/\/radiorevelacionfm.cl\/wp-content\/uploads\/2023\/07\/img_20230712_155032-1_optimized-1030x464.jpg 1030w, https:\/\/radiorevelacionfm.cl\/wp-content\/uploads\/2023\/07\/img_20230712_155032-1_optimized-768x346.jpg 768w, https:\/\/radiorevelacionfm.cl\/wp-content\/uploads\/2023\/07\/img_20230712_155032-1_optimized-705x317.jpg 705w, https:\/\/radiorevelacionfm.cl\/wp-content\/uploads\/2023\/07\/img_20230712_155032-1_optimized-450x203.jpg 450w, https:\/\/radiorevelacionfm.cl\/wp-content\/uploads\/2023\/07\/img_20230712_155032-1_optimized-600x270.jpg 600w\" sizes=\"(max-width: 1333px) 100vw, 1333px\" \/><\/div><\/div><\/div><\/div><div class=\"flex_column av_one_full  flex_column_div av-zero-column-padding first  avia-builder-el-2  el_after_av_one_full  el_before_av_one_full  column-top-margin\" style='border-radius:0px; '><section class=\"av_textblock_section \"  itemscope=\"itemscope\" itemtype=\"https:\/\/schema.org\/BlogPosting\" itemprop=\"blogPost\" ><div class='avia_textblock  '   itemprop=\"text\" ><p style=\"text-align: center;\"><strong><span style=\"font-size: 18pt;\">Destacan gesti\u00f3n conjunta para soluciones energ\u00e9ticas definitivas en Ra\u00fal Mar\u00edn Balmaceda<\/span><\/strong><\/p>\n<div id=\"gtx-trans\" style=\"position: absolute; left: -50px; top: 4.31534px;\">\n<div class=\"gtx-trans-icon\"><\/div>\n<\/div>\n<\/div><\/section><\/div><div class=\"flex_column av_one_full  flex_column_div av-zero-column-padding first  avia-builder-el-4  el_after_av_one_full  el_before_av_hr  column-top-margin\" style='border-radius:0px; '><section class=\"av_textblock_section \"  itemscope=\"itemscope\" itemtype=\"https:\/\/schema.org\/BlogPosting\" itemprop=\"blogPost\" ><div class='avia_textblock  '   itemprop=\"text\" ><p style=\"font-weight: 400; text-align: justify;\">Ra\u00fal Mar\u00edn Balmaceda es una localidad rural del litoral norte de la Regi\u00f3n Ays\u00e9n, ubicada unos 350 kil\u00f3metros al norte de Coyhaique, donde viven poco m\u00e1s de 200 habitantes, en su mayor\u00eda, dedicados a la extracci\u00f3n de recursos marinos y al turismo de naturaleza en temporada estival.<\/p>\n<p style=\"font-weight: 400; text-align: justify;\">En la actualidad, el suministro energ\u00e9tico domiciliario se extiende desde las siete de la ma\u00f1ana hasta la una de la madrugada, con per\u00edodos de intermitencia y sin alumbrado p\u00fablico nocturno, lo que se transformar\u00eda el a\u00f1o 2025 cuando la localidad sea conectada al Sistema Palena, uno de los tres sistemas medianos que administra la empresa Edelays\u00e9n.<\/p>\n<p style=\"font-weight: 400; text-align: justify;\">Luego de una inspecci\u00f3n en terreno encabezada por el Delegado Presidencial Regional de Ays\u00e9n, Rodrigo Araya, en compa\u00f1\u00eda del Delegado Provincial, Jorge D\u00edaz, y del seremi de Energ\u00eda, Carlos D\u00edaz, se realiz\u00f3 una asamblea ampliada en la sede social de la junta vecinal de Ra\u00fal Mar\u00edn Balmaceda, donde se expusieron las medidas adoptadas por los ministerios de Energ\u00eda, Bienes Nacionales, Obras P\u00fablicas, Subsecretar\u00eda de Desarrollo Regional y Administrativo (Subdere), Gobierno Regional de Ays\u00e9n y Municipalidad de Cisnes.<\/p>\n<p style=\"font-weight: 400; text-align: justify;\">En t\u00e9rminos generales, se trata de la adquisici\u00f3n de nuevos generadores durante el segundo semestre de este a\u00f1o por parte del Gobierno Regional; reposici\u00f3n del tendido el\u00e9ctrico con recursos de la Subsecretar\u00eda de Desarrollo Regional (Subdere) en un plazo de seis meses y sesi\u00f3n de faja de tierra fiscal para que Edelaysen reanude el establecimiento de tendido el\u00e9ctrico hasta la localidad.<\/p>\n<p style=\"font-weight: 400; text-align: justify;\">El Delegado Rodrigo Araya destac\u00f3 el trabajo integrado de la comunidad e instituciones p\u00fablicas para atender la urgencia mediante los nuevos generadores junto con la reparaci\u00f3n de red el\u00e9ctrica del poblado, mientras se avanza en la soluci\u00f3n definitiva.<\/p>\n<p style=\"font-weight: 400; text-align: justify;\">\u201cEstamos trabajando, el proyecto ya se present\u00f3, eso se ha explicado a la comunidad y est\u00e1 en proceso de resoluci\u00f3n de observaciones t\u00e9cnicas por parte de Subdere a nivel central. Una vez que se resuelvan estas observaciones, se podr\u00e1 proceder con la transferencia de fondos para la ejecuci\u00f3n de la obra, la cual se estima que tomar\u00e1 alrededor de seis meses para completarse\u201d, se\u00f1al\u00f3 el Delegado Presidencial Regional.<\/p>\n<p style=\"font-weight: 400; text-align: justify;\">Entre los vecinos participantes en la asamblea, Kurt Klein Valle destac\u00f3 la importancia de mantener una gesti\u00f3n mancomunada para atender tanto esta, como tambi\u00e9n otras necesidades.<\/p>\n<p style=\"font-weight: 400; text-align: justify;\">\u201cTenemos trabajar en conjunto para que esto fluya y podamos resolver todos los problemas que tenemos, principalmente, en el tema de la energ\u00eda, que es algo que hemos arrastrado durante m\u00e1s de seis a\u00f1os\u201d, concluy\u00f3 el dirigente,<\/p>\n<p style=\"font-weight: 400; text-align: justify;\">El seremi de Energ\u00eda, Carlos D\u00edaz a\u00f1adi\u00f3 que \u201cdesde hace varios meses estamos trabajando en una soluci\u00f3n para rehacer, pr\u00e1cticamente, el sistema de distribuci\u00f3n, que es uno de los problemas. Por otro lado, el municipio ten\u00eda unos recursos que hab\u00eda transferido el Gobierno Regional para la compra de generadores; y nos acaba de llegar la segunda ronda de observaciones de Subdere para el sistema de distribuci\u00f3n, que ya lo estamos trabajando y esperamos que a la brevedad est\u00e9n los dos problemas solucionados\u201d.<\/p>\n<p style=\"font-weight: 400; text-align: justify;\">El alcalde de Cisnes, Francisco Roncagliolo, consider\u00f3 que el trabajo conjunto ha permitido estos avances. \u201cLa red el\u00e9ctrica interna, que estamos mejorando tambi\u00e9n con un trabajo con el Ministerio de Energ\u00eda, adem\u00e1s de que Ra\u00fal Mar\u00edn Balmaceda va a tener tambi\u00e9n fibra \u00f3ptica. Por lo tanto, se est\u00e1 avanzando en un proyecto que viene desde hace bastante tiempo, pero que al final del d\u00eda se van a transformar en soluciones definitivas\u201d, expres\u00f3.<\/p>\n<p style=\"font-weight: 400; text-align: justify;\">La asamblea reuni\u00f3 adem\u00e1s a los seremis de Obras P\u00fablicas, Patricio Sanhueza, y de Econom\u00eda, Fomento y Turismo, Felipe Rojas; director regional de Corfo, Humberto Mar\u00edn, jefe de Subdere, Guillermo Mart\u00ednez, y la consejera Paola Rodr\u00edguez, adem\u00e1s de un equipo de Bienes Nacionales, abord\u00e1ndose otros temas de inter\u00e9s por parte de la ciudadan\u00eda, como el manejo de residuos domiciliarios, uso del borde costero, infraestructura p\u00fablica e instrumentos de fomento productivo, entre otros.<\/p>\n<\/div><\/section><\/div><div  style='height:50px' class='hr hr-invisible   avia-builder-el-6  el_after_av_one_full  el_before_av_social_share '><span class='hr-inner ' ><span class='hr-inner-style'><\/span><\/span><\/div><\/p>\n<div  class='av-social-sharing-box  avia-builder-el-7  el_after_av_hr  el_before_av_hr  '><div class='av-share-box'><h5 class='av-share-link-description av-no-toc '>Compartir esta noticia<\/h5><ul class='av-share-box-list noLightbox'><li class='av-share-link av-social-link-facebook' ><a target=\"_blank\" aria-label=\"Compartir en Facebook\" href='https:\/\/www.facebook.com\/sharer.php?u=https:\/\/radiorevelacionfm.cl\/?p=32968&#038;t=Destacan%20gesti%C3%B3n%20conjunta%20para%20soluciones%20energ%C3%A9ticas%20definitivas%20en%20Ra%C3%BAl%20Mar%C3%ADn%20Balmaceda' aria-hidden='false' data-av_icon='\ue8f3' data-av_iconfont='entypo-fontello' title='' data-avia-related-tooltip='Compartir en Facebook' rel=\"noopener\"><span class='avia_hidden_link_text'>Compartir en Facebook<\/span><\/a><\/li><li class='av-share-link av-social-link-twitter' ><a target=\"_blank\" aria-label=\"Compartir en Twitter\" href='https:\/\/twitter.com\/share?text=Destacan%20gesti%C3%B3n%20conjunta%20para%20soluciones%20energ%C3%A9ticas%20definitivas%20en%20Ra%C3%BAl%20Mar%C3%ADn%20Balmaceda&#038;url=https:\/\/radiorevelacionfm.cl\/?p=32968' aria-hidden='false' data-av_icon='\ue8f1' data-av_iconfont='entypo-fontello' title='' data-avia-related-tooltip='Compartir en Twitter' rel=\"noopener\"><span class='avia_hidden_link_text'>Compartir en Twitter<\/span><\/a><\/li><li class='av-share-link av-social-link-whatsapp' ><a target=\"_blank\" aria-label=\"Compartir en Whatsapp\" href='https:\/\/api.whatsapp.com\/send?text=https:\/\/radiorevelacionfm.cl\/?p=32968' aria-hidden='false' data-av_icon='\uf232' data-av_iconfont='entypo-fontello' title='' data-avia-related-tooltip='Compartir en Whatsapp' rel=\"noopener\"><span class='avia_hidden_link_text'>Compartir en Whatsapp<\/span><\/a><\/li><li class='av-share-link av-social-link-linkedin' ><a target=\"_blank\" aria-label=\"Compartir en LinkedIn\" href='https:\/\/linkedin.com\/shareArticle?mini=true&#038;title=Destacan%20gesti%C3%B3n%20conjunta%20para%20soluciones%20energ%C3%A9ticas%20definitivas%20en%20Ra%C3%BAl%20Mar%C3%ADn%20Balmaceda&#038;url=https:\/\/radiorevelacionfm.cl\/?p=32968' aria-hidden='false' data-av_icon='\ue8fc' data-av_iconfont='entypo-fontello' title='' data-avia-related-tooltip='Compartir en LinkedIn' rel=\"noopener\"><span class='avia_hidden_link_text'>Compartir en LinkedIn<\/span><\/a><\/li><li class='av-share-link av-social-link-mail' ><a  aria-label=\"Compartir por correo\" href='mailto:?subject=Destacan%20gesti%C3%B3n%20conjunta%20para%20soluciones%20energ%C3%A9ticas%20definitivas%20en%20Ra%C3%BAl%20Mar%C3%ADn%20Balmaceda&#038;body=https:\/\/radiorevelacionfm.cl\/?p=32968' aria-hidden='false' data-av_icon='\ue805' data-av_iconfont='entypo-fontello' title='' data-avia-related-tooltip='Compartir por correo'><span class='avia_hidden_link_text'>Compartir por correo<\/span><\/a><\/li><\/ul><\/div><\/div>\n<div  style='height:50px' class='hr hr-invisible   avia-builder-el-8  el_after_av_social_share  el_before_av_comments_list '><span class='hr-inner ' ><span class='hr-inner-style'><\/span><\/span><\/div>\n<div  class='av-buildercomment  av-blog-meta-html-info-disabled av-blog-meta-tag-disabled  '><\/div>\n","protected":false},"excerpt":{"rendered":"","protected":false},"author":1,"featured_media":32969,"comment_status":"open","ping_status":"open","sticky":false,"template":"","format":"standard","meta":{"footnotes":""},"categories":[38],"tags":[],"class_list":["post-32968","post","type-post","status-publish","format-standard","has-post-thumbnail","hentry","category-regional"],"jetpack_featured_media_url":"https:\/\/radiorevelacionfm.cl\/wp-content\/uploads\/2023\/07\/img_20230712_155032-1_optimized.jpg","_links":{"self":[{"href":"https:\/\/radiorevelacionfm.cl\/index.php?rest_route=\/wp\/v2\/posts\/32968","targetHints":{"allow":["GET"]}}],"collection":[{"href":"https:\/\/radiorevelacionfm.cl\/index.php?rest_route=\/wp\/v2\/posts"}],"about":[{"href":"https:\/\/radiorevelacionfm.cl\/index.php?rest_route=\/wp\/v2\/types\/post"}],"author":[{"embeddable":true,"href":"https:\/\/radiorevelacionfm.cl\/index.php?rest_route=\/wp\/v2\/users\/1"}],"replies":[{"embeddable":true,"href":"https:\/\/radiorevelacionfm.cl\/index.php?rest_route=%2Fwp%2Fv2%2Fcomments&post=32968"}],"version-history":[{"count":1,"href":"https:\/\/radiorevelacionfm.cl\/index.php?rest_route=\/wp\/v2\/posts\/32968\/revisions"}],"predecessor-version":[{"id":32970,"href":"https:\/\/radiorevelacionfm.cl\/index.php?rest_route=\/wp\/v2\/posts\/32968\/revisions\/32970"}],"wp:featuredmedia":[{"embeddable":true,"href":"https:\/\/radiorevelacionfm.cl\/index.php?rest_route=\/wp\/v2\/media\/32969"}],"wp:attachment":[{"href":"https:\/\/radiorevelacionfm.cl\/index.php?rest_route=%2Fwp%2Fv2%2Fmedia&parent=32968"}],"wp:term":[{"taxonomy":"category","embeddable":true,"href":"https:\/\/radiorevelacionfm.cl\/index.php?rest_route=%2Fwp%2Fv2%2Fcategories&post=32968"},{"taxonomy":"post_tag","embeddable":true,"href":"https:\/\/radiorevelacionfm.cl\/index.php?rest_route=%2Fwp%2Fv2%2Ftags&post=32968"}],"curies":[{"name":"wp","href":"https:\/\/api.w.org\/{rel}","templated":true}]}}