{"id":32965,"date":"2023-07-15T21:53:19","date_gmt":"2023-07-16T00:53:19","guid":{"rendered":"https:\/\/radiorevelacionfm.cl\/?p=32965"},"modified":"2023-07-15T21:53:19","modified_gmt":"2023-07-16T00:53:19","slug":"con-rebaja-tarifaria-y-otras-medidas-abordaran-alza-de-cuentas-de-las-familias-de-guaitecas-durante-este-invierno","status":"publish","type":"post","link":"https:\/\/radiorevelacionfm.cl\/?p=32965","title":{"rendered":"Con rebaja tarifaria y otras medidas, abordar\u00e1n alza de cuentas de las familias de Guaitecas durante este invierno"},"content":{"rendered":"<div class=\"flex_column av_one_full  flex_column_div av-zero-column-padding first  avia-builder-el-0  el_before_av_one_full  avia-builder-el-first  \" style='border-radius:0px; '><div  class='avia-image-container  av-styling-    avia-builder-el-1  avia-builder-el-no-sibling  avia-align-center '  itemprop=\"image\" itemscope=\"itemscope\" itemtype=\"https:\/\/schema.org\/ImageObject\"  ><div class='avia-image-container-inner'><div class='avia-image-overlay-wrap'><img decoding=\"async\" class='wp-image-32966 avia-img-lazy-loading-not-32966 avia_image' src=\"https:\/\/radiorevelacionfm.cl\/wp-content\/uploads\/2023\/07\/reunion-con-juntas-de-vecinos-02-1_optimized.jpg\" alt='' title='reunion-con-juntas-de-vecinos-02-(1)_optimized' height=\"600\" width=\"1062\"  itemprop=\"thumbnailUrl\" srcset=\"https:\/\/radiorevelacionfm.cl\/wp-content\/uploads\/2023\/07\/reunion-con-juntas-de-vecinos-02-1_optimized.jpg 1062w, https:\/\/radiorevelacionfm.cl\/wp-content\/uploads\/2023\/07\/reunion-con-juntas-de-vecinos-02-1_optimized-300x169.jpg 300w, https:\/\/radiorevelacionfm.cl\/wp-content\/uploads\/2023\/07\/reunion-con-juntas-de-vecinos-02-1_optimized-1030x582.jpg 1030w, https:\/\/radiorevelacionfm.cl\/wp-content\/uploads\/2023\/07\/reunion-con-juntas-de-vecinos-02-1_optimized-768x434.jpg 768w, https:\/\/radiorevelacionfm.cl\/wp-content\/uploads\/2023\/07\/reunion-con-juntas-de-vecinos-02-1_optimized-705x398.jpg 705w, https:\/\/radiorevelacionfm.cl\/wp-content\/uploads\/2023\/07\/reunion-con-juntas-de-vecinos-02-1_optimized-450x254.jpg 450w, https:\/\/radiorevelacionfm.cl\/wp-content\/uploads\/2023\/07\/reunion-con-juntas-de-vecinos-02-1_optimized-600x339.jpg 600w\" sizes=\"(max-width: 1062px) 100vw, 1062px\" \/><\/div><\/div><\/div><\/div><div class=\"flex_column av_one_full  flex_column_div av-zero-column-padding first  avia-builder-el-2  el_after_av_one_full  el_before_av_one_full  column-top-margin\" style='border-radius:0px; '><section class=\"av_textblock_section \"  itemscope=\"itemscope\" itemtype=\"https:\/\/schema.org\/BlogPosting\" itemprop=\"blogPost\" ><div class='avia_textblock  '   itemprop=\"text\" ><p style=\"text-align: center;\"><strong><span style=\"font-size: 18pt;\">Con rebaja tarifaria y otras medidas, abordar\u00e1n alza de cuentas de las familias de Guaitecas durante este invierno<\/span><\/strong><\/p>\n<div id=\"gtx-trans\" style=\"position: absolute; left: -50px; top: 4.31534px;\">\n<div class=\"gtx-trans-icon\"><\/div>\n<\/div>\n<\/div><\/section><\/div><div class=\"flex_column av_one_full  flex_column_div av-zero-column-padding first  avia-builder-el-4  el_after_av_one_full  el_before_av_hr  column-top-margin\" style='border-radius:0px; '><section class=\"av_textblock_section \"  itemscope=\"itemscope\" itemtype=\"https:\/\/schema.org\/BlogPosting\" itemprop=\"blogPost\" ><div class='avia_textblock  '   itemprop=\"text\" ><p style=\"text-align: justify;\">Producto de varios casos de alzas exponenciales en las cuentas de electricidad de vecinos de Guaitecas y a solicitud del alcalde de la comuna, Marcos Silva, la planta el\u00e9ctrica de Melinka modificar\u00e1 sus tarifas, rebaj\u00e1ndolas en todos sus tramos y revisar\u00e1 caso a caso para ver los motivos de las alzas en el consumo y con ellos en las cuentas mensuales.<\/p>\n<p style=\"text-align: justify;\">As\u00ed se acord\u00f3 tras la sesi\u00f3n de Concejo Municipal de esta semana y en una reuni\u00f3n del alcalde Silva con dirigentes de varias juntas de vecinos de la comuna para analizar este y otros temas de inter\u00e9s de las organizaciones territoriales.<\/p>\n<p style=\"text-align: justify;\">Al respecto el alcalde de Guaitecas dijo que les ha llamado la atenci\u00f3n que, si bien hubo una modificaci\u00f3n tarifaria que se est\u00e1 aplicando desde hace un tiempo para solventar los gastos de la planta el\u00e9ctrica, el aumento en las cuentas no ha sido parejo para todos y hay casos en los que la cuentas se dispararon m\u00e1s all\u00e1 de lo normal.<\/p>\n<p style=\"text-align: justify;\">\u201cSabemos que producto del alza tarifaria algunos vecinos han tenido inconvenientes importantes, pero nos llama la atenci\u00f3n que hay un grupo de personas que no han sufrido esas alzas importantes, entonces lo que analizamos en el Concejo Municipal y posteriormente con las juntas de vecinos, es que no hay una situaci\u00f3n general en los cerca de 900 empalmes que hay en la comuna y que hayan experimentado un alza similar, sino que pas\u00f3 en algunos grupos y eso nos llama la atenci\u00f3n y que fue lo que planteamos al encargado de la planta el\u00e9ctrica\u201d, dijo el alcalde Silva, quien explic\u00f3 que efectivamente se entiende que adem\u00e1s del aumento en las tarifas, en los hogares de la comuna hay m\u00e1s consumo de electricidad en los meses de invierno.<\/p>\n<p style=\"text-align: justify;\">Por ello, a\u00f1adi\u00f3 el alcalde Silva, \u201cle pedimos al encargado de la planta el\u00e9ctrica que haga una modificaci\u00f3n en la tarifa para que se aplique para el pr\u00f3ximo mes, lo que va a significar recaudar menos fondos para poder mantener las 24 hora de luz\u201d, dijo la autoridad comunal.<\/p>\n<p style=\"text-align: justify;\">Con relaci\u00f3n a la reuni\u00f3n con dirigentes de las juntas de vecinos de Los Cipreses, La Copa y La Arena, el alcalde Marcos Silva se\u00f1al\u00f3 que ellos manifestaron su voluntad de sumarse a las gestiones que sean necesarias para que se aumente el subsidio el\u00e9ctrico que llega a la comuna, de tal forma de aliviar esta carga que se est\u00e1 haciendo muy pesada para muchas familias de la comuna.<\/p>\n<p style=\"text-align: justify;\">\u201cQueremos generar pronto una reuni\u00f3n con la gobernadora y su equipo y oficiar solicitando que venga a Melinka para que las juntas de vecinos planteen esta situaci\u00f3n y no sea s\u00f3lo el alcalde, la municipalidad o el concejo, pues cuando adem\u00e1s una comunidad, representada por sus juntas de vecinos, plantean un problema, sin duda toma m\u00e1s fuerza y permite que la autoridad preste m\u00e1s atenci\u00f3n\u201d, se\u00f1al\u00f3 finalmente el alcalde de Guaitecas, Marcos Silva.<\/p>\n<\/div><\/section><\/div><div  style='height:50px' class='hr hr-invisible   avia-builder-el-6  el_after_av_one_full  el_before_av_social_share '><span class='hr-inner ' ><span class='hr-inner-style'><\/span><\/span><\/div><\/p>\n<div  class='av-social-sharing-box  avia-builder-el-7  el_after_av_hr  el_before_av_hr  '><div class='av-share-box'><h5 class='av-share-link-description av-no-toc '>Compartir esta noticia<\/h5><ul class='av-share-box-list noLightbox'><li class='av-share-link av-social-link-facebook' ><a target=\"_blank\" aria-label=\"Compartir en Facebook\" href='https:\/\/www.facebook.com\/sharer.php?u=https:\/\/radiorevelacionfm.cl\/?p=32965&#038;t=Con%20rebaja%20tarifaria%20y%20otras%20medidas%2C%20abordar%C3%A1n%20alza%20de%20cuentas%20de%20las%20familias%20de%20Guaitecas%20durante%20este%20invierno' aria-hidden='false' data-av_icon='\ue8f3' data-av_iconfont='entypo-fontello' title='' data-avia-related-tooltip='Compartir en Facebook' rel=\"noopener\"><span class='avia_hidden_link_text'>Compartir en Facebook<\/span><\/a><\/li><li class='av-share-link av-social-link-twitter' ><a target=\"_blank\" aria-label=\"Compartir en Twitter\" href='https:\/\/twitter.com\/share?text=Con%20rebaja%20tarifaria%20y%20otras%20medidas%2C%20abordar%C3%A1n%20alza%20de%20cuentas%20de%20las%20familias%20de%20Guaitecas%20durante%20este%20invierno&#038;url=https:\/\/radiorevelacionfm.cl\/?p=32965' aria-hidden='false' data-av_icon='\ue8f1' data-av_iconfont='entypo-fontello' title='' data-avia-related-tooltip='Compartir en Twitter' rel=\"noopener\"><span class='avia_hidden_link_text'>Compartir en Twitter<\/span><\/a><\/li><li class='av-share-link av-social-link-whatsapp' ><a target=\"_blank\" aria-label=\"Compartir en Whatsapp\" href='https:\/\/api.whatsapp.com\/send?text=https:\/\/radiorevelacionfm.cl\/?p=32965' aria-hidden='false' data-av_icon='\uf232' data-av_iconfont='entypo-fontello' title='' data-avia-related-tooltip='Compartir en Whatsapp' rel=\"noopener\"><span class='avia_hidden_link_text'>Compartir en Whatsapp<\/span><\/a><\/li><li class='av-share-link av-social-link-linkedin' ><a target=\"_blank\" aria-label=\"Compartir en LinkedIn\" href='https:\/\/linkedin.com\/shareArticle?mini=true&#038;title=Con%20rebaja%20tarifaria%20y%20otras%20medidas%2C%20abordar%C3%A1n%20alza%20de%20cuentas%20de%20las%20familias%20de%20Guaitecas%20durante%20este%20invierno&#038;url=https:\/\/radiorevelacionfm.cl\/?p=32965' aria-hidden='false' data-av_icon='\ue8fc' data-av_iconfont='entypo-fontello' title='' data-avia-related-tooltip='Compartir en LinkedIn' rel=\"noopener\"><span class='avia_hidden_link_text'>Compartir en LinkedIn<\/span><\/a><\/li><li class='av-share-link av-social-link-mail' ><a  aria-label=\"Compartir por correo\" href='mailto:?subject=Con%20rebaja%20tarifaria%20y%20otras%20medidas%2C%20abordar%C3%A1n%20alza%20de%20cuentas%20de%20las%20familias%20de%20Guaitecas%20durante%20este%20invierno&#038;body=https:\/\/radiorevelacionfm.cl\/?p=32965' aria-hidden='false' data-av_icon='\ue805' data-av_iconfont='entypo-fontello' title='' data-avia-related-tooltip='Compartir por correo'><span class='avia_hidden_link_text'>Compartir por correo<\/span><\/a><\/li><\/ul><\/div><\/div>\n<div  style='height:50px' class='hr hr-invisible   avia-builder-el-8  el_after_av_social_share  el_before_av_comments_list '><span class='hr-inner ' ><span class='hr-inner-style'><\/span><\/span><\/div>\n<div  class='av-buildercomment  av-blog-meta-html-info-disabled av-blog-meta-tag-disabled  '><\/div>\n","protected":false},"excerpt":{"rendered":"","protected":false},"author":1,"featured_media":32966,"comment_status":"open","ping_status":"open","sticky":false,"template":"","format":"standard","meta":{"footnotes":""},"categories":[38],"tags":[],"class_list":["post-32965","post","type-post","status-publish","format-standard","has-post-thumbnail","hentry","category-regional"],"jetpack_featured_media_url":"https:\/\/radiorevelacionfm.cl\/wp-content\/uploads\/2023\/07\/reunion-con-juntas-de-vecinos-02-1_optimized.jpg","_links":{"self":[{"href":"https:\/\/radiorevelacionfm.cl\/index.php?rest_route=\/wp\/v2\/posts\/32965","targetHints":{"allow":["GET"]}}],"collection":[{"href":"https:\/\/radiorevelacionfm.cl\/index.php?rest_route=\/wp\/v2\/posts"}],"about":[{"href":"https:\/\/radiorevelacionfm.cl\/index.php?rest_route=\/wp\/v2\/types\/post"}],"author":[{"embeddable":true,"href":"https:\/\/radiorevelacionfm.cl\/index.php?rest_route=\/wp\/v2\/users\/1"}],"replies":[{"embeddable":true,"href":"https:\/\/radiorevelacionfm.cl\/index.php?rest_route=%2Fwp%2Fv2%2Fcomments&post=32965"}],"version-history":[{"count":1,"href":"https:\/\/radiorevelacionfm.cl\/index.php?rest_route=\/wp\/v2\/posts\/32965\/revisions"}],"predecessor-version":[{"id":32967,"href":"https:\/\/radiorevelacionfm.cl\/index.php?rest_route=\/wp\/v2\/posts\/32965\/revisions\/32967"}],"wp:featuredmedia":[{"embeddable":true,"href":"https:\/\/radiorevelacionfm.cl\/index.php?rest_route=\/wp\/v2\/media\/32966"}],"wp:attachment":[{"href":"https:\/\/radiorevelacionfm.cl\/index.php?rest_route=%2Fwp%2Fv2%2Fmedia&parent=32965"}],"wp:term":[{"taxonomy":"category","embeddable":true,"href":"https:\/\/radiorevelacionfm.cl\/index.php?rest_route=%2Fwp%2Fv2%2Fcategories&post=32965"},{"taxonomy":"post_tag","embeddable":true,"href":"https:\/\/radiorevelacionfm.cl\/index.php?rest_route=%2Fwp%2Fv2%2Ftags&post=32965"}],"curies":[{"name":"wp","href":"https:\/\/api.w.org\/{rel}","templated":true}]}}