{"id":32962,"date":"2023-07-15T18:07:08","date_gmt":"2023-07-15T21:07:08","guid":{"rendered":"https:\/\/radiorevelacionfm.cl\/?p=32962"},"modified":"2023-07-15T18:07:08","modified_gmt":"2023-07-15T21:07:08","slug":"reforma-previsional-gobierno-y-partidos-politicos-acuerdan-reunion-con-representantes-tecnicos-para-ingresar-indicaciones","status":"publish","type":"post","link":"https:\/\/radiorevelacionfm.cl\/?p=32962","title":{"rendered":"Reforma previsional: Gobierno y partidos pol\u00edticos acuerdan reuni\u00f3n con representantes t\u00e9cnicos para ingresar indicaciones"},"content":{"rendered":"<div class=\"flex_column av_one_full  flex_column_div av-zero-column-padding first  avia-builder-el-0  el_before_av_one_full  avia-builder-el-first  \" style='border-radius:0px; '><div  class='avia-image-container  av-styling-    avia-builder-el-1  avia-builder-el-no-sibling  avia-align-center '  itemprop=\"image\" itemscope=\"itemscope\" itemtype=\"https:\/\/schema.org\/ImageObject\"  ><div class='avia-image-container-inner'><div class='avia-image-overlay-wrap'><img decoding=\"async\" class='wp-image-32963 avia-img-lazy-loading-not-32963 avia_image' src=\"https:\/\/radiorevelacionfm.cl\/wp-content\/uploads\/2023\/07\/140723-rp_18-1_optimized.jpg\" alt='' title='140723-rp_18-(1)_optimized' height=\"600\" width=\"900\"  itemprop=\"thumbnailUrl\" srcset=\"https:\/\/radiorevelacionfm.cl\/wp-content\/uploads\/2023\/07\/140723-rp_18-1_optimized.jpg 900w, https:\/\/radiorevelacionfm.cl\/wp-content\/uploads\/2023\/07\/140723-rp_18-1_optimized-300x200.jpg 300w, https:\/\/radiorevelacionfm.cl\/wp-content\/uploads\/2023\/07\/140723-rp_18-1_optimized-768x512.jpg 768w, https:\/\/radiorevelacionfm.cl\/wp-content\/uploads\/2023\/07\/140723-rp_18-1_optimized-705x470.jpg 705w, https:\/\/radiorevelacionfm.cl\/wp-content\/uploads\/2023\/07\/140723-rp_18-1_optimized-450x300.jpg 450w, https:\/\/radiorevelacionfm.cl\/wp-content\/uploads\/2023\/07\/140723-rp_18-1_optimized-600x400.jpg 600w\" sizes=\"(max-width: 900px) 100vw, 900px\" \/><\/div><\/div><\/div><\/div><div class=\"flex_column av_one_full  flex_column_div av-zero-column-padding first  avia-builder-el-2  el_after_av_one_full  el_before_av_one_full  column-top-margin\" style='border-radius:0px; '><section class=\"av_textblock_section \"  itemscope=\"itemscope\" itemtype=\"https:\/\/schema.org\/BlogPosting\" itemprop=\"blogPost\" ><div class='avia_textblock  '   itemprop=\"text\" ><p style=\"text-align: center;\"><span style=\"font-size: 18pt;\"><b><span lang=\"ES-TRAD\">Reforma previsional: Gobierno y partidos pol\u00edticos acuerdan reuni\u00f3n con representantes t\u00e9cnicos para ingresar indicaciones<\/span><\/b><\/span><\/p>\n<div id=\"gtx-trans\" style=\"position: absolute; left: -50px; top: 4.31534px;\">\n<div class=\"gtx-trans-icon\"><\/div>\n<\/div>\n<\/div><\/section><\/div><div class=\"flex_column av_one_full  flex_column_div av-zero-column-padding first  avia-builder-el-4  el_after_av_one_full  el_before_av_hr  column-top-margin\" style='border-radius:0px; '><section class=\"av_textblock_section \"  itemscope=\"itemscope\" itemtype=\"https:\/\/schema.org\/BlogPosting\" itemprop=\"blogPost\" ><div class='avia_textblock  '   itemprop=\"text\" ><p class=\"v1MsoNormal\" style=\"text-align: justify;\"><span lang=\"ES-TRAD\">Este viernes se llev\u00f3 a cabo la reuni\u00f3n entre el Gobierno y los partidos pol\u00edticos, con el objetivo de viabilizar la tramitaci\u00f3n de la reforma previsional. La cita fue encabezada por la ministra del Trabajo y Previsi\u00f3n Social, Jeannette Jara, y el ministro de la Secretar\u00eda General de la Presidencia (Segpres), \u00c1lvaro Elizalde, adem\u00e1s de los subsecretarios de Previsi\u00f3n Social, Claudio Reyes; de la Segpres, Macarena Lobos; y de Hacienda, Heidi Berner. La instancia tambi\u00e9n cont\u00f3 con la presencia del superintendente de Pensiones, Osvaldo Mac\u00edas.\u00a0<\/span><\/p>\n<p class=\"v1MsoNormal\" style=\"text-align: justify;\"><span lang=\"ES-TRAD\">En la cita, que se desarroll\u00f3 en el Ministerio del Trabajo y Previsi\u00f3n Social, se acord\u00f3 fijar una reuni\u00f3n, que ser\u00e1 de car\u00e1cter t\u00e9cnico, que contar\u00e1 con representantes de cada uno de los partidos pol\u00edticos. Ello, con el objetivo de iniciar la discusi\u00f3n en torno a indicaciones que se podr\u00edan ingresar al proyecto de ley presentado por el Ejecutivo.<\/span><\/p>\n<p class=\"v1MsoNormal\" style=\"text-align: justify;\"><span lang=\"ES-TRAD\">La ministra Jara valor\u00f3 el encuentro con las diferentes tiendas pol\u00edticas. \u00abEn primer lugar, queremos agradecer como Gobierno la presencia de los partidos pol\u00edticos que est\u00e1n en el Congreso de nuestro pa\u00eds, manifestando su voluntad de di\u00e1logo. Agradecemos la disposici\u00f3n, porque en estos diez a\u00f1os que lleva pendiente el tema de las pensiones, no ha sido f\u00e1cil intentar llegar a un acuerdo y sabemos que, si hoy d\u00eda lo logramos, con nuestra responsabilidad habremos cumplido y eso es lo que nos motiva\u00bb.<\/span><\/p>\n<p class=\"v1MsoNormal\" style=\"text-align: justify;\"><span lang=\"ES-TRAD\">\u00abHemos concordado con los partidos pol\u00edticos que cada una de las colectividades va a nombrar un encargado t\u00e9cnico, que va a estar el martes de la pr\u00f3xima semana en este Ministerio, iniciando la discusi\u00f3n de las principales indicaciones que queremos presentar y esperamos que, en definitiva, esto nos lleve a que podamos tener una reforma de las pensiones, que es un desaf\u00edo necesario e indispensable para la vida de las personas y para el futuro de nuestro pa\u00eds\u00bb, a\u00f1adi\u00f3 la secretaria de Estado.\u00a0<\/span><\/p>\n<p class=\"v1MsoNormal\" style=\"text-align: justify;\"><span lang=\"ES-TRAD\">Por su parte, el ministro de la Secretar\u00eda General de la Presidencia, \u00c1lvaro Elizalde, indic\u00f3 que \u00abquisiera valorar el esfuerzo que estamos haciendo para arribar a un buen acuerdo para Chile, entendiendo que no se puede seguir postergando una reforma previsional que permita aumentar de manera significativa las pensiones, no en muchos a\u00f1os m\u00e1s, sino que ahora en lo inmediato\u00bb.\u00a0<\/span><\/p>\n<p class=\"v1MsoNormal\" style=\"text-align: justify;\"><span lang=\"ES-TRAD\">\u00abEl Gobierno insisti\u00f3 en una propuesta que permite transitar hacia un verdadero sistema de seguridad social, para dar la dignidad que merecen las personas mayores en nuestro pa\u00eds. En Chile, el sistema de AFP no ha dado resultado y por eso esperamos una voluntad constructiva de todos los actores para avanzar a un buen entendimiento\u00bb, agreg\u00f3 el ministro Elizalde.<\/span><\/p>\n<\/div><\/section><\/div><div  style='height:50px' class='hr hr-invisible   avia-builder-el-6  el_after_av_one_full  el_before_av_social_share '><span class='hr-inner ' ><span class='hr-inner-style'><\/span><\/span><\/div><\/p>\n<div  class='av-social-sharing-box  avia-builder-el-7  el_after_av_hr  el_before_av_hr  '><div class='av-share-box'><h5 class='av-share-link-description av-no-toc '>Compartir esta noticia<\/h5><ul class='av-share-box-list noLightbox'><li class='av-share-link av-social-link-facebook' ><a target=\"_blank\" aria-label=\"Compartir en Facebook\" href='https:\/\/www.facebook.com\/sharer.php?u=https:\/\/radiorevelacionfm.cl\/?p=32962&#038;t=Reforma%20previsional%3A%20Gobierno%20y%20partidos%20pol%C3%ADticos%20acuerdan%20reuni%C3%B3n%20con%20representantes%20t%C3%A9cnicos%20para%20ingresar%20indicaciones' aria-hidden='false' data-av_icon='\ue8f3' data-av_iconfont='entypo-fontello' title='' data-avia-related-tooltip='Compartir en Facebook' rel=\"noopener\"><span class='avia_hidden_link_text'>Compartir en Facebook<\/span><\/a><\/li><li class='av-share-link av-social-link-twitter' ><a target=\"_blank\" aria-label=\"Compartir en Twitter\" href='https:\/\/twitter.com\/share?text=Reforma%20previsional%3A%20Gobierno%20y%20partidos%20pol%C3%ADticos%20acuerdan%20reuni%C3%B3n%20con%20representantes%20t%C3%A9cnicos%20para%20ingresar%20indicaciones&#038;url=https:\/\/radiorevelacionfm.cl\/?p=32962' aria-hidden='false' data-av_icon='\ue8f1' data-av_iconfont='entypo-fontello' title='' data-avia-related-tooltip='Compartir en Twitter' rel=\"noopener\"><span class='avia_hidden_link_text'>Compartir en Twitter<\/span><\/a><\/li><li class='av-share-link av-social-link-whatsapp' ><a target=\"_blank\" aria-label=\"Compartir en Whatsapp\" href='https:\/\/api.whatsapp.com\/send?text=https:\/\/radiorevelacionfm.cl\/?p=32962' aria-hidden='false' data-av_icon='\uf232' data-av_iconfont='entypo-fontello' title='' data-avia-related-tooltip='Compartir en Whatsapp' rel=\"noopener\"><span class='avia_hidden_link_text'>Compartir en Whatsapp<\/span><\/a><\/li><li class='av-share-link av-social-link-linkedin' ><a target=\"_blank\" aria-label=\"Compartir en LinkedIn\" href='https:\/\/linkedin.com\/shareArticle?mini=true&#038;title=Reforma%20previsional%3A%20Gobierno%20y%20partidos%20pol%C3%ADticos%20acuerdan%20reuni%C3%B3n%20con%20representantes%20t%C3%A9cnicos%20para%20ingresar%20indicaciones&#038;url=https:\/\/radiorevelacionfm.cl\/?p=32962' aria-hidden='false' data-av_icon='\ue8fc' data-av_iconfont='entypo-fontello' title='' data-avia-related-tooltip='Compartir en LinkedIn' rel=\"noopener\"><span class='avia_hidden_link_text'>Compartir en LinkedIn<\/span><\/a><\/li><li class='av-share-link av-social-link-mail' ><a  aria-label=\"Compartir por correo\" href='mailto:?subject=Reforma%20previsional%3A%20Gobierno%20y%20partidos%20pol%C3%ADticos%20acuerdan%20reuni%C3%B3n%20con%20representantes%20t%C3%A9cnicos%20para%20ingresar%20indicaciones&#038;body=https:\/\/radiorevelacionfm.cl\/?p=32962' aria-hidden='false' data-av_icon='\ue805' data-av_iconfont='entypo-fontello' title='' data-avia-related-tooltip='Compartir por correo'><span class='avia_hidden_link_text'>Compartir por correo<\/span><\/a><\/li><\/ul><\/div><\/div>\n<div  style='height:50px' class='hr hr-invisible   avia-builder-el-8  el_after_av_social_share  el_before_av_comments_list '><span class='hr-inner ' ><span class='hr-inner-style'><\/span><\/span><\/div>\n<div  class='av-buildercomment  av-blog-meta-html-info-disabled av-blog-meta-tag-disabled  '><\/div>\n","protected":false},"excerpt":{"rendered":"","protected":false},"author":1,"featured_media":32963,"comment_status":"open","ping_status":"open","sticky":false,"template":"","format":"standard","meta":{"footnotes":""},"categories":[61],"tags":[],"class_list":["post-32962","post","type-post","status-publish","format-standard","has-post-thumbnail","hentry","category-nacional"],"jetpack_featured_media_url":"https:\/\/radiorevelacionfm.cl\/wp-content\/uploads\/2023\/07\/140723-rp_18-1_optimized.jpg","_links":{"self":[{"href":"https:\/\/radiorevelacionfm.cl\/index.php?rest_route=\/wp\/v2\/posts\/32962","targetHints":{"allow":["GET"]}}],"collection":[{"href":"https:\/\/radiorevelacionfm.cl\/index.php?rest_route=\/wp\/v2\/posts"}],"about":[{"href":"https:\/\/radiorevelacionfm.cl\/index.php?rest_route=\/wp\/v2\/types\/post"}],"author":[{"embeddable":true,"href":"https:\/\/radiorevelacionfm.cl\/index.php?rest_route=\/wp\/v2\/users\/1"}],"replies":[{"embeddable":true,"href":"https:\/\/radiorevelacionfm.cl\/index.php?rest_route=%2Fwp%2Fv2%2Fcomments&post=32962"}],"version-history":[{"count":1,"href":"https:\/\/radiorevelacionfm.cl\/index.php?rest_route=\/wp\/v2\/posts\/32962\/revisions"}],"predecessor-version":[{"id":32964,"href":"https:\/\/radiorevelacionfm.cl\/index.php?rest_route=\/wp\/v2\/posts\/32962\/revisions\/32964"}],"wp:featuredmedia":[{"embeddable":true,"href":"https:\/\/radiorevelacionfm.cl\/index.php?rest_route=\/wp\/v2\/media\/32963"}],"wp:attachment":[{"href":"https:\/\/radiorevelacionfm.cl\/index.php?rest_route=%2Fwp%2Fv2%2Fmedia&parent=32962"}],"wp:term":[{"taxonomy":"category","embeddable":true,"href":"https:\/\/radiorevelacionfm.cl\/index.php?rest_route=%2Fwp%2Fv2%2Fcategories&post=32962"},{"taxonomy":"post_tag","embeddable":true,"href":"https:\/\/radiorevelacionfm.cl\/index.php?rest_route=%2Fwp%2Fv2%2Ftags&post=32962"}],"curies":[{"name":"wp","href":"https:\/\/api.w.org\/{rel}","templated":true}]}}