{"id":3294,"date":"2021-04-20T10:56:09","date_gmt":"2021-04-20T13:56:09","guid":{"rendered":"https:\/\/radiorevelacionfm.cl\/?p=3294"},"modified":"2021-04-20T10:56:09","modified_gmt":"2021-04-20T13:56:09","slug":"retoman-encuentros-ciudadanos-para-resolver-dudas-en-materia-laboral-y-de-prevision-social","status":"publish","type":"post","link":"https:\/\/radiorevelacionfm.cl\/?p=3294","title":{"rendered":"Retoman encuentros ciudadanos para resolver dudas en materia Laboral y de Previsi\u00f3n Social"},"content":{"rendered":"<div class=\"flex_column av_one_full  flex_column_div av-zero-column-padding first  avia-builder-el-0  el_before_av_one_full  avia-builder-el-first  \" style='border-radius:0px; '><div  class='avia-image-container  av-styling-    avia-builder-el-1  avia-builder-el-no-sibling  avia-align-center '  itemprop=\"image\" itemscope=\"itemscope\" itemtype=\"https:\/\/schema.org\/ImageObject\"  ><div class='avia-image-container-inner'><div class='avia-image-overlay-wrap'><img decoding=\"async\" class='wp-image-0 avia-img-lazy-loading-not-0 avia_image' src=\"https:\/\/radiorevelacionfm.cl\/wp-content\/uploads\/2021\/04\/Ministerio-Trab-y-Prev-Soc-Aysen_ene2021_2-1.jpg\" alt='' title=''   itemprop=\"thumbnailUrl\"  \/><\/div><\/div><\/div><\/div><div class=\"flex_column av_one_full  flex_column_div av-zero-column-padding first  avia-builder-el-2  el_after_av_one_full  el_before_av_one_full  column-top-margin\" style='border-radius:0px; '><section class=\"av_textblock_section \"  itemscope=\"itemscope\" itemtype=\"https:\/\/schema.org\/BlogPosting\" itemprop=\"blogPost\" ><div class='avia_textblock  '   itemprop=\"text\" ><p style=\"text-align: center;\"><strong><span style=\"font-size: 18pt;\">Retoman encuentros ciudadanos para resolver dudas en materia Laboral y de Previsi\u00f3n Social<\/span><\/strong><\/p>\n<div id=\"gtx-trans\" style=\"position: absolute; left: -50px; top: 4.31534px;\">\n<div class=\"gtx-trans-icon\"><\/div>\n<\/div>\n<\/div><\/section><\/div><div class=\"flex_column av_one_full  flex_column_div av-zero-column-padding first  avia-builder-el-4  el_after_av_one_full  el_before_av_hr  column-top-margin\" style='border-radius:0px; '><section class=\"av_textblock_section \"  itemscope=\"itemscope\" itemtype=\"https:\/\/schema.org\/BlogPosting\" itemprop=\"blogPost\" ><div class='avia_textblock  '   itemprop=\"text\" ><p style=\"text-align: justify;\">\u00abQueremos seguir conectados informando a la comunidad, por ello los invitamos a informarse y realizar sus preguntas en vivo a trav\u00e9s de nuestros Facebook Live\u00bb, afirm\u00f3 la Seremi Andrea Ponce.<\/p>\n<p class=\"v1MsoNormal\" style=\"text-align: justify;\">Con el prop\u00f3sito de seguir entregando informaci\u00f3n y respuestas a la comunidad en materia laboral y de previsi\u00f3n social, la Secretar\u00eda Regional de Trabajo y Previsi\u00f3n Social de Ays\u00e9n, liderada por la Seremi Andrea Ponce, tiene coordinada una serie de encuentros ciudadanos virtuales, a trav\u00e9s de Facebook Live en la plataforma de Facebook MintrabAys\u00e9n, junto a sus servicios dependientes: Direcci\u00f3n del Trabajo, DT; Instituto de Seguridad Laboral, ISL; Servicio Nacional de Capacitaci\u00f3n y Empleo, Sence e Instituto de Previsi\u00f3n Social, IPS ChileAtiende.<\/p>\n<p class=\"v1MsoNormal\" style=\"text-align: justify;\">\u00abEs conocimiento de todos que, debido a la pandemia de coronavirus y la precauci\u00f3n que debemos tener de distancia f\u00edsica y aforos, no podemos reunirnos masivamente, sin embargo, como Ministerio de Trabajo y Previsi\u00f3n Social, hemos seguido en terreno, recorriendo nuestra Regi\u00f3n de Ays\u00e9n, conversando con la comunidad a trav\u00e9s de radios locales y hemos encontrado en los Facebook live una forma de poder informar y aclarar dudas en vivo a trabajadores, emprendedores, micro y peque\u00f1os empresarios. Por ello, los invitamos a conectarse a los encuentros ciudadanos virtuales que tenemos programados\u00bb, afirm\u00f3 la Seremi Andrea Ponce.<\/p>\n<p class=\"v1MsoNormal\" style=\"text-align: justify;\">La autoridad entreg\u00f3 detalles sobre cada una de las instancias, \u00abEl Covid-19 y los resguardos que tiene el Plan Paso a Paso han significado un desaf\u00edo en el \u00e1mbito del trabajo, seguridad y previsi\u00f3n social, por eso los invitamos a informarse. En febrero finalizamos un ciclo y en esta nueva oportunidad, estaremos primero junto a la Direcci\u00f3n del Trabajo conversando sobre la ley de Teletrabajo, lo que se est\u00e1 permitido realizar en materia laboral seg\u00fan el Paso 1,2,3y4 en que se encuentran las distintas comunas de nuestra regi\u00f3n, el Formulario \u00danico de Fiscalizaci\u00f3n con las medidas contra el coronavirus, d\u00f3nde solicitar orientaci\u00f3n y realizar denuncias, adem\u00e1s de responder dudas sobre la Ley de Protecci\u00f3n del Empleo, acceso al Seguro de Cesant\u00eda, entre otros. Esta semana tambi\u00e9n destacaremos el Mes de la Prevenci\u00f3n junto al Instituto de Seguridad Laboral, ya que debemos cuidar tanto la salud f\u00edsica como mental de los trabajadores. El 29 de abril estaremos con Sence hablando sobre capacitaci\u00f3n y sobre los Subsidios Al Empleo, en sus distintas l\u00edneas: Contrata, Regresa y Protege, donde tenemos cifras positivas en la Regi\u00f3n de Ays\u00e9n y donde a\u00fan podemos seguir avanzando para mejorar el nivel de empleo y recuperar trabajos, que es lo que buscamos como Gobierno, para apoyar a cada uno de los trabajadores y a sus familias que hay detr\u00e1s. Finalmente, con el IPS ChileAtiende revisaremos la red de protecci\u00f3n social y el apoyo a pensionados, migrantes y a la comunidad en general a trav\u00e9s de sus plataformas\u00bb, concluy\u00f3 Ponce.<\/p>\n<p class=\"v1MsoNormal\" style=\"text-align: justify;\">Tal como mencion\u00f3 la Seremi de Trabajo y Previsi\u00f3n Social, los Encuentros Ciudadanos Virtuales son a trav\u00e9s de la plataforma\u00a0<a href=\"http:\/\/www.facebook.com\/mintrabays%C3%A9n\" target=\"_blank\" rel=\"noopener noreferrer\">www.facebook.com\/mintrabays\u00e9n<\/a>, donde se responder\u00e1n en vivo todas las consultas. El primer encuentro ser\u00e1 con el Director Regional(s) del Trabajo, Christian Aros, el martes 20 de abril, a las 16:00 hrs; junto al Director Regional del ISL, Mario Garay, el jueves 22 de abril a las 17:00; con la Directora Regional de Sence, Katherine Kingma, el jueves 29 de abril a las 16:00 y finalmente con el Director Regional del IPS ChileAtiende, Carlos Rodr\u00edguez, el jueves 6 de mayo a las 16:00 hrs.<\/p>\n<\/div><\/section><\/div><div  style='height:50px' class='hr hr-invisible   avia-builder-el-6  el_after_av_one_full  el_before_av_social_share '><span class='hr-inner ' ><span class='hr-inner-style'><\/span><\/span><\/div><\/p>\n<div  class='av-social-sharing-box  avia-builder-el-7  el_after_av_hr  el_before_av_hr  '><div class='av-share-box'><h5 class='av-share-link-description av-no-toc '>Compartir esta noticia<\/h5><ul class='av-share-box-list noLightbox'><li class='av-share-link av-social-link-facebook' ><a target=\"_blank\" aria-label=\"Compartir en Facebook\" href='https:\/\/www.facebook.com\/sharer.php?u=https:\/\/radiorevelacionfm.cl\/?p=3294&#038;t=Retoman%20encuentros%20ciudadanos%20para%20resolver%20dudas%20en%20materia%20Laboral%20y%20de%20Previsi%C3%B3n%20Social' aria-hidden='false' data-av_icon='\ue8f3' data-av_iconfont='entypo-fontello' title='' data-avia-related-tooltip='Compartir en Facebook' rel=\"noopener\"><span class='avia_hidden_link_text'>Compartir en Facebook<\/span><\/a><\/li><li class='av-share-link av-social-link-twitter' ><a target=\"_blank\" aria-label=\"Compartir en Twitter\" href='https:\/\/twitter.com\/share?text=Retoman%20encuentros%20ciudadanos%20para%20resolver%20dudas%20en%20materia%20Laboral%20y%20de%20Previsi%C3%B3n%20Social&#038;url=https:\/\/radiorevelacionfm.cl\/?p=3294' aria-hidden='false' data-av_icon='\ue8f1' data-av_iconfont='entypo-fontello' title='' data-avia-related-tooltip='Compartir en Twitter' rel=\"noopener\"><span class='avia_hidden_link_text'>Compartir en Twitter<\/span><\/a><\/li><li class='av-share-link av-social-link-whatsapp' ><a target=\"_blank\" aria-label=\"Compartir en Whatsapp\" href='https:\/\/api.whatsapp.com\/send?text=https:\/\/radiorevelacionfm.cl\/?p=3294' aria-hidden='false' data-av_icon='\uf232' data-av_iconfont='entypo-fontello' title='' data-avia-related-tooltip='Compartir en Whatsapp' rel=\"noopener\"><span class='avia_hidden_link_text'>Compartir en Whatsapp<\/span><\/a><\/li><li class='av-share-link av-social-link-linkedin' ><a target=\"_blank\" aria-label=\"Compartir en LinkedIn\" href='https:\/\/linkedin.com\/shareArticle?mini=true&#038;title=Retoman%20encuentros%20ciudadanos%20para%20resolver%20dudas%20en%20materia%20Laboral%20y%20de%20Previsi%C3%B3n%20Social&#038;url=https:\/\/radiorevelacionfm.cl\/?p=3294' aria-hidden='false' data-av_icon='\ue8fc' data-av_iconfont='entypo-fontello' title='' data-avia-related-tooltip='Compartir en LinkedIn' rel=\"noopener\"><span class='avia_hidden_link_text'>Compartir en LinkedIn<\/span><\/a><\/li><li class='av-share-link av-social-link-mail' ><a  aria-label=\"Compartir por correo\" href='mailto:?subject=Retoman%20encuentros%20ciudadanos%20para%20resolver%20dudas%20en%20materia%20Laboral%20y%20de%20Previsi%C3%B3n%20Social&#038;body=https:\/\/radiorevelacionfm.cl\/?p=3294' aria-hidden='false' data-av_icon='\ue805' data-av_iconfont='entypo-fontello' title='' data-avia-related-tooltip='Compartir por correo'><span class='avia_hidden_link_text'>Compartir por correo<\/span><\/a><\/li><\/ul><\/div><\/div>\n<div  style='height:50px' class='hr hr-invisible   avia-builder-el-8  el_after_av_social_share  el_before_av_comments_list '><span class='hr-inner ' ><span class='hr-inner-style'><\/span><\/span><\/div>\n<div  class='av-buildercomment  av-blog-meta-html-info-disabled av-blog-meta-tag-disabled  '><\/div>\n","protected":false},"excerpt":{"rendered":"","protected":false},"author":1,"featured_media":0,"comment_status":"open","ping_status":"open","sticky":false,"template":"","format":"standard","meta":{"footnotes":""},"categories":[1,56],"tags":[],"class_list":["post-3294","post","type-post","status-publish","format-standard","hentry","category-sin-categoria","category-trabajo"],"jetpack_featured_media_url":"","_links":{"self":[{"href":"https:\/\/radiorevelacionfm.cl\/index.php?rest_route=\/wp\/v2\/posts\/3294","targetHints":{"allow":["GET"]}}],"collection":[{"href":"https:\/\/radiorevelacionfm.cl\/index.php?rest_route=\/wp\/v2\/posts"}],"about":[{"href":"https:\/\/radiorevelacionfm.cl\/index.php?rest_route=\/wp\/v2\/types\/post"}],"author":[{"embeddable":true,"href":"https:\/\/radiorevelacionfm.cl\/index.php?rest_route=\/wp\/v2\/users\/1"}],"replies":[{"embeddable":true,"href":"https:\/\/radiorevelacionfm.cl\/index.php?rest_route=%2Fwp%2Fv2%2Fcomments&post=3294"}],"version-history":[{"count":1,"href":"https:\/\/radiorevelacionfm.cl\/index.php?rest_route=\/wp\/v2\/posts\/3294\/revisions"}],"predecessor-version":[{"id":3296,"href":"https:\/\/radiorevelacionfm.cl\/index.php?rest_route=\/wp\/v2\/posts\/3294\/revisions\/3296"}],"wp:attachment":[{"href":"https:\/\/radiorevelacionfm.cl\/index.php?rest_route=%2Fwp%2Fv2%2Fmedia&parent=3294"}],"wp:term":[{"taxonomy":"category","embeddable":true,"href":"https:\/\/radiorevelacionfm.cl\/index.php?rest_route=%2Fwp%2Fv2%2Fcategories&post=3294"},{"taxonomy":"post_tag","embeddable":true,"href":"https:\/\/radiorevelacionfm.cl\/index.php?rest_route=%2Fwp%2Fv2%2Ftags&post=3294"}],"curies":[{"name":"wp","href":"https:\/\/api.w.org\/{rel}","templated":true}]}}