{"id":32912,"date":"2023-07-13T13:55:33","date_gmt":"2023-07-13T16:55:33","guid":{"rendered":"https:\/\/radiorevelacionfm.cl\/?p=32912"},"modified":"2023-07-13T13:55:33","modified_gmt":"2023-07-13T16:55:33","slug":"comite-de-contingencias-ambientales-se-activa-ante-llegada-del-fenomeno-del-nino","status":"publish","type":"post","link":"https:\/\/radiorevelacionfm.cl\/?p=32912","title":{"rendered":"Comit\u00e9 de Contingencias Ambientales se activa ante llegada del fen\u00f3meno del Ni\u00f1o"},"content":{"rendered":"<div class=\"flex_column av_one_full  flex_column_div av-zero-column-padding first  avia-builder-el-0  el_before_av_one_full  avia-builder-el-first  \" style='border-radius:0px; '><div  class='avia-image-container  av-styling-    avia-builder-el-1  avia-builder-el-no-sibling  avia-align-center '  itemprop=\"image\" itemscope=\"itemscope\" itemtype=\"https:\/\/schema.org\/ImageObject\"  ><div class='avia-image-container-inner'><div class='avia-image-overlay-wrap'><img decoding=\"async\" class='wp-image-32913 avia-img-lazy-loading-not-32913 avia_image' src=\"https:\/\/radiorevelacionfm.cl\/wp-content\/uploads\/2023\/07\/reunion-comite2-2-2.jpg\" alt='' title='reunion-comite2-2-2' height=\"600\" width=\"1067\"  itemprop=\"thumbnailUrl\" srcset=\"https:\/\/radiorevelacionfm.cl\/wp-content\/uploads\/2023\/07\/reunion-comite2-2-2.jpg 1067w, https:\/\/radiorevelacionfm.cl\/wp-content\/uploads\/2023\/07\/reunion-comite2-2-2-300x169.jpg 300w, https:\/\/radiorevelacionfm.cl\/wp-content\/uploads\/2023\/07\/reunion-comite2-2-2-1030x579.jpg 1030w, https:\/\/radiorevelacionfm.cl\/wp-content\/uploads\/2023\/07\/reunion-comite2-2-2-768x432.jpg 768w, https:\/\/radiorevelacionfm.cl\/wp-content\/uploads\/2023\/07\/reunion-comite2-2-2-705x396.jpg 705w, https:\/\/radiorevelacionfm.cl\/wp-content\/uploads\/2023\/07\/reunion-comite2-2-2-450x253.jpg 450w, https:\/\/radiorevelacionfm.cl\/wp-content\/uploads\/2023\/07\/reunion-comite2-2-2-600x337.jpg 600w\" sizes=\"(max-width: 1067px) 100vw, 1067px\" \/><\/div><\/div><\/div><\/div><div class=\"flex_column av_one_full  flex_column_div av-zero-column-padding first  avia-builder-el-2  el_after_av_one_full  el_before_av_one_full  column-top-margin\" style='border-radius:0px; '><section class=\"av_textblock_section \"  itemscope=\"itemscope\" itemtype=\"https:\/\/schema.org\/BlogPosting\" itemprop=\"blogPost\" ><div class='avia_textblock  '   itemprop=\"text\" ><p style=\"text-align: center;\"><strong><span style=\"font-size: 18pt;\">Comit\u00e9 de Contingencias Ambientales se activa ante llegada del fen\u00f3meno del Ni\u00f1o<\/span><\/strong><\/p>\n<div id=\"gtx-trans\" style=\"position: absolute; left: -50px; top: 4.31534px;\">\n<div class=\"gtx-trans-icon\"><\/div>\n<\/div>\n<\/div><\/section><\/div><div class=\"flex_column av_one_full  flex_column_div av-zero-column-padding first  avia-builder-el-4  el_after_av_one_full  el_before_av_hr  column-top-margin\" style='border-radius:0px; '><section class=\"av_textblock_section \"  itemscope=\"itemscope\" itemtype=\"https:\/\/schema.org\/BlogPosting\" itemprop=\"blogPost\" ><div class='avia_textblock  '   itemprop=\"text\" ><p style=\"text-align: justify;\">Con el fin de preparar y reforzar el trabajo interinstitucional de cara a la llegada del fen\u00f3meno del Ni\u00f1o a las costas chilenas y sus implicancias en eventuales contingencias vinculadas a las floraciones algales nocivas (FAN), la ma\u00f1ana del mi\u00e9rcoles se activ\u00f3 el Comit\u00e9 Interinstitucional de Contingencias Ambientales, en el sal\u00f3n auditorio del edificio de la Direcci\u00f3n Nacional del Servicio Nacional de Pesca y Acuicultura (SERNAPESCA).<\/p>\n<p style=\"text-align: justify;\">En el comit\u00e9, donde el servicio opera como ente coordinador, cont\u00f3 con la presencia del subsecretario de Pesca, Julio Salas y de la Directora Nacional de SERNAPESCA, Soledad Tapia Almonacid. Tambi\u00e9n asistieron -en forma presencial y remota- representantes del Ministerio de Medio Ambiente, la Subsecretar\u00eda de Salud P\u00fablica, la Armada de Chile, la Superintendencia del Medio Ambiente y el Senapred.<\/p>\n<p style=\"text-align: justify;\">Ante la pronta llegada del fen\u00f3meno del Ni\u00f1o a las costas del Pac\u00edfico Sur, cuyos efectos pueden ser similares a los ocurridos en 2016, el llamado que realiz\u00f3 la Directora Nacional a los presentes, es a aprovechar la oportunidad y la obligaci\u00f3n de estar preparados para las contingencias que pueden ocurrir, para tener la claridad de las acciones a realizar, en especial ante contingencias FAN. Las floraciones algales nocivas son un fen\u00f3meno natural provocado por el aumento de una o m\u00e1s microalgas en el agua, que la convierten de colores rojizos o caf\u00e9, produciendo el fen\u00f3meno com\u00fanmente conocido como \u201cmarea roja\u201d.<\/p>\n<p style=\"text-align: justify;\">Las FAN pueden ser consideradas como no t\u00f3xicas, produciendo mortalidad en peces u otros organismos; o t\u00f3xicas, si las microalgas afectan a moluscos filtradores de dos conchas, como el chorito, la cholga, la almeja, la navajuela y la ostra, adem\u00e1s del piure ya que las toxinas se concentran en sus tejidos. Si una persona consume mariscos con estas toxinas puede sufrir desde cuadros gastrointestinales leves, hasta la muerte en el peor de los casos.<\/p>\n<p style=\"text-align: justify;\">\u00abEsta es una tremenda oportunidad que vemos como instituci\u00f3n, de poder ponernos de acuerdo, de anticiparnos en las coordinaciones, incluso trabajando en simulaciones de algunos eventos; pero adem\u00e1s debe ser una obligaci\u00f3n como servicios p\u00fablicos el poder estar preparados de la mejor forma, para dar la mejor de las respuestas\u00bb, consider\u00f3 Tapia.<\/p>\n<p style=\"text-align: justify;\">La autoridad agreg\u00f3 que \u00abtenemos toda la informaci\u00f3n, la data cient\u00edfica, por lo que no nos podemos perder la oportunidad de coordinaci\u00f3n y adelantarnos tambi\u00e9n, estando en terreno con las instituciones que toman las decisiones y con la ciudadan\u00eda, para que ellos puedan saber lo que nosotros vamos a hacer, qu\u00e9 deben hacer ellos en estas situaciones que pueden ocurrir, y hacer las consultas de manera transparente\u00bb.<\/p>\n<p style=\"text-align: justify;\">Por su parte, el subsecretario Julio Salas enfatiz\u00f3 en el hecho de que la activaci\u00f3n del Comit\u00e9 va en l\u00ednea con las disposiciones presidenciales respecto a las labores preventivas para el Fen\u00f3meno del Ni\u00f1o, coordinadas por el Ministerio del Interior, que convoc\u00f3 a un Comit\u00e9 de Gesti\u00f3n de Riesgo de Desastres (Cogrid) especial a principios de junio.<\/p>\n<p style=\"text-align: justify;\">\u201cFuimos invitados especialmente para presentar los efectos que ocurren dentro del mar con el fen\u00f3meno, adem\u00e1s de los eventos atmosf\u00e9ricos que se producen (&#8230;) Se emiti\u00f3 un informe, en el que se enfatizan cu\u00e1les son los efectos esperados espec\u00edficamente en esta coyuntura, principalmente con lo que ya ha ocurrido en el Norte Grande\u201d, expres\u00f3.<\/p>\n<p style=\"text-align: justify;\">Para la jefa de la Divisi\u00f3n de Fiscalizaci\u00f3n de la Superintendencia del Medio Ambiente, Claudia Pastore, \u201cla activaci\u00f3n de este comit\u00e9 es una importante instancia que permitir\u00e1 fortalecer el trabajo coordinado y eficiente de los organismos del Estado con competencia en materia ambiental. Con esto, desde la SMA se podr\u00e1 poner a disposici\u00f3n todo el apoyo t\u00e9cnico para la atenci\u00f3n de una contingencia, como la entrega de informaci\u00f3n sobre distintas instalaciones, la realizaci\u00f3n de fiscalizaciones dirigidas, toma de muestras y an\u00e1lisis de fuentes emisoras o receptoras, y el establecimiento de medidas urgentes y transitorias\u201d.<\/p>\n<\/div><\/section><\/div><div  style='height:50px' class='hr hr-invisible   avia-builder-el-6  el_after_av_one_full  el_before_av_social_share '><span class='hr-inner ' ><span class='hr-inner-style'><\/span><\/span><\/div><\/p>\n<div  class='av-social-sharing-box  avia-builder-el-7  el_after_av_hr  el_before_av_hr  '><div class='av-share-box'><h5 class='av-share-link-description av-no-toc '>Compartir esta noticia<\/h5><ul class='av-share-box-list noLightbox'><li class='av-share-link av-social-link-facebook' ><a target=\"_blank\" aria-label=\"Compartir en Facebook\" href='https:\/\/www.facebook.com\/sharer.php?u=https:\/\/radiorevelacionfm.cl\/?p=32912&#038;t=Comit%C3%A9%20de%20Contingencias%20Ambientales%20se%20activa%20ante%20llegada%20del%20fen%C3%B3meno%20del%20Ni%C3%B1o' aria-hidden='false' data-av_icon='\ue8f3' data-av_iconfont='entypo-fontello' title='' data-avia-related-tooltip='Compartir en Facebook' rel=\"noopener\"><span class='avia_hidden_link_text'>Compartir en Facebook<\/span><\/a><\/li><li class='av-share-link av-social-link-twitter' ><a target=\"_blank\" aria-label=\"Compartir en Twitter\" href='https:\/\/twitter.com\/share?text=Comit%C3%A9%20de%20Contingencias%20Ambientales%20se%20activa%20ante%20llegada%20del%20fen%C3%B3meno%20del%20Ni%C3%B1o&#038;url=https:\/\/radiorevelacionfm.cl\/?p=32912' aria-hidden='false' data-av_icon='\ue8f1' data-av_iconfont='entypo-fontello' title='' data-avia-related-tooltip='Compartir en Twitter' rel=\"noopener\"><span class='avia_hidden_link_text'>Compartir en Twitter<\/span><\/a><\/li><li class='av-share-link av-social-link-whatsapp' ><a target=\"_blank\" aria-label=\"Compartir en Whatsapp\" href='https:\/\/api.whatsapp.com\/send?text=https:\/\/radiorevelacionfm.cl\/?p=32912' aria-hidden='false' data-av_icon='\uf232' data-av_iconfont='entypo-fontello' title='' data-avia-related-tooltip='Compartir en Whatsapp' rel=\"noopener\"><span class='avia_hidden_link_text'>Compartir en Whatsapp<\/span><\/a><\/li><li class='av-share-link av-social-link-linkedin' ><a target=\"_blank\" aria-label=\"Compartir en LinkedIn\" href='https:\/\/linkedin.com\/shareArticle?mini=true&#038;title=Comit%C3%A9%20de%20Contingencias%20Ambientales%20se%20activa%20ante%20llegada%20del%20fen%C3%B3meno%20del%20Ni%C3%B1o&#038;url=https:\/\/radiorevelacionfm.cl\/?p=32912' aria-hidden='false' data-av_icon='\ue8fc' data-av_iconfont='entypo-fontello' title='' data-avia-related-tooltip='Compartir en LinkedIn' rel=\"noopener\"><span class='avia_hidden_link_text'>Compartir en LinkedIn<\/span><\/a><\/li><li class='av-share-link av-social-link-mail' ><a  aria-label=\"Compartir por correo\" href='mailto:?subject=Comit%C3%A9%20de%20Contingencias%20Ambientales%20se%20activa%20ante%20llegada%20del%20fen%C3%B3meno%20del%20Ni%C3%B1o&#038;body=https:\/\/radiorevelacionfm.cl\/?p=32912' aria-hidden='false' data-av_icon='\ue805' data-av_iconfont='entypo-fontello' title='' data-avia-related-tooltip='Compartir por correo'><span class='avia_hidden_link_text'>Compartir por correo<\/span><\/a><\/li><\/ul><\/div><\/div>\n<div  style='height:50px' class='hr hr-invisible   avia-builder-el-8  el_after_av_social_share  el_before_av_comments_list '><span class='hr-inner ' ><span class='hr-inner-style'><\/span><\/span><\/div>\n<div  class='av-buildercomment  av-blog-meta-html-info-disabled av-blog-meta-tag-disabled  '><\/div>\n<div class=\"flex_column av_one_full  flex_column_div av-zero-column-padding first  avia-builder-el-10  el_after_av_comments_list  el_before_av_one_full  \" style='border-radius:0px; '><div  class='avia-image-container  av-styling-    avia-builder-el-11  avia-builder-el-no-sibling  avia-align-center '  itemprop=\"image\" itemscope=\"itemscope\" itemtype=\"https:\/\/schema.org\/ImageObject\"  ><div class='avia-image-container-inner'><div class='avia-image-overlay-wrap'><img decoding=\"async\" class='wp-image-0 avia-img-lazy-loading-not-0 avia_image' src=\"http:\/\/radiorevelacionfm.cl\/wp-content\/uploads\/2020\/12\/7ee21_th2.jpg\" alt='' title=''   itemprop=\"thumbnailUrl\"  \/><\/div><\/div><\/div><\/div>\n<div class=\"flex_column av_one_full  flex_column_div av-zero-column-padding first  avia-builder-el-12  el_after_av_one_full  el_before_av_one_full  column-top-margin\" style='border-radius:0px; '><section class=\"av_textblock_section \"  itemscope=\"itemscope\" itemtype=\"https:\/\/schema.org\/BlogPosting\" itemprop=\"blogPost\" ><div class='avia_textblock  '   itemprop=\"text\" ><h2 class=\"title\" style=\"text-align: center;\">SENDA entrega equipos de Narcotest a Carabineros para aumentar controles de Tolerancia Cero<\/h2>\n<div id=\"gtx-trans\" style=\"position: absolute; left: -50px; top: 4.31534px;\">\n<div class=\"gtx-trans-icon\"><\/div>\n<\/div>\n<\/div><\/section><\/div>\n<div class=\"flex_column av_one_full  flex_column_div av-zero-column-padding first  avia-builder-el-14  el_after_av_one_full  el_before_av_hr  column-top-margin\" style='border-radius:0px; '><section class=\"av_textblock_section \"  itemscope=\"itemscope\" itemtype=\"https:\/\/schema.org\/BlogPosting\" itemprop=\"blogPost\" ><div class='avia_textblock  '   itemprop=\"text\" ><p style=\"text-align: justify;\"><span style=\"font-size: 14pt;\">El objetivo es aumentar la cobertura del Programa Tolerancia Cero y realizar controles en otras comunas de la Regi\u00f3n de Ays\u00e9n, junto con seguir generando conciencias en los conductores, con respecto a las consecuencias negativas asociadas a la conducci\u00f3n bajo los efectos de la droga.<\/span><\/p>\n<p style=\"text-align: justify;\"><span style=\"font-size: 14pt;\">Con la participaci\u00f3n de la Intendente Regional de Ays\u00e9n Sra. Geoconda Navarrete, este martes, en dependencias de su direcci\u00f3n regional, SENDA hizo entrega al nuevo Jefe de la XI Zona Ays\u00e9n de Carabineros de Chile, General Hugo Zenteno V\u00e1squez de dos equipos para detectar la presencia de Drogas il\u00edcitas en los conductores que circulen por la Regi\u00f3n de Ays\u00e9n, en el contexto del trabajo permanente del Programa Tolerancia Cero de SENDA que se ejecuta en colaboraci\u00f3n estrat\u00e9gica con Carabineros de Chile y con el prop\u00f3sito claro de fortalecer el trabajo territorial.<\/span><\/p>\n<p><span style=\"font-size: 14pt;\">En la ocasi\u00f3n la Directora Regional de SENDA Annie Katherine Hunter Guti\u00e9rrez manifest\u00f3 \u201cEsta entrega que SENDA hace a Carabineros de Chile, marca un segundo hito, de suma relevancia en el Programa Tolerancia Cero, bajo la direcci\u00f3n de nuestro Director Carlos Charme, quien plante\u00f3 como objetivo, al asumir su cargo, sumar a los hist\u00f3ricos test de alcohol, el control de otras drogas en los conductores. Es as\u00ed como al aparato Narcotest que el a\u00f1o 2019 lleg\u00f3 a la regi\u00f3n bajo administraci\u00f3n de SENDA Ays\u00e9n, hoy se suma dos aparatos que con mucha satisfacci\u00f3n entregamos hoy a Carabineros, con una inversi\u00f3n sectorial de m\u00e1s de $9.000.000\u201d.<\/span><\/p>\n<p><span style=\"font-size: 14pt;\">Por su parte, el Jefe de la XI zona de Carabineros de Ays\u00e9n, General Hugo Zenteno V\u00e1squez se\u00f1al\u00f3: \u201cEsto es una estrategia de una pol\u00edtica de seguridad, donde con estos equipos vamos a hacer nuestro trabajo de mejor forma para poder llevar los medios de prueba al Ministerio P\u00fablico. Todo equipo detector de alguna sustancia il\u00edcita, es esencial para nuestra funci\u00f3n policial. Nuestras estrategias operativas est\u00e1n enfocadas en los puntos m\u00e1s cr\u00edticos y en especial, llega esto, pr\u00f3ximo a las fiestas navide\u00f1as y de fin de a\u00f1o, donde vamos a tener un control m\u00e1s exhaustivo en la ruta para prevenir accidentes y tambi\u00e9n para que las personas est\u00e9n en paz y tranquilidad y no tengamos hechos que lamentar, estamos para brindar un servicio \u00f3ptimo y ese es el enfoque que queremos dar para el a\u00f1o 2021.\u201d<\/span><\/p>\n<p><span style=\"font-size: 14pt;\">A partir de la inversi\u00f3n sectorial de SENDA, Carabineros de Chile de la XI Zona Ays\u00e9n podr\u00e1 someter a cualquier conductor a un examen de saliva, a trav\u00e9s de un kit de prueba desechable, en forma independiente al dispositivo Tolerancia Cero de SENDA, abarcando un territorio mayor, contribuyendo con ello no solo a l control de conductores y fiscalizaci\u00f3n del cumplimiento de la Ley de Tr\u00e1nsito, sino tambi\u00e9n a la labor preventiva que desarrolla SENDA a trav\u00e9s de su programa.<\/span><\/p>\n<p><span style=\"font-size: 14pt;\">Cabe recordar que los Narcotest permiten detectar en terreno la presencia de 5 drogas en el cuerpo de los conductores; coca\u00edna, marihuana, opi\u00e1cidos, metanfetaminas y anfetaminas, hecho que constituye un delito al igual que la conducci\u00f3n en estado de ebriedad.<\/span><\/p>\n<\/div><\/section><\/div>\n<div  style='height:50px' class='hr hr-invisible   avia-builder-el-16  el_after_av_one_full  el_before_av_social_share '><span class='hr-inner ' ><span class='hr-inner-style'><\/span><\/span><\/div>\n<div  class='av-social-sharing-box  avia-builder-el-17  el_after_av_hr  el_before_av_hr  '><div class='av-share-box'><h5 class='av-share-link-description av-no-toc '>Compartir esta noticia<\/h5><ul class='av-share-box-list noLightbox'><li class='av-share-link av-social-link-facebook' ><a target=\"_blank\" aria-label=\"Compartir en Facebook\" href='https:\/\/www.facebook.com\/sharer.php?u=https:\/\/radiorevelacionfm.cl\/?p=32912&#038;t=Comit%C3%A9%20de%20Contingencias%20Ambientales%20se%20activa%20ante%20llegada%20del%20fen%C3%B3meno%20del%20Ni%C3%B1o' aria-hidden='false' data-av_icon='\ue8f3' data-av_iconfont='entypo-fontello' title='' data-avia-related-tooltip='Compartir en Facebook' rel=\"noopener\"><span class='avia_hidden_link_text'>Compartir en Facebook<\/span><\/a><\/li><li class='av-share-link av-social-link-twitter' ><a target=\"_blank\" aria-label=\"Compartir en Twitter\" href='https:\/\/twitter.com\/share?text=Comit%C3%A9%20de%20Contingencias%20Ambientales%20se%20activa%20ante%20llegada%20del%20fen%C3%B3meno%20del%20Ni%C3%B1o&#038;url=https:\/\/radiorevelacionfm.cl\/?p=32912' aria-hidden='false' data-av_icon='\ue8f1' data-av_iconfont='entypo-fontello' title='' data-avia-related-tooltip='Compartir en Twitter' rel=\"noopener\"><span class='avia_hidden_link_text'>Compartir en Twitter<\/span><\/a><\/li><li class='av-share-link av-social-link-whatsapp' ><a target=\"_blank\" aria-label=\"Compartir en Whatsapp\" href='https:\/\/api.whatsapp.com\/send?text=https:\/\/radiorevelacionfm.cl\/?p=32912' aria-hidden='false' data-av_icon='\uf232' data-av_iconfont='entypo-fontello' title='' data-avia-related-tooltip='Compartir en Whatsapp' rel=\"noopener\"><span class='avia_hidden_link_text'>Compartir en Whatsapp<\/span><\/a><\/li><li class='av-share-link av-social-link-linkedin' ><a target=\"_blank\" aria-label=\"Compartir en LinkedIn\" href='https:\/\/linkedin.com\/shareArticle?mini=true&#038;title=Comit%C3%A9%20de%20Contingencias%20Ambientales%20se%20activa%20ante%20llegada%20del%20fen%C3%B3meno%20del%20Ni%C3%B1o&#038;url=https:\/\/radiorevelacionfm.cl\/?p=32912' aria-hidden='false' data-av_icon='\ue8fc' data-av_iconfont='entypo-fontello' title='' data-avia-related-tooltip='Compartir en LinkedIn' rel=\"noopener\"><span class='avia_hidden_link_text'>Compartir en LinkedIn<\/span><\/a><\/li><li class='av-share-link av-social-link-mail' ><a  aria-label=\"Compartir por correo\" href='mailto:?subject=Comit%C3%A9%20de%20Contingencias%20Ambientales%20se%20activa%20ante%20llegada%20del%20fen%C3%B3meno%20del%20Ni%C3%B1o&#038;body=https:\/\/radiorevelacionfm.cl\/?p=32912' aria-hidden='false' data-av_icon='\ue805' data-av_iconfont='entypo-fontello' title='' data-avia-related-tooltip='Compartir por correo'><span class='avia_hidden_link_text'>Compartir por correo<\/span><\/a><\/li><\/ul><\/div><\/div>\n<div  style='height:50px' class='hr hr-invisible   avia-builder-el-18  el_after_av_social_share  el_before_av_comments_list '><span class='hr-inner ' ><span class='hr-inner-style'><\/span><\/span><\/div>\n<div  class='av-buildercomment  av-blog-meta-html-info-disabled av-blog-meta-tag-disabled  '><\/div>\n","protected":false},"excerpt":{"rendered":"","protected":false},"author":1,"featured_media":32913,"comment_status":"open","ping_status":"open","sticky":false,"template":"","format":"standard","meta":{"footnotes":""},"categories":[61],"tags":[],"class_list":["post-32912","post","type-post","status-publish","format-standard","has-post-thumbnail","hentry","category-nacional"],"jetpack_featured_media_url":"https:\/\/radiorevelacionfm.cl\/wp-content\/uploads\/2023\/07\/reunion-comite2-2-2.jpg","_links":{"self":[{"href":"https:\/\/radiorevelacionfm.cl\/index.php?rest_route=\/wp\/v2\/posts\/32912","targetHints":{"allow":["GET"]}}],"collection":[{"href":"https:\/\/radiorevelacionfm.cl\/index.php?rest_route=\/wp\/v2\/posts"}],"about":[{"href":"https:\/\/radiorevelacionfm.cl\/index.php?rest_route=\/wp\/v2\/types\/post"}],"author":[{"embeddable":true,"href":"https:\/\/radiorevelacionfm.cl\/index.php?rest_route=\/wp\/v2\/users\/1"}],"replies":[{"embeddable":true,"href":"https:\/\/radiorevelacionfm.cl\/index.php?rest_route=%2Fwp%2Fv2%2Fcomments&post=32912"}],"version-history":[{"count":1,"href":"https:\/\/radiorevelacionfm.cl\/index.php?rest_route=\/wp\/v2\/posts\/32912\/revisions"}],"predecessor-version":[{"id":32914,"href":"https:\/\/radiorevelacionfm.cl\/index.php?rest_route=\/wp\/v2\/posts\/32912\/revisions\/32914"}],"wp:featuredmedia":[{"embeddable":true,"href":"https:\/\/radiorevelacionfm.cl\/index.php?rest_route=\/wp\/v2\/media\/32913"}],"wp:attachment":[{"href":"https:\/\/radiorevelacionfm.cl\/index.php?rest_route=%2Fwp%2Fv2%2Fmedia&parent=32912"}],"wp:term":[{"taxonomy":"category","embeddable":true,"href":"https:\/\/radiorevelacionfm.cl\/index.php?rest_route=%2Fwp%2Fv2%2Fcategories&post=32912"},{"taxonomy":"post_tag","embeddable":true,"href":"https:\/\/radiorevelacionfm.cl\/index.php?rest_route=%2Fwp%2Fv2%2Ftags&post=32912"}],"curies":[{"name":"wp","href":"https:\/\/api.w.org\/{rel}","templated":true}]}}