{"id":3291,"date":"2021-04-19T23:02:17","date_gmt":"2021-04-20T02:02:17","guid":{"rendered":"https:\/\/radiorevelacionfm.cl\/?p=3291"},"modified":"2021-04-19T23:02:17","modified_gmt":"2021-04-20T02:02:17","slug":"agrupacion-esperanza-de-vida-sostiene-reunion-con-servicio-de-salud-en-puerto-aysen","status":"publish","type":"post","link":"https:\/\/radiorevelacionfm.cl\/?p=3291","title":{"rendered":"Agrupaci\u00f3n \u00abEsperanza de Vida\u00bb sostiene reuni\u00f3n con Servicio de Salud en Puerto Ays\u00e9n"},"content":{"rendered":"<div class=\"flex_column av_one_full  flex_column_div av-zero-column-padding first  avia-builder-el-0  el_before_av_one_full  avia-builder-el-first  \" style='border-radius:0px; '><div  class='avia-image-container  av-styling-    avia-builder-el-1  avia-builder-el-no-sibling  avia-align-center '  itemprop=\"image\" itemscope=\"itemscope\" itemtype=\"https:\/\/schema.org\/ImageObject\"  ><div class='avia-image-container-inner'><div class='avia-image-overlay-wrap'><img decoding=\"async\" class='wp-image-0 avia-img-lazy-loading-not-0 avia_image' src=\"https:\/\/radiorevelacionfm.cl\/wp-content\/uploads\/2021\/04\/prensa1-12.jpeg\" alt='' title=''   itemprop=\"thumbnailUrl\"  \/><\/div><\/div><\/div><\/div>\n<div class=\"flex_column av_one_full  flex_column_div av-zero-column-padding first  avia-builder-el-2  el_after_av_one_full  el_before_av_one_full  column-top-margin\" style='border-radius:0px; '><section class=\"av_textblock_section \"  itemscope=\"itemscope\" itemtype=\"https:\/\/schema.org\/BlogPosting\" itemprop=\"blogPost\" ><div class='avia_textblock  '   itemprop=\"text\" ><p style=\"text-align: center;\"><span style=\"font-size: 18pt;\"><strong>Agrupaci\u00f3n \u00abEsperanza de Vida\u00bb sostiene reuni\u00f3n con Servicio de Salud en Puerto Ays\u00e9n<\/strong><\/span><\/p>\n<div id=\"gtx-trans\" style=\"position: absolute; left: -50px; top: 4.31534px;\">\n<div class=\"gtx-trans-icon\"><\/div>\n<\/div>\n<\/div><\/section><\/div><div class=\"flex_column av_one_full  flex_column_div av-zero-column-padding first  avia-builder-el-4  el_after_av_one_full  el_before_av_hr  column-top-margin\" style='border-radius:0px; '><section class=\"av_textblock_section \"  itemscope=\"itemscope\" itemtype=\"https:\/\/schema.org\/BlogPosting\" itemprop=\"blogPost\" ><div class='avia_textblock  '   itemprop=\"text\" ><p style=\"text-align: justify;\">En el Hospital de Puerto Ays\u00e9n se ubica el primer Policl\u00ednico de la Obesidad del pa\u00eds que fue inaugurado el a\u00f1o 2019, y cuyo objetivo es ir en ayuda integral a trav\u00e9s de un equipo multidisciplinario en pos de quienes sufran esta enfermedad como es la obesidad.<\/p>\n<p style=\"text-align: justify;\">El pasado viernes, el director del Servicio de Salud Ays\u00e9n, Gabriel Burgos, particip\u00f3 de la reuni\u00f3n organizada por la Agrupaci\u00f3n \u201cEsperanza de Vida\u201d en el auditorio del Hospital de Puerto Ays\u00e9n, instancia en la que pudo conocer todo el quehacer de la organizaci\u00f3n y dialogar sobre el Pol\u00ed Obesidad dispuesto en el establecimiento hospitalario de esta ciudad.<\/p>\n<p style=\"text-align: justify;\">Gabriel Burgos, director del Servicio de Salud Ays\u00e9n, manifest\u00f3 que \u201cla agrupaci\u00f3n Esperanza de Vida es una organizaci\u00f3n muy importante en Puerto Ays\u00e9n, por lo que estamos contentos de observar todo el trabajo que han realizado este tiempo en lo que se refiere a la obesidad. Se ha podido implementar el Poli Obesidad, por lo que hay un compromiso de parte del Hospital y de nuestro Servicio, de manera de contar con una implementaci\u00f3n adecuada para que las personas puedan tener una mejor calidad de vida, que no solo implica una operaci\u00f3n, sino tambi\u00e9n educaci\u00f3n y una vida m\u00e1s saludable, que involucra tiempo y profesionales preparados para apoyar en esta problem\u00e1tica\u201d.<\/p>\n<p style=\"text-align: justify;\">De acuerdo a cifras informadas por el Ministerio de Salud, la regi\u00f3n de Ays\u00e9n es la que presenta los m\u00e1s altos \u00edndices de obesidad y sedentarismo a nivel nacional, por lo cual es sumamente importante este tipo de iniciativas.<\/p>\n<p style=\"text-align: justify;\">Por su parte, Jaqueline Melinao, presidenta de la Agrupaci\u00f3n Esperanza de Vida, \u201cpara nosotros fue muy importante esta reuni\u00f3n, ya que contamos con todo el apoyo del director del Servicio de Salud, quien puso a su disposici\u00f3n todo lo que este a su alcance. Sabemos que apalancar recursos no es f\u00e1cil, menos en periodo de pandemia, pero la voluntad esta, por lo que estamos muy contentos por esta jornada\u201d.<\/p>\n<p style=\"text-align: justify;\">Cabe se\u00f1alar que esta agrupaci\u00f3n hoy congrega a m\u00e1s de 400 socios, reuniendo gente con obesidad y busca mejorar la calidad de vida de estas personas a trav\u00e9s de instancias como son talleres deportivos, educativos con profesionales de la salud, art\u00edstico culturales, entre otros.<\/p>\n<\/div><\/section><\/div><\/p>\n<div  style='height:50px' class='hr hr-invisible   avia-builder-el-6  el_after_av_one_full  el_before_av_social_share '><span class='hr-inner ' ><span class='hr-inner-style'><\/span><\/span><\/div>\n<div  class='av-social-sharing-box  avia-builder-el-7  el_after_av_hr  el_before_av_hr  '><div class='av-share-box'><h5 class='av-share-link-description av-no-toc '>Compartir esta noticia<\/h5><ul class='av-share-box-list noLightbox'><li class='av-share-link av-social-link-facebook' ><a target=\"_blank\" aria-label=\"Compartir en Facebook\" href='https:\/\/www.facebook.com\/sharer.php?u=https:\/\/radiorevelacionfm.cl\/?p=3291&#038;t=Agrupaci%C3%B3n%20%C2%ABEsperanza%20de%20Vida%C2%BB%20sostiene%20reuni%C3%B3n%20con%20Servicio%20de%20Salud%20en%20Puerto%20Ays%C3%A9n' aria-hidden='false' data-av_icon='\ue8f3' data-av_iconfont='entypo-fontello' title='' data-avia-related-tooltip='Compartir en Facebook' rel=\"noopener\"><span class='avia_hidden_link_text'>Compartir en Facebook<\/span><\/a><\/li><li class='av-share-link av-social-link-twitter' ><a target=\"_blank\" aria-label=\"Compartir en Twitter\" href='https:\/\/twitter.com\/share?text=Agrupaci%C3%B3n%20%C2%ABEsperanza%20de%20Vida%C2%BB%20sostiene%20reuni%C3%B3n%20con%20Servicio%20de%20Salud%20en%20Puerto%20Ays%C3%A9n&#038;url=https:\/\/radiorevelacionfm.cl\/?p=3291' aria-hidden='false' data-av_icon='\ue8f1' data-av_iconfont='entypo-fontello' title='' data-avia-related-tooltip='Compartir en Twitter' rel=\"noopener\"><span class='avia_hidden_link_text'>Compartir en Twitter<\/span><\/a><\/li><li class='av-share-link av-social-link-whatsapp' ><a target=\"_blank\" aria-label=\"Compartir en Whatsapp\" href='https:\/\/api.whatsapp.com\/send?text=https:\/\/radiorevelacionfm.cl\/?p=3291' aria-hidden='false' data-av_icon='\uf232' data-av_iconfont='entypo-fontello' title='' data-avia-related-tooltip='Compartir en Whatsapp' rel=\"noopener\"><span class='avia_hidden_link_text'>Compartir en Whatsapp<\/span><\/a><\/li><li class='av-share-link av-social-link-linkedin' ><a target=\"_blank\" aria-label=\"Compartir en LinkedIn\" href='https:\/\/linkedin.com\/shareArticle?mini=true&#038;title=Agrupaci%C3%B3n%20%C2%ABEsperanza%20de%20Vida%C2%BB%20sostiene%20reuni%C3%B3n%20con%20Servicio%20de%20Salud%20en%20Puerto%20Ays%C3%A9n&#038;url=https:\/\/radiorevelacionfm.cl\/?p=3291' aria-hidden='false' data-av_icon='\ue8fc' data-av_iconfont='entypo-fontello' title='' data-avia-related-tooltip='Compartir en LinkedIn' rel=\"noopener\"><span class='avia_hidden_link_text'>Compartir en LinkedIn<\/span><\/a><\/li><li class='av-share-link av-social-link-mail' ><a  aria-label=\"Compartir por correo\" href='mailto:?subject=Agrupaci%C3%B3n%20%C2%ABEsperanza%20de%20Vida%C2%BB%20sostiene%20reuni%C3%B3n%20con%20Servicio%20de%20Salud%20en%20Puerto%20Ays%C3%A9n&#038;body=https:\/\/radiorevelacionfm.cl\/?p=3291' aria-hidden='false' data-av_icon='\ue805' data-av_iconfont='entypo-fontello' title='' data-avia-related-tooltip='Compartir por correo'><span class='avia_hidden_link_text'>Compartir por correo<\/span><\/a><\/li><\/ul><\/div><\/div>\n<div  style='height:50px' class='hr hr-invisible   avia-builder-el-8  el_after_av_social_share  el_before_av_comments_list '><span class='hr-inner ' ><span class='hr-inner-style'><\/span><\/span><\/div>\n<div  class='av-buildercomment  av-blog-meta-html-info-disabled av-blog-meta-tag-disabled  '><\/div>\n","protected":false},"excerpt":{"rendered":"","protected":false},"author":1,"featured_media":0,"comment_status":"open","ping_status":"open","sticky":false,"template":"","format":"standard","meta":{"footnotes":""},"categories":[46],"tags":[],"class_list":["post-3291","post","type-post","status-publish","format-standard","hentry","category-salud"],"jetpack_featured_media_url":"","_links":{"self":[{"href":"https:\/\/radiorevelacionfm.cl\/index.php?rest_route=\/wp\/v2\/posts\/3291","targetHints":{"allow":["GET"]}}],"collection":[{"href":"https:\/\/radiorevelacionfm.cl\/index.php?rest_route=\/wp\/v2\/posts"}],"about":[{"href":"https:\/\/radiorevelacionfm.cl\/index.php?rest_route=\/wp\/v2\/types\/post"}],"author":[{"embeddable":true,"href":"https:\/\/radiorevelacionfm.cl\/index.php?rest_route=\/wp\/v2\/users\/1"}],"replies":[{"embeddable":true,"href":"https:\/\/radiorevelacionfm.cl\/index.php?rest_route=%2Fwp%2Fv2%2Fcomments&post=3291"}],"version-history":[{"count":2,"href":"https:\/\/radiorevelacionfm.cl\/index.php?rest_route=\/wp\/v2\/posts\/3291\/revisions"}],"predecessor-version":[{"id":3297,"href":"https:\/\/radiorevelacionfm.cl\/index.php?rest_route=\/wp\/v2\/posts\/3291\/revisions\/3297"}],"wp:attachment":[{"href":"https:\/\/radiorevelacionfm.cl\/index.php?rest_route=%2Fwp%2Fv2%2Fmedia&parent=3291"}],"wp:term":[{"taxonomy":"category","embeddable":true,"href":"https:\/\/radiorevelacionfm.cl\/index.php?rest_route=%2Fwp%2Fv2%2Fcategories&post=3291"},{"taxonomy":"post_tag","embeddable":true,"href":"https:\/\/radiorevelacionfm.cl\/index.php?rest_route=%2Fwp%2Fv2%2Ftags&post=3291"}],"curies":[{"name":"wp","href":"https:\/\/api.w.org\/{rel}","templated":true}]}}