{"id":32909,"date":"2023-07-13T12:01:27","date_gmt":"2023-07-13T15:01:27","guid":{"rendered":"https:\/\/radiorevelacionfm.cl\/?p=32909"},"modified":"2023-07-13T12:01:27","modified_gmt":"2023-07-13T15:01:27","slug":"iniciaran-juicio-en-contra-de-tres-imputados-por-homicidio-ocurrido-en-puerto-cisnes","status":"publish","type":"post","link":"https:\/\/radiorevelacionfm.cl\/?p=32909","title":{"rendered":"Iniciar\u00e1n juicio en contra de tres imputados por homicidio ocurrido en Puerto Cisnes"},"content":{"rendered":"<div class=\"flex_column av_one_full  flex_column_div av-zero-column-padding first  avia-builder-el-0  el_before_av_one_full  avia-builder-el-first  \" style='border-radius:0px; '><div  class='avia-image-container  av-styling-    avia-builder-el-1  avia-builder-el-no-sibling  avia-align-center '  itemprop=\"image\" itemscope=\"itemscope\" itemtype=\"https:\/\/schema.org\/ImageObject\"  ><div class='avia-image-container-inner'><div class='avia-image-overlay-wrap'><img decoding=\"async\" class='wp-image-32910 avia-img-lazy-loading-not-32910 avia_image' src=\"https:\/\/radiorevelacionfm.cl\/wp-content\/uploads\/2023\/07\/image-139-2.jpg\" alt='' title='image-139-2' height=\"600\" width=\"890\"  itemprop=\"thumbnailUrl\" srcset=\"https:\/\/radiorevelacionfm.cl\/wp-content\/uploads\/2023\/07\/image-139-2.jpg 890w, https:\/\/radiorevelacionfm.cl\/wp-content\/uploads\/2023\/07\/image-139-2-300x202.jpg 300w, https:\/\/radiorevelacionfm.cl\/wp-content\/uploads\/2023\/07\/image-139-2-768x518.jpg 768w, https:\/\/radiorevelacionfm.cl\/wp-content\/uploads\/2023\/07\/image-139-2-705x475.jpg 705w, https:\/\/radiorevelacionfm.cl\/wp-content\/uploads\/2023\/07\/image-139-2-450x303.jpg 450w, https:\/\/radiorevelacionfm.cl\/wp-content\/uploads\/2023\/07\/image-139-2-600x404.jpg 600w\" sizes=\"(max-width: 890px) 100vw, 890px\" \/><\/div><\/div><\/div><\/div><div class=\"flex_column av_one_full  flex_column_div av-zero-column-padding first  avia-builder-el-2  el_after_av_one_full  el_before_av_one_full  column-top-margin\" style='border-radius:0px; '><section class=\"av_textblock_section \"  itemscope=\"itemscope\" itemtype=\"https:\/\/schema.org\/BlogPosting\" itemprop=\"blogPost\" ><div class='avia_textblock  '   itemprop=\"text\" ><p style=\"text-align: center;\"><strong><span style=\"font-size: 18pt;\">Iniciar\u00e1n juicio en contra de tres imputados por homicidio ocurrido en Puerto Cisnes<\/span><\/strong><\/p>\n<div id=\"gtx-trans\" style=\"position: absolute; left: -50px; top: 4.31534px;\">\n<div class=\"gtx-trans-icon\"><\/div>\n<\/div>\n<\/div><\/section><\/div><div class=\"flex_column av_one_full  flex_column_div av-zero-column-padding first  avia-builder-el-4  el_after_av_one_full  el_before_av_hr  column-top-margin\" style='border-radius:0px; '><section class=\"av_textblock_section \"  itemscope=\"itemscope\" itemtype=\"https:\/\/schema.org\/BlogPosting\" itemprop=\"blogPost\" ><div class='avia_textblock  '   itemprop=\"text\" ><p style=\"text-align: justify;\">La Fiscal\u00eda Ays\u00e9n, tras varios meses de investigaci\u00f3n, iniciar\u00e1 la pr\u00f3xima semana juicio en contra de tres imputados que estar\u00edan involucrados en los hechos que le costaron la vida a un trabajador de una empresa constructora.<\/p>\n<p style=\"text-align: justify;\">Cabe recordar que los hechos ocurrieron el 16 de septiembre del a\u00f1o 2022 en la comuna de Cisnes, en la localidad de Puerto Cisnes.<\/p>\n<p style=\"text-align: justify;\">De acuerdo a informaci\u00f3n del fiscal jefe de Puerto Ays\u00e9n, Pedro Poblete Viejo, se va a presentar acusaci\u00f3n por el delito de homicidio consumado.<\/p>\n<p style=\"text-align: justify;\">\u201cCorresponde la realizaci\u00f3n del juicio oral por el delito de homicidio, que ocurri\u00f3 durante el fin de semana patrio del a\u00f1o pasado en la localidad de Puerto Cisnes. En esa oportunidad, un trabajador fue lamentablemente privado de su vida en una agresi\u00f3n por un grupo de j\u00f3venes, entre los cuales participaban los autores del hecho, donde fue apu\u00f1alado y result\u00f3 fallecido, pese a intentarse la intervenci\u00f3n m\u00e9dica, no pudo ser atendido oportunamente y muere esta persona. A ra\u00edz de lo cual, se est\u00e1 acusando por un delito de homicidio consumado\u201d.<\/p>\n<p style=\"text-align: justify;\">El persecutor, record\u00f3 como habr\u00edan ocurrido los hechos el d\u00eda en que se produjo el homicidio. \u201cSon tres personas que est\u00e1n involucradas, quienes formaban parte de un grupo de cinco personas que estaban compartiendo bebidas alcoh\u00f3licas y que al ver pasar el veh\u00edculo en el cual iba la v\u00edctima lo siguen, se genera una discusi\u00f3n luego de que obstaculizan el paso y en esas circunstancias los agreden con golpes de pu\u00f1o y cuchillos y uno de ellos procede a apu\u00f1alar a la v\u00edctima\u201d.<\/p>\n<p style=\"text-align: justify;\">Los acusados arriesgan penas seg\u00fan \u201cla hip\u00f3tesis en este caso es que hay penas que superar\u00edan los 15 a\u00f1os de presidio menor en su grado medio\u201d,\u00a0se\u00f1al\u00f3 el fiscal Poblete.<\/p>\n<\/div><\/section><\/div><div  style='height:50px' class='hr hr-invisible   avia-builder-el-6  el_after_av_one_full  el_before_av_social_share '><span class='hr-inner ' ><span class='hr-inner-style'><\/span><\/span><\/div><\/p>\n<div  class='av-social-sharing-box  avia-builder-el-7  el_after_av_hr  el_before_av_hr  '><div class='av-share-box'><h5 class='av-share-link-description av-no-toc '>Compartir esta noticia<\/h5><ul class='av-share-box-list noLightbox'><li class='av-share-link av-social-link-facebook' ><a target=\"_blank\" aria-label=\"Compartir en Facebook\" href='https:\/\/www.facebook.com\/sharer.php?u=https:\/\/radiorevelacionfm.cl\/?p=32909&#038;t=Iniciar%C3%A1n%20juicio%20en%20contra%20de%20tres%20imputados%20por%20homicidio%20ocurrido%20en%20Puerto%20Cisnes' aria-hidden='false' data-av_icon='\ue8f3' data-av_iconfont='entypo-fontello' title='' data-avia-related-tooltip='Compartir en Facebook' rel=\"noopener\"><span class='avia_hidden_link_text'>Compartir en Facebook<\/span><\/a><\/li><li class='av-share-link av-social-link-twitter' ><a target=\"_blank\" aria-label=\"Compartir en Twitter\" href='https:\/\/twitter.com\/share?text=Iniciar%C3%A1n%20juicio%20en%20contra%20de%20tres%20imputados%20por%20homicidio%20ocurrido%20en%20Puerto%20Cisnes&#038;url=https:\/\/radiorevelacionfm.cl\/?p=32909' aria-hidden='false' data-av_icon='\ue8f1' data-av_iconfont='entypo-fontello' title='' data-avia-related-tooltip='Compartir en Twitter' rel=\"noopener\"><span class='avia_hidden_link_text'>Compartir en Twitter<\/span><\/a><\/li><li class='av-share-link av-social-link-whatsapp' ><a target=\"_blank\" aria-label=\"Compartir en Whatsapp\" href='https:\/\/api.whatsapp.com\/send?text=https:\/\/radiorevelacionfm.cl\/?p=32909' aria-hidden='false' data-av_icon='\uf232' data-av_iconfont='entypo-fontello' title='' data-avia-related-tooltip='Compartir en Whatsapp' rel=\"noopener\"><span class='avia_hidden_link_text'>Compartir en Whatsapp<\/span><\/a><\/li><li class='av-share-link av-social-link-linkedin' ><a target=\"_blank\" aria-label=\"Compartir en LinkedIn\" href='https:\/\/linkedin.com\/shareArticle?mini=true&#038;title=Iniciar%C3%A1n%20juicio%20en%20contra%20de%20tres%20imputados%20por%20homicidio%20ocurrido%20en%20Puerto%20Cisnes&#038;url=https:\/\/radiorevelacionfm.cl\/?p=32909' aria-hidden='false' data-av_icon='\ue8fc' data-av_iconfont='entypo-fontello' title='' data-avia-related-tooltip='Compartir en LinkedIn' rel=\"noopener\"><span class='avia_hidden_link_text'>Compartir en LinkedIn<\/span><\/a><\/li><li class='av-share-link av-social-link-mail' ><a  aria-label=\"Compartir por correo\" href='mailto:?subject=Iniciar%C3%A1n%20juicio%20en%20contra%20de%20tres%20imputados%20por%20homicidio%20ocurrido%20en%20Puerto%20Cisnes&#038;body=https:\/\/radiorevelacionfm.cl\/?p=32909' aria-hidden='false' data-av_icon='\ue805' data-av_iconfont='entypo-fontello' title='' data-avia-related-tooltip='Compartir por correo'><span class='avia_hidden_link_text'>Compartir por correo<\/span><\/a><\/li><\/ul><\/div><\/div>\n<div  style='height:50px' class='hr hr-invisible   avia-builder-el-8  el_after_av_social_share  el_before_av_comments_list '><span class='hr-inner ' ><span class='hr-inner-style'><\/span><\/span><\/div>\n<div  class='av-buildercomment  av-blog-meta-html-info-disabled av-blog-meta-tag-disabled  '><\/div>\n","protected":false},"excerpt":{"rendered":"","protected":false},"author":1,"featured_media":32910,"comment_status":"open","ping_status":"open","sticky":false,"template":"","format":"standard","meta":{"footnotes":""},"categories":[55],"tags":[],"class_list":["post-32909","post","type-post","status-publish","format-standard","has-post-thumbnail","hentry","category-justicia"],"jetpack_featured_media_url":"https:\/\/radiorevelacionfm.cl\/wp-content\/uploads\/2023\/07\/image-139-2.jpg","_links":{"self":[{"href":"https:\/\/radiorevelacionfm.cl\/index.php?rest_route=\/wp\/v2\/posts\/32909","targetHints":{"allow":["GET"]}}],"collection":[{"href":"https:\/\/radiorevelacionfm.cl\/index.php?rest_route=\/wp\/v2\/posts"}],"about":[{"href":"https:\/\/radiorevelacionfm.cl\/index.php?rest_route=\/wp\/v2\/types\/post"}],"author":[{"embeddable":true,"href":"https:\/\/radiorevelacionfm.cl\/index.php?rest_route=\/wp\/v2\/users\/1"}],"replies":[{"embeddable":true,"href":"https:\/\/radiorevelacionfm.cl\/index.php?rest_route=%2Fwp%2Fv2%2Fcomments&post=32909"}],"version-history":[{"count":1,"href":"https:\/\/radiorevelacionfm.cl\/index.php?rest_route=\/wp\/v2\/posts\/32909\/revisions"}],"predecessor-version":[{"id":32911,"href":"https:\/\/radiorevelacionfm.cl\/index.php?rest_route=\/wp\/v2\/posts\/32909\/revisions\/32911"}],"wp:featuredmedia":[{"embeddable":true,"href":"https:\/\/radiorevelacionfm.cl\/index.php?rest_route=\/wp\/v2\/media\/32910"}],"wp:attachment":[{"href":"https:\/\/radiorevelacionfm.cl\/index.php?rest_route=%2Fwp%2Fv2%2Fmedia&parent=32909"}],"wp:term":[{"taxonomy":"category","embeddable":true,"href":"https:\/\/radiorevelacionfm.cl\/index.php?rest_route=%2Fwp%2Fv2%2Fcategories&post=32909"},{"taxonomy":"post_tag","embeddable":true,"href":"https:\/\/radiorevelacionfm.cl\/index.php?rest_route=%2Fwp%2Fv2%2Ftags&post=32909"}],"curies":[{"name":"wp","href":"https:\/\/api.w.org\/{rel}","templated":true}]}}