{"id":32907,"date":"2023-07-13T11:05:12","date_gmt":"2023-07-13T14:05:12","guid":{"rendered":"https:\/\/radiorevelacionfm.cl\/?p=32907"},"modified":"2023-07-13T11:05:12","modified_gmt":"2023-07-13T14:05:12","slug":"invitan-a-participar-de-taller-el-futuro-del-medio-ambiente-y-la-inteligencia-artificial","status":"publish","type":"post","link":"https:\/\/radiorevelacionfm.cl\/?p=32907","title":{"rendered":"Invitan a participar de taller \u00abEl Futuro del Medio Ambiente y la Inteligencia Artificial\u00bb"},"content":{"rendered":"<div class=\"flex_column av_one_full  flex_column_div av-zero-column-padding first  avia-builder-el-0  el_before_av_one_full  avia-builder-el-first  \" style='border-radius:0px; '><div  class='avia-image-container  av-styling-    avia-builder-el-1  avia-builder-el-no-sibling  avia-align-center '  itemprop=\"image\" itemscope=\"itemscope\" itemtype=\"https:\/\/schema.org\/ImageObject\"  ><div class='avia-image-container-inner'><div class='avia-image-overlay-wrap'><img decoding=\"async\" class='wp-image-15129 avia-img-lazy-loading-not-15129 avia_image' src=\"https:\/\/radiorevelacionfm.cl\/wp-content\/uploads\/2022\/03\/investigaciones-cientificas-1024x683-1_optimized.jpg\" alt='' title='investigaciones-cientificas-1024x683-(1)_optimized' height=\"600\" width=\"900\"  itemprop=\"thumbnailUrl\" srcset=\"https:\/\/radiorevelacionfm.cl\/wp-content\/uploads\/2022\/03\/investigaciones-cientificas-1024x683-1_optimized.jpg 900w, https:\/\/radiorevelacionfm.cl\/wp-content\/uploads\/2022\/03\/investigaciones-cientificas-1024x683-1_optimized-300x200.jpg 300w, https:\/\/radiorevelacionfm.cl\/wp-content\/uploads\/2022\/03\/investigaciones-cientificas-1024x683-1_optimized-768x512.jpg 768w, https:\/\/radiorevelacionfm.cl\/wp-content\/uploads\/2022\/03\/investigaciones-cientificas-1024x683-1_optimized-705x470.jpg 705w, https:\/\/radiorevelacionfm.cl\/wp-content\/uploads\/2022\/03\/investigaciones-cientificas-1024x683-1_optimized-600x400.jpg 600w\" sizes=\"(max-width: 900px) 100vw, 900px\" \/><\/div><\/div><\/div><\/div><div class=\"flex_column av_one_full  flex_column_div av-zero-column-padding first  avia-builder-el-2  el_after_av_one_full  el_before_av_one_full  column-top-margin\" style='border-radius:0px; '><section class=\"av_textblock_section \"  itemscope=\"itemscope\" itemtype=\"https:\/\/schema.org\/BlogPosting\" itemprop=\"blogPost\" ><div class='avia_textblock  '   itemprop=\"text\" ><p style=\"text-align: center;\"><strong><span style=\"font-size: 18pt;\">Invitan a participar de taller \u00abEl Futuro del Medio Ambiente y la Inteligencia Artificial\u00bb<\/span><\/strong><\/p>\n<div id=\"gtx-trans\" style=\"position: absolute; left: -50px; top: 4.31534px;\">\n<div class=\"gtx-trans-icon\"><\/div>\n<\/div>\n<\/div><\/section><\/div><div class=\"flex_column av_one_full  flex_column_div av-zero-column-padding first  avia-builder-el-4  el_after_av_one_full  el_before_av_hr  column-top-margin\" style='border-radius:0px; '><section class=\"av_textblock_section \"  itemscope=\"itemscope\" itemtype=\"https:\/\/schema.org\/BlogPosting\" itemprop=\"blogPost\" ><div class='avia_textblock  '   itemprop=\"text\" ><p class=\"v1MsoNormal\" style=\"text-align: justify;\"><span lang=\"es\">El martes 18 de julio, 9:00 horas (Magallanes y la Ant\u00e1rtica Chilena) 8:00 horas (Ays\u00e9n), se realizar\u00e1 el taller \u00abEl Futuro del Medio Ambiente y la Inteligencia Artificial\u00bb, uno de los seis organizados a nivel nacional por el Ministerio de Ciencia, Tecnolog\u00eda, Conocimiento e Innovaci\u00f3n (CTCI) y la Organizaci\u00f3n de las Naciones Unidas para la Educaci\u00f3n la Ciencia y la Cultura (UNESCO), y cuyos resultados ser\u00e1n un insumo para actualizar la pol\u00edtica.<\/span><\/p>\n<p class=\"v1MsoNormal\" style=\"text-align: justify;\"><span lang=\"es\">Seg\u00fan indic\u00f3 la seremi de Ciencia, Ver\u00f3nica Vallejos, en junio del presente a\u00f1o se comenz\u00f3 con los talleres participativos en distintas regiones del pa\u00eds, para dialogar sobre diferentes tem\u00e1ticas relacionadas con la Inteligencia Artificial (IA), abordando particularmente el eje tres de la pol\u00edtica correspondiente a \u00ab\u00c9tica, Aspectos Legales y Regulatorios, e Impactos Socioecon\u00f3micos\u00bb.<\/span><\/p>\n<p class=\"v1MsoNormal\" style=\"text-align: justify;\"><span lang=\"es\">\u00abEn este taller se tratar\u00e1n las oportunidades propias del territorio y la IA, con especial \u00e9nfasis en temas medioambientales, como desastres naturales, resiliencia y crisis clim\u00e1tica, a los que la macrozona se ve enfrentada\u00bb, explic\u00f3 la autoridad regional, quien agreg\u00f3 que \u00abes necesario revisar y profundizar la pol\u00edtica, abordando principalmente los temas \u00e9ticos y definir c\u00f3mo avanzamos hacia una transici\u00f3n digital justa, basada en el respeto de los derechos humanos y enfrentando los desaf\u00edos medioambientales, en momentos en donde adem\u00e1s la sociedad est\u00e1 preocupada por la ciberseguridad. Debemos disponer de conocimientos que nos permitan tomar las mejores decisiones en materia de pol\u00edticas p\u00fablicas asociadas a inteligencia artificial y responder apropiadamente a las necesidades de la comunidad en estos temas\u00bb.<\/span><\/p>\n<p class=\"v1MsoNormal\" style=\"text-align: justify;\"><span lang=\"es\">La versi\u00f3n actualizada ser\u00e1 presentada en la pr\u00f3xima Cumbre de Inteligencia Artificial que organiza el MinCiencia, la oficina de Unesco Montevideo y el Banco de Desarrollo de Am\u00e9rica Latina, en octubre de este a\u00f1o.<\/span><\/p>\n<p class=\"v1MsoNormal\" style=\"text-align: justify;\"><span lang=\"es\">Quienes deseen participar de esta actividad y se encuentren en Punta Arenas, recibir\u00e1n un correo con la direcci\u00f3n del lugar previa inscripci\u00f3n en\u00a0<\/span><span lang=\"es\"><a href=\"mailto:austral@minciencia.gob.cl\" rel=\"noreferrer\">austral@minciencia.gob.cl<\/a><\/span><span lang=\"es\">. Interesados e interesadas de comunas aleda\u00f1as y de la regi\u00f3n de Ays\u00e9n podr\u00e1n solicitar el enlace de conexi\u00f3n en la casilla antes mencionada.<\/span><\/p>\n<\/div><\/section><\/div><div  style='height:50px' class='hr hr-invisible   avia-builder-el-6  el_after_av_one_full  el_before_av_social_share '><span class='hr-inner ' ><span class='hr-inner-style'><\/span><\/span><\/div><\/p>\n<div  class='av-social-sharing-box  avia-builder-el-7  el_after_av_hr  el_before_av_hr  '><div class='av-share-box'><h5 class='av-share-link-description av-no-toc '>Compartir esta noticia<\/h5><ul class='av-share-box-list noLightbox'><li class='av-share-link av-social-link-facebook' ><a target=\"_blank\" aria-label=\"Compartir en Facebook\" href='https:\/\/www.facebook.com\/sharer.php?u=https:\/\/radiorevelacionfm.cl\/?p=32907&#038;t=Invitan%20a%20participar%20de%20taller%20%C2%ABEl%20Futuro%20del%20Medio%20Ambiente%20y%20la%20Inteligencia%20Artificial%C2%BB' aria-hidden='false' data-av_icon='\ue8f3' data-av_iconfont='entypo-fontello' title='' data-avia-related-tooltip='Compartir en Facebook' rel=\"noopener\"><span class='avia_hidden_link_text'>Compartir en Facebook<\/span><\/a><\/li><li class='av-share-link av-social-link-twitter' ><a target=\"_blank\" aria-label=\"Compartir en Twitter\" href='https:\/\/twitter.com\/share?text=Invitan%20a%20participar%20de%20taller%20%C2%ABEl%20Futuro%20del%20Medio%20Ambiente%20y%20la%20Inteligencia%20Artificial%C2%BB&#038;url=https:\/\/radiorevelacionfm.cl\/?p=32907' aria-hidden='false' data-av_icon='\ue8f1' data-av_iconfont='entypo-fontello' title='' data-avia-related-tooltip='Compartir en Twitter' rel=\"noopener\"><span class='avia_hidden_link_text'>Compartir en Twitter<\/span><\/a><\/li><li class='av-share-link av-social-link-whatsapp' ><a target=\"_blank\" aria-label=\"Compartir en Whatsapp\" href='https:\/\/api.whatsapp.com\/send?text=https:\/\/radiorevelacionfm.cl\/?p=32907' aria-hidden='false' data-av_icon='\uf232' data-av_iconfont='entypo-fontello' title='' data-avia-related-tooltip='Compartir en Whatsapp' rel=\"noopener\"><span class='avia_hidden_link_text'>Compartir en Whatsapp<\/span><\/a><\/li><li class='av-share-link av-social-link-linkedin' ><a target=\"_blank\" aria-label=\"Compartir en LinkedIn\" href='https:\/\/linkedin.com\/shareArticle?mini=true&#038;title=Invitan%20a%20participar%20de%20taller%20%C2%ABEl%20Futuro%20del%20Medio%20Ambiente%20y%20la%20Inteligencia%20Artificial%C2%BB&#038;url=https:\/\/radiorevelacionfm.cl\/?p=32907' aria-hidden='false' data-av_icon='\ue8fc' data-av_iconfont='entypo-fontello' title='' data-avia-related-tooltip='Compartir en LinkedIn' rel=\"noopener\"><span class='avia_hidden_link_text'>Compartir en LinkedIn<\/span><\/a><\/li><li class='av-share-link av-social-link-mail' ><a  aria-label=\"Compartir por correo\" href='mailto:?subject=Invitan%20a%20participar%20de%20taller%20%C2%ABEl%20Futuro%20del%20Medio%20Ambiente%20y%20la%20Inteligencia%20Artificial%C2%BB&#038;body=https:\/\/radiorevelacionfm.cl\/?p=32907' aria-hidden='false' data-av_icon='\ue805' data-av_iconfont='entypo-fontello' title='' data-avia-related-tooltip='Compartir por correo'><span class='avia_hidden_link_text'>Compartir por correo<\/span><\/a><\/li><\/ul><\/div><\/div>\n<div  style='height:50px' class='hr hr-invisible   avia-builder-el-8  el_after_av_social_share  el_before_av_comments_list '><span class='hr-inner ' ><span class='hr-inner-style'><\/span><\/span><\/div>\n<div  class='av-buildercomment  av-blog-meta-html-info-disabled av-blog-meta-tag-disabled  '><\/div>\n","protected":false},"excerpt":{"rendered":"","protected":false},"author":1,"featured_media":15129,"comment_status":"open","ping_status":"open","sticky":false,"template":"","format":"standard","meta":{"footnotes":""},"categories":[53],"tags":[],"class_list":["post-32907","post","type-post","status-publish","format-standard","has-post-thumbnail","hentry","category-ciencia"],"jetpack_featured_media_url":"https:\/\/radiorevelacionfm.cl\/wp-content\/uploads\/2022\/03\/investigaciones-cientificas-1024x683-1_optimized.jpg","_links":{"self":[{"href":"https:\/\/radiorevelacionfm.cl\/index.php?rest_route=\/wp\/v2\/posts\/32907","targetHints":{"allow":["GET"]}}],"collection":[{"href":"https:\/\/radiorevelacionfm.cl\/index.php?rest_route=\/wp\/v2\/posts"}],"about":[{"href":"https:\/\/radiorevelacionfm.cl\/index.php?rest_route=\/wp\/v2\/types\/post"}],"author":[{"embeddable":true,"href":"https:\/\/radiorevelacionfm.cl\/index.php?rest_route=\/wp\/v2\/users\/1"}],"replies":[{"embeddable":true,"href":"https:\/\/radiorevelacionfm.cl\/index.php?rest_route=%2Fwp%2Fv2%2Fcomments&post=32907"}],"version-history":[{"count":1,"href":"https:\/\/radiorevelacionfm.cl\/index.php?rest_route=\/wp\/v2\/posts\/32907\/revisions"}],"predecessor-version":[{"id":32908,"href":"https:\/\/radiorevelacionfm.cl\/index.php?rest_route=\/wp\/v2\/posts\/32907\/revisions\/32908"}],"wp:featuredmedia":[{"embeddable":true,"href":"https:\/\/radiorevelacionfm.cl\/index.php?rest_route=\/wp\/v2\/media\/15129"}],"wp:attachment":[{"href":"https:\/\/radiorevelacionfm.cl\/index.php?rest_route=%2Fwp%2Fv2%2Fmedia&parent=32907"}],"wp:term":[{"taxonomy":"category","embeddable":true,"href":"https:\/\/radiorevelacionfm.cl\/index.php?rest_route=%2Fwp%2Fv2%2Fcategories&post=32907"},{"taxonomy":"post_tag","embeddable":true,"href":"https:\/\/radiorevelacionfm.cl\/index.php?rest_route=%2Fwp%2Fv2%2Ftags&post=32907"}],"curies":[{"name":"wp","href":"https:\/\/api.w.org\/{rel}","templated":true}]}}