{"id":32905,"date":"2023-07-13T10:49:28","date_gmt":"2023-07-13T13:49:28","guid":{"rendered":"https:\/\/radiorevelacionfm.cl\/?p=32905"},"modified":"2023-07-13T10:49:28","modified_gmt":"2023-07-13T13:49:28","slug":"30-mil-pescadores-artesanales-beneficiados-aprueban-suspender-la-declaracion-de-caducidades-del-registro-pesquero-artesanal","status":"publish","type":"post","link":"https:\/\/radiorevelacionfm.cl\/?p=32905","title":{"rendered":"30 mil pescadores artesanales beneficiados: aprueban suspender la declaraci\u00f3n de caducidades del registro pesquero artesanal"},"content":{"rendered":"<div class=\"flex_column av_one_full  flex_column_div av-zero-column-padding first  avia-builder-el-0  el_before_av_one_full  avia-builder-el-first  \" style='border-radius:0px; '><div  class='avia-image-container  av-styling-    avia-builder-el-1  avia-builder-el-no-sibling  avia-align-center '  itemprop=\"image\" itemscope=\"itemscope\" itemtype=\"https:\/\/schema.org\/ImageObject\"  ><div class='avia-image-container-inner'><div class='avia-image-overlay-wrap'><img decoding=\"async\" class='wp-image-6866 avia-img-lazy-loading-not-6866 avia_image' src=\"https:\/\/radiorevelacionfm.cl\/wp-content\/uploads\/2021\/07\/Embarcaciones-2-1-1.jpg\" alt='' title='Embarcaciones 2 (1) (1)' height=\"600\" width=\"900\"  itemprop=\"thumbnailUrl\" srcset=\"https:\/\/radiorevelacionfm.cl\/wp-content\/uploads\/2021\/07\/Embarcaciones-2-1-1.jpg 900w, https:\/\/radiorevelacionfm.cl\/wp-content\/uploads\/2021\/07\/Embarcaciones-2-1-1-300x200.jpg 300w, https:\/\/radiorevelacionfm.cl\/wp-content\/uploads\/2021\/07\/Embarcaciones-2-1-1-768x512.jpg 768w, https:\/\/radiorevelacionfm.cl\/wp-content\/uploads\/2021\/07\/Embarcaciones-2-1-1-705x470.jpg 705w, https:\/\/radiorevelacionfm.cl\/wp-content\/uploads\/2021\/07\/Embarcaciones-2-1-1-600x400.jpg 600w\" sizes=\"(max-width: 900px) 100vw, 900px\" \/><\/div><\/div><\/div><\/div><div class=\"flex_column av_one_full  flex_column_div av-zero-column-padding first  avia-builder-el-2  el_after_av_one_full  el_before_av_one_full  column-top-margin\" style='border-radius:0px; '><section class=\"av_textblock_section \"  itemscope=\"itemscope\" itemtype=\"https:\/\/schema.org\/BlogPosting\" itemprop=\"blogPost\" ><div class='avia_textblock  '   itemprop=\"text\" ><p style=\"text-align: center;\"><strong><span style=\"font-size: 18pt;\">30 mil pescadores artesanales beneficiados: aprueban suspender la declaraci\u00f3n de caducidades del registro pesquero artesanal<\/span><\/strong><\/p>\n<div id=\"gtx-trans\" style=\"position: absolute; left: -50px; top: 4.31534px;\">\n<div class=\"gtx-trans-icon\"><\/div>\n<\/div>\n<\/div><\/section><\/div><div class=\"flex_column av_one_full  flex_column_div av-zero-column-padding first  avia-builder-el-4  el_after_av_one_full  el_before_av_hr  column-top-margin\" style='border-radius:0px; '><section class=\"av_textblock_section \"  itemscope=\"itemscope\" itemtype=\"https:\/\/schema.org\/BlogPosting\" itemprop=\"blogPost\" ><div class='avia_textblock  '   itemprop=\"text\" ><p style=\"text-align: justify;\">Esto, con el fin de mitigar las consecuencias econ\u00f3micas y sociales sufridas por el sector a causa de la pandemia por Covid. En la mayor\u00eda de los casos, la medida regir\u00e1 hasta diciembre de 2024.<\/p>\n<p style=\"text-align: justify;\">Enfatizando en la importancia y los aportes de la pesca artesanal del norte, centro y sur del pa\u00eds, senadoras y senadores entregaron un <a href=\"https:\/\/www.senado.cl\/appsenado\/index.php?mo=sesionessala&amp;ac=detalleVotacion&amp;votaid=9235\">cerrado respaldo<\/a> al proyecto <strong>que suspende excepcionalmente la declaraci\u00f3n de caducidades del registro pesquero artesanal.<\/strong><\/p>\n<p style=\"text-align: justify;\">La norma, que <strong>qued\u00f3 en condiciones de convertirse en ley<\/strong>, busca mitigar las consecuencias econ\u00f3micas y sociales en el sector, causadas en el contexto de la pandemia por covid, que interrumpi\u00f3 la actividad.<\/p>\n<p style=\"text-align: justify;\">En la mayor\u00eda de los casos- relativos a requisitos en materia pesquera y de navegaci\u00f3n y los requisitos establecidos por la ley para que personas y embarcaciones puedan inscribirse en el registro- la suspensi\u00f3n excepcional <strong>regir\u00e1 hasta el 31 diciembre de 2024.<\/strong><\/p>\n<p style=\"text-align: justify;\">En tanto, para el <strong>pago de patentes ser\u00e1 hasta el 31 diciembre de 2023<\/strong> y <strong>NO se considerar\u00e1n<\/strong> en esta excepci\u00f3n las <strong>infracciones reiteradas<\/strong> o los casos de <strong>delitos<\/strong>.<\/p>\n<p style=\"text-align: justify;\">Durante el debate se destac\u00f3 que, seg\u00fan estimaciones, <strong>la norma beneficiar\u00e1, aproximadamente, al 30% del registro; es decir, a unos 30 mil pescadores de todas las regiones<\/strong> y todos los segmentos de actividad.<\/p>\n<p style=\"text-align: justify;\">Senadores reconocieron que la pesca artesanal fue uno de los sectores \u201cm\u00e1s golpeados\u201d por los efectos de la pandemia y destacaron que se hace frente a una situaci\u00f3n compleja. Adem\u00e1s, recalcaron, entre otros, la importancia del sector, que entrega empleo directo e indirecto y tiene \u201cintegraci\u00f3n plena de la mujer en la pesca artesanal\u201d.<\/p>\n<p style=\"text-align: justify;\">Sin embargo, se hizo notar \u201cque el padr\u00f3n ha envejecido, ante la falta de oportunidades y certezas\u201d y \u201cno se est\u00e1 resolviendo el problema de fondo\u201d, por lo que se llam\u00f3 a ingresar con urgencia un proyecto de ley para un registro pesquero artesanal actualizado.<\/p>\n<p style=\"text-align: justify;\">Otros puntos advertidos fueron la \u201cnecesidad de profesionalizar a\u00fan m\u00e1s\u201d el sector; se demandaron \u201cm\u00e1s herramientas para trabajar de mejor manera\u201d y un \u201capoyo real para mejorar la calidad de vida y desarrollar la labor\u201d.<\/p>\n<p style=\"text-align: justify;\">Cerrado el debate, el <a href=\"https:\/\/sesiones.senado.cl\/#1689114210\">subsecretario de Pesca<\/a>, Julio Salas, precis\u00f3 \u201csomos la d\u00e9cima potencia pesquera del mundo y, por lo tanto, las problem\u00e1ticas explicitadas, efectivamente tiene repercusi\u00f3n social y econ\u00f3mica significativa (\u2026) son desaf\u00edos que debemos abordar\u201d.<\/p>\n<\/div><\/section><\/div><div  style='height:50px' class='hr hr-invisible   avia-builder-el-6  el_after_av_one_full  el_before_av_social_share '><span class='hr-inner ' ><span class='hr-inner-style'><\/span><\/span><\/div><\/p>\n<div  class='av-social-sharing-box  avia-builder-el-7  el_after_av_hr  el_before_av_hr  '><div class='av-share-box'><h5 class='av-share-link-description av-no-toc '>Compartir esta noticia<\/h5><ul class='av-share-box-list noLightbox'><li class='av-share-link av-social-link-facebook' ><a target=\"_blank\" aria-label=\"Compartir en Facebook\" href='https:\/\/www.facebook.com\/sharer.php?u=https:\/\/radiorevelacionfm.cl\/?p=32905&#038;t=30%20mil%20pescadores%20artesanales%20beneficiados%3A%20aprueban%20suspender%20la%20declaraci%C3%B3n%20de%20caducidades%20del%20registro%20pesquero%20artesanal' aria-hidden='false' data-av_icon='\ue8f3' data-av_iconfont='entypo-fontello' title='' data-avia-related-tooltip='Compartir en Facebook' rel=\"noopener\"><span class='avia_hidden_link_text'>Compartir en Facebook<\/span><\/a><\/li><li class='av-share-link av-social-link-twitter' ><a target=\"_blank\" aria-label=\"Compartir en Twitter\" href='https:\/\/twitter.com\/share?text=30%20mil%20pescadores%20artesanales%20beneficiados%3A%20aprueban%20suspender%20la%20declaraci%C3%B3n%20de%20caducidades%20del%20registro%20pesquero%20artesanal&#038;url=https:\/\/radiorevelacionfm.cl\/?p=32905' aria-hidden='false' data-av_icon='\ue8f1' data-av_iconfont='entypo-fontello' title='' data-avia-related-tooltip='Compartir en Twitter' rel=\"noopener\"><span class='avia_hidden_link_text'>Compartir en Twitter<\/span><\/a><\/li><li class='av-share-link av-social-link-whatsapp' ><a target=\"_blank\" aria-label=\"Compartir en Whatsapp\" href='https:\/\/api.whatsapp.com\/send?text=https:\/\/radiorevelacionfm.cl\/?p=32905' aria-hidden='false' data-av_icon='\uf232' data-av_iconfont='entypo-fontello' title='' data-avia-related-tooltip='Compartir en Whatsapp' rel=\"noopener\"><span class='avia_hidden_link_text'>Compartir en Whatsapp<\/span><\/a><\/li><li class='av-share-link av-social-link-linkedin' ><a target=\"_blank\" aria-label=\"Compartir en LinkedIn\" href='https:\/\/linkedin.com\/shareArticle?mini=true&#038;title=30%20mil%20pescadores%20artesanales%20beneficiados%3A%20aprueban%20suspender%20la%20declaraci%C3%B3n%20de%20caducidades%20del%20registro%20pesquero%20artesanal&#038;url=https:\/\/radiorevelacionfm.cl\/?p=32905' aria-hidden='false' data-av_icon='\ue8fc' data-av_iconfont='entypo-fontello' title='' data-avia-related-tooltip='Compartir en LinkedIn' rel=\"noopener\"><span class='avia_hidden_link_text'>Compartir en LinkedIn<\/span><\/a><\/li><li class='av-share-link av-social-link-mail' ><a  aria-label=\"Compartir por correo\" href='mailto:?subject=30%20mil%20pescadores%20artesanales%20beneficiados%3A%20aprueban%20suspender%20la%20declaraci%C3%B3n%20de%20caducidades%20del%20registro%20pesquero%20artesanal&#038;body=https:\/\/radiorevelacionfm.cl\/?p=32905' aria-hidden='false' data-av_icon='\ue805' data-av_iconfont='entypo-fontello' title='' data-avia-related-tooltip='Compartir por correo'><span class='avia_hidden_link_text'>Compartir por correo<\/span><\/a><\/li><\/ul><\/div><\/div>\n<div  style='height:50px' class='hr hr-invisible   avia-builder-el-8  el_after_av_social_share  el_before_av_comments_list '><span class='hr-inner ' ><span class='hr-inner-style'><\/span><\/span><\/div>\n<div  class='av-buildercomment  av-blog-meta-html-info-disabled av-blog-meta-tag-disabled  '><\/div>\n","protected":false},"excerpt":{"rendered":"","protected":false},"author":1,"featured_media":6866,"comment_status":"open","ping_status":"open","sticky":false,"template":"","format":"standard","meta":{"footnotes":""},"categories":[60],"tags":[],"class_list":["post-32905","post","type-post","status-publish","format-standard","has-post-thumbnail","hentry","category-pesca"],"jetpack_featured_media_url":"https:\/\/radiorevelacionfm.cl\/wp-content\/uploads\/2021\/07\/Embarcaciones-2-1-1.jpg","_links":{"self":[{"href":"https:\/\/radiorevelacionfm.cl\/index.php?rest_route=\/wp\/v2\/posts\/32905","targetHints":{"allow":["GET"]}}],"collection":[{"href":"https:\/\/radiorevelacionfm.cl\/index.php?rest_route=\/wp\/v2\/posts"}],"about":[{"href":"https:\/\/radiorevelacionfm.cl\/index.php?rest_route=\/wp\/v2\/types\/post"}],"author":[{"embeddable":true,"href":"https:\/\/radiorevelacionfm.cl\/index.php?rest_route=\/wp\/v2\/users\/1"}],"replies":[{"embeddable":true,"href":"https:\/\/radiorevelacionfm.cl\/index.php?rest_route=%2Fwp%2Fv2%2Fcomments&post=32905"}],"version-history":[{"count":1,"href":"https:\/\/radiorevelacionfm.cl\/index.php?rest_route=\/wp\/v2\/posts\/32905\/revisions"}],"predecessor-version":[{"id":32906,"href":"https:\/\/radiorevelacionfm.cl\/index.php?rest_route=\/wp\/v2\/posts\/32905\/revisions\/32906"}],"wp:featuredmedia":[{"embeddable":true,"href":"https:\/\/radiorevelacionfm.cl\/index.php?rest_route=\/wp\/v2\/media\/6866"}],"wp:attachment":[{"href":"https:\/\/radiorevelacionfm.cl\/index.php?rest_route=%2Fwp%2Fv2%2Fmedia&parent=32905"}],"wp:term":[{"taxonomy":"category","embeddable":true,"href":"https:\/\/radiorevelacionfm.cl\/index.php?rest_route=%2Fwp%2Fv2%2Fcategories&post=32905"},{"taxonomy":"post_tag","embeddable":true,"href":"https:\/\/radiorevelacionfm.cl\/index.php?rest_route=%2Fwp%2Fv2%2Ftags&post=32905"}],"curies":[{"name":"wp","href":"https:\/\/api.w.org\/{rel}","templated":true}]}}