{"id":32897,"date":"2023-07-12T16:47:27","date_gmt":"2023-07-12T19:47:27","guid":{"rendered":"https:\/\/radiorevelacionfm.cl\/?p=32897"},"modified":"2023-07-12T16:47:27","modified_gmt":"2023-07-12T19:47:27","slug":"comunidad-de-cochrane-se-reune-con-directivos-del-ssa-para-avanzar-en-conjunto-en-las-necesidades-de-salud","status":"publish","type":"post","link":"https:\/\/radiorevelacionfm.cl\/?p=32897","title":{"rendered":"Comunidad de Cochrane se re\u00fane con directivos del SSA para avanzar en conjunto en las necesidades de Salud"},"content":{"rendered":"<div class=\"flex_column av_one_full  flex_column_div av-zero-column-padding first  avia-builder-el-0  el_before_av_one_full  avia-builder-el-first  \" style='border-radius:0px; '><div  class='avia-image-container  av-styling-    avia-builder-el-1  avia-builder-el-no-sibling  avia-align-center '  itemprop=\"image\" itemscope=\"itemscope\" itemtype=\"https:\/\/schema.org\/ImageObject\"  ><div class='avia-image-container-inner'><div class='avia-image-overlay-wrap'><img decoding=\"async\" class='wp-image-32898 avia-img-lazy-loading-not-32898 avia_image' src=\"https:\/\/radiorevelacionfm.cl\/wp-content\/uploads\/2023\/07\/whatsapp-image-2023-07-12-at-3_optimized.17.01-pm-2.jpeg\" alt='' title='whatsapp-image-2023-07-12-at-3_optimized.17.01-pm-2' height=\"600\" width=\"800\"  itemprop=\"thumbnailUrl\" srcset=\"https:\/\/radiorevelacionfm.cl\/wp-content\/uploads\/2023\/07\/whatsapp-image-2023-07-12-at-3_optimized.17.01-pm-2.jpeg 800w, https:\/\/radiorevelacionfm.cl\/wp-content\/uploads\/2023\/07\/whatsapp-image-2023-07-12-at-3_optimized.17.01-pm-2-300x225.jpeg 300w, https:\/\/radiorevelacionfm.cl\/wp-content\/uploads\/2023\/07\/whatsapp-image-2023-07-12-at-3_optimized.17.01-pm-2-768x576.jpeg 768w, https:\/\/radiorevelacionfm.cl\/wp-content\/uploads\/2023\/07\/whatsapp-image-2023-07-12-at-3_optimized.17.01-pm-2-705x529.jpeg 705w, https:\/\/radiorevelacionfm.cl\/wp-content\/uploads\/2023\/07\/whatsapp-image-2023-07-12-at-3_optimized.17.01-pm-2-450x338.jpeg 450w, https:\/\/radiorevelacionfm.cl\/wp-content\/uploads\/2023\/07\/whatsapp-image-2023-07-12-at-3_optimized.17.01-pm-2-600x450.jpeg 600w\" sizes=\"(max-width: 800px) 100vw, 800px\" \/><\/div><\/div><\/div><\/div><div class=\"flex_column av_one_full  flex_column_div av-zero-column-padding first  avia-builder-el-2  el_after_av_one_full  el_before_av_one_full  column-top-margin\" style='border-radius:0px; '><section class=\"av_textblock_section \"  itemscope=\"itemscope\" itemtype=\"https:\/\/schema.org\/BlogPosting\" itemprop=\"blogPost\" ><div class='avia_textblock  '   itemprop=\"text\" ><p style=\"text-align: center;\"><strong><span style=\"font-size: 18pt;\">Comunidad de Cochrane se re\u00fane con directivos del SSA para avanzar en conjunto en las necesidades de Salud<\/span><\/strong><\/p>\n<div id=\"gtx-trans\" style=\"position: absolute; left: -50px; top: 4.31534px;\">\n<div class=\"gtx-trans-icon\"><\/div>\n<\/div>\n<\/div><\/section><\/div><div class=\"flex_column av_one_full  flex_column_div av-zero-column-padding first  avia-builder-el-4  el_after_av_one_full  el_before_av_hr  column-top-margin\" style='border-radius:0px; '><section class=\"av_textblock_section \"  itemscope=\"itemscope\" itemtype=\"https:\/\/schema.org\/BlogPosting\" itemprop=\"blogPost\" ><div class='avia_textblock  '   itemprop=\"text\" ><p style=\"text-align: justify;\">Un esperado viaje a la provincia de Capit\u00e1n Prat, realiz\u00f3 el Director (s) del Servicio de Salud Ays\u00e9n, junto a parte del equipo directivo, con el objetivo principal de conversar con la comunidad y lograr detectar brechas y necesidades de corto, mediano y largo plazo.<\/p>\n<p style=\"text-align: justify;\">El primer encuentro se realiz\u00f3 en el Mercado Municipal de Cochrane, donde una decena de dirigentes, encabezados por el Consejo Consultivo del Hospital de la ciudad, expresaron abiertamente y con total transparencia su visi\u00f3n respecto al desarrollo de la salud en la comuna.<\/p>\n<p style=\"text-align: justify;\">\u201cEstamos preocupados por un hospital nuevo que se construy\u00f3, que gener\u00f3 mucha expectativa y que no est\u00e1 dando soluci\u00f3n a las problem\u00e1ticas m\u00e1s elementales de la comunidad\u201d, se\u00f1al\u00f3 Claudio Manzur V\u00e9liz, Presidente del COSOC de Cochrane.<\/p>\n<p style=\"text-align: justify;\">A pesar de contar con uno de los establecimientos m\u00e1s modernos de la Red Asistencial, inaugurado reci\u00e9n en 2021, la sensaci\u00f3n de parte de la comunidad es que la infraestructura no se condice con la calidad y tipo de atenciones brindadas.<\/p>\n<p style=\"text-align: justify;\">\u201cEra muy necesario, estaban pasando muchas cosas en la red de salud que necesitaban que la autoridad recogiera de la comunidad. Fue provechosa y a partir de esto se reconozca que hay que hacer ajustes y cambios en la red, tener una supervisi\u00f3n permanente para que cosas que se han reclamado empiecen a quedar en el olvido\u201d, coment\u00f3 el Consejero Regional, Jorge Abello Moll.<\/p>\n<p style=\"text-align: justify;\">Una de las demandas comunes en las conversaciones que el SSA ha sostenido con la comunidad regional durante este a\u00f1o y cuatro meses de gobierno, es la necesidad de poder contar con especialistas y mayores prestaciones en los establecimientos comunitarios y mejorar la resolutividad.<\/p>\n<p style=\"text-align: justify;\">\u201cNos vamos con varias tareas principalmente abocadas a presentar un plan en el corto plazo para disminuir las listas de espera de atenci\u00f3n de especialidad, policl\u00ednico y tambi\u00e9n un plan para retomar lo que alguna vez hubo en este hospital que son cirug\u00edas mayores y menores ambulatorias. Es un gran plan que esperamos conjuntamente con la comunidad de Cochrane y la provincia poder desarrollar\u201d, dijo el Subdirector M\u00e9dico del SSA, Dr. Rodrigo Verdugo.<\/p>\n<p style=\"text-align: justify;\">En la instancia tambi\u00e9n se le dio a conocer a las vecinas y vecinos de Cochrane sobre el nuevo dise\u00f1o de RED que considera el aumento de la oferta disponible en los establecimientos de las cabeceras provinciales y adem\u00e1s se asumieron importantes compromisos para desarrollar en conjunto con la comunidad.<\/p>\n<p style=\"text-align: justify;\">\u201cNos comprometimos a trabajar en forma piloto, en conjunto con la comunidad, para hacer en septiembre una ronda de especialistas que vendr\u00e1n a hacer y reforzar los diagn\u00f3sticos que se requieren. Tambi\u00e9n es muy importante utilizar el pabell\u00f3n que tiene el hospital, que posee un equipamiento de lujo y requerimos comenzar a implementarlo de mejor manera\u201d, concluy\u00f3 del Director (s) Del SSA, Mauricio Cort\u00e9s Molina.<\/p>\n<p style=\"text-align: justify;\">Adem\u00e1s en la visita a la ciudad se constataron los avances en los trabajos desarrollados en el Hospital de Cochrane y se sostuvieron conversaciones para conocer los requerimientos de las y los profesionales, t\u00e9cnicos y administrativos que se desempe\u00f1an en el establecimiento.<\/p>\n<\/div><\/section><\/div><div  style='height:50px' class='hr hr-invisible   avia-builder-el-6  el_after_av_one_full  el_before_av_social_share '><span class='hr-inner ' ><span class='hr-inner-style'><\/span><\/span><\/div><\/p>\n<div  class='av-social-sharing-box  avia-builder-el-7  el_after_av_hr  el_before_av_hr  '><div class='av-share-box'><h5 class='av-share-link-description av-no-toc '>Compartir esta noticia<\/h5><ul class='av-share-box-list noLightbox'><li class='av-share-link av-social-link-facebook' ><a target=\"_blank\" aria-label=\"Compartir en Facebook\" href='https:\/\/www.facebook.com\/sharer.php?u=https:\/\/radiorevelacionfm.cl\/?p=32897&#038;t=Comunidad%20de%20Cochrane%20se%20re%C3%BAne%20con%20directivos%20del%20SSA%20para%20avanzar%20en%20conjunto%20en%20las%20necesidades%20de%20Salud' aria-hidden='false' data-av_icon='\ue8f3' data-av_iconfont='entypo-fontello' title='' data-avia-related-tooltip='Compartir en Facebook' rel=\"noopener\"><span class='avia_hidden_link_text'>Compartir en Facebook<\/span><\/a><\/li><li class='av-share-link av-social-link-twitter' ><a target=\"_blank\" aria-label=\"Compartir en Twitter\" href='https:\/\/twitter.com\/share?text=Comunidad%20de%20Cochrane%20se%20re%C3%BAne%20con%20directivos%20del%20SSA%20para%20avanzar%20en%20conjunto%20en%20las%20necesidades%20de%20Salud&#038;url=https:\/\/radiorevelacionfm.cl\/?p=32897' aria-hidden='false' data-av_icon='\ue8f1' data-av_iconfont='entypo-fontello' title='' data-avia-related-tooltip='Compartir en Twitter' rel=\"noopener\"><span class='avia_hidden_link_text'>Compartir en Twitter<\/span><\/a><\/li><li class='av-share-link av-social-link-whatsapp' ><a target=\"_blank\" aria-label=\"Compartir en Whatsapp\" href='https:\/\/api.whatsapp.com\/send?text=https:\/\/radiorevelacionfm.cl\/?p=32897' aria-hidden='false' data-av_icon='\uf232' data-av_iconfont='entypo-fontello' title='' data-avia-related-tooltip='Compartir en Whatsapp' rel=\"noopener\"><span class='avia_hidden_link_text'>Compartir en Whatsapp<\/span><\/a><\/li><li class='av-share-link av-social-link-linkedin' ><a target=\"_blank\" aria-label=\"Compartir en LinkedIn\" href='https:\/\/linkedin.com\/shareArticle?mini=true&#038;title=Comunidad%20de%20Cochrane%20se%20re%C3%BAne%20con%20directivos%20del%20SSA%20para%20avanzar%20en%20conjunto%20en%20las%20necesidades%20de%20Salud&#038;url=https:\/\/radiorevelacionfm.cl\/?p=32897' aria-hidden='false' data-av_icon='\ue8fc' data-av_iconfont='entypo-fontello' title='' data-avia-related-tooltip='Compartir en LinkedIn' rel=\"noopener\"><span class='avia_hidden_link_text'>Compartir en LinkedIn<\/span><\/a><\/li><li class='av-share-link av-social-link-mail' ><a  aria-label=\"Compartir por correo\" href='mailto:?subject=Comunidad%20de%20Cochrane%20se%20re%C3%BAne%20con%20directivos%20del%20SSA%20para%20avanzar%20en%20conjunto%20en%20las%20necesidades%20de%20Salud&#038;body=https:\/\/radiorevelacionfm.cl\/?p=32897' aria-hidden='false' data-av_icon='\ue805' data-av_iconfont='entypo-fontello' title='' data-avia-related-tooltip='Compartir por correo'><span class='avia_hidden_link_text'>Compartir por correo<\/span><\/a><\/li><\/ul><\/div><\/div>\n<div  style='height:50px' class='hr hr-invisible   avia-builder-el-8  el_after_av_social_share  el_before_av_comments_list '><span class='hr-inner ' ><span class='hr-inner-style'><\/span><\/span><\/div>\n<div  class='av-buildercomment  av-blog-meta-html-info-disabled av-blog-meta-tag-disabled  '><\/div>\n","protected":false},"excerpt":{"rendered":"","protected":false},"author":1,"featured_media":32898,"comment_status":"open","ping_status":"open","sticky":false,"template":"","format":"standard","meta":{"footnotes":""},"categories":[46],"tags":[],"class_list":["post-32897","post","type-post","status-publish","format-standard","has-post-thumbnail","hentry","category-salud"],"jetpack_featured_media_url":"https:\/\/radiorevelacionfm.cl\/wp-content\/uploads\/2023\/07\/whatsapp-image-2023-07-12-at-3_optimized.17.01-pm-2.jpeg","_links":{"self":[{"href":"https:\/\/radiorevelacionfm.cl\/index.php?rest_route=\/wp\/v2\/posts\/32897","targetHints":{"allow":["GET"]}}],"collection":[{"href":"https:\/\/radiorevelacionfm.cl\/index.php?rest_route=\/wp\/v2\/posts"}],"about":[{"href":"https:\/\/radiorevelacionfm.cl\/index.php?rest_route=\/wp\/v2\/types\/post"}],"author":[{"embeddable":true,"href":"https:\/\/radiorevelacionfm.cl\/index.php?rest_route=\/wp\/v2\/users\/1"}],"replies":[{"embeddable":true,"href":"https:\/\/radiorevelacionfm.cl\/index.php?rest_route=%2Fwp%2Fv2%2Fcomments&post=32897"}],"version-history":[{"count":1,"href":"https:\/\/radiorevelacionfm.cl\/index.php?rest_route=\/wp\/v2\/posts\/32897\/revisions"}],"predecessor-version":[{"id":32899,"href":"https:\/\/radiorevelacionfm.cl\/index.php?rest_route=\/wp\/v2\/posts\/32897\/revisions\/32899"}],"wp:featuredmedia":[{"embeddable":true,"href":"https:\/\/radiorevelacionfm.cl\/index.php?rest_route=\/wp\/v2\/media\/32898"}],"wp:attachment":[{"href":"https:\/\/radiorevelacionfm.cl\/index.php?rest_route=%2Fwp%2Fv2%2Fmedia&parent=32897"}],"wp:term":[{"taxonomy":"category","embeddable":true,"href":"https:\/\/radiorevelacionfm.cl\/index.php?rest_route=%2Fwp%2Fv2%2Fcategories&post=32897"},{"taxonomy":"post_tag","embeddable":true,"href":"https:\/\/radiorevelacionfm.cl\/index.php?rest_route=%2Fwp%2Fv2%2Ftags&post=32897"}],"curies":[{"name":"wp","href":"https:\/\/api.w.org\/{rel}","templated":true}]}}