{"id":32892,"date":"2023-07-12T13:01:09","date_gmt":"2023-07-12T16:01:09","guid":{"rendered":"https:\/\/radiorevelacionfm.cl\/?p=32892"},"modified":"2023-07-12T13:16:28","modified_gmt":"2023-07-12T16:16:28","slug":"vecinos-de-el-turbio-logran-agilizar-tramites-para-la-realizacion-de-estudio-de-suelo","status":"publish","type":"post","link":"https:\/\/radiorevelacionfm.cl\/?p=32892","title":{"rendered":"Vecinos de El Turbio logran agilizar tr\u00e1mites para estudio de suelo y avanzar en proyecto de alcantarillado para las viviendas del sector"},"content":{"rendered":"<div class=\"flex_column av_one_full  flex_column_div av-zero-column-padding first  avia-builder-el-0  el_before_av_one_full  avia-builder-el-first  \" style='border-radius:0px; '><div  class='avia-image-container  av-styling-    avia-builder-el-1  avia-builder-el-no-sibling  avia-align-center '  itemprop=\"image\" itemscope=\"itemscope\" itemtype=\"https:\/\/schema.org\/ImageObject\"  ><div class='avia-image-container-inner'><div class='avia-image-overlay-wrap'><img decoding=\"async\" class='wp-image-32893 avia-img-lazy-loading-not-32893 avia_image' src=\"https:\/\/radiorevelacionfm.cl\/wp-content\/uploads\/2023\/07\/IMG_20230712_092602-2-2.jpg\" alt='' title='IMG_20230712_092602-2-2' height=\"600\" width=\"800\"  itemprop=\"thumbnailUrl\" srcset=\"https:\/\/radiorevelacionfm.cl\/wp-content\/uploads\/2023\/07\/IMG_20230712_092602-2-2.jpg 800w, https:\/\/radiorevelacionfm.cl\/wp-content\/uploads\/2023\/07\/IMG_20230712_092602-2-2-300x225.jpg 300w, https:\/\/radiorevelacionfm.cl\/wp-content\/uploads\/2023\/07\/IMG_20230712_092602-2-2-768x576.jpg 768w, https:\/\/radiorevelacionfm.cl\/wp-content\/uploads\/2023\/07\/IMG_20230712_092602-2-2-705x529.jpg 705w, https:\/\/radiorevelacionfm.cl\/wp-content\/uploads\/2023\/07\/IMG_20230712_092602-2-2-450x338.jpg 450w, https:\/\/radiorevelacionfm.cl\/wp-content\/uploads\/2023\/07\/IMG_20230712_092602-2-2-600x450.jpg 600w\" sizes=\"(max-width: 800px) 100vw, 800px\" \/><\/div><\/div><\/div><\/div>\n<div class=\"flex_column av_one_full  flex_column_div av-zero-column-padding first  avia-builder-el-2  el_after_av_one_full  el_before_av_one_full  column-top-margin\" style='border-radius:0px; '><section class=\"av_textblock_section \"  itemscope=\"itemscope\" itemtype=\"https:\/\/schema.org\/BlogPosting\" itemprop=\"blogPost\" ><div class='avia_textblock  '   itemprop=\"text\" ><p style=\"text-align: center;\"><strong><span style=\"font-size: 18pt;\">Vecinos de El Turbio logran agilizar tr\u00e1mites para estudio de suelo y avanzar en proyecto de alcantarillado para las viviendas del sector<\/span><\/strong><\/p>\n<div id=\"gtx-trans\" style=\"position: absolute; left: -50px; top: 4.31534px;\">\n<div class=\"gtx-trans-icon\"><\/div>\n<\/div>\n<\/div><\/section><\/div><div class=\"flex_column av_one_full  flex_column_div av-zero-column-padding first  avia-builder-el-4  el_after_av_one_full  el_before_av_hr  column-top-margin\" style='border-radius:0px; '><section class=\"av_textblock_section \"  itemscope=\"itemscope\" itemtype=\"https:\/\/schema.org\/BlogPosting\" itemprop=\"blogPost\" ><div class='avia_textblock  '   itemprop=\"text\" ><p style=\"text-align: justify;\">Como muy positiva calificaron los vecinos del sector El Turbio de Puerto Ays\u00e9n la gesti\u00f3n realizada por la Municipalidad, luego que tras la gesti\u00f3n de las autoridades locales, el Servicio de Vivienda y Urbanismo (Serviu) accediera a hacerse cargo de las calicatas necesarias para avanzar con el proyecto de alcantarillado para las viviendas del sector.<\/p>\n<p style=\"text-align: justify;\">Marlene Brand, vecina y presidenta de la junta de vecinos de El Turbio, expres\u00f3 que \u201choy tenemos buenas noticias, porque el municipio hizo las gestiones necesarias y recibimos respuesta por parte del director de Serviu, quienes accedieron a realizar las calicatas este mismo viernes\u201d, destacando la rapidez de la respuesta de las autoridades.<\/p>\n<p style=\"text-align: justify;\">Marco Co\u00f1uecar, alcalde (s) de Ays\u00e9n, se\u00f1al\u00f3 que \u201ccomo municipio, nosotros vamos a colaborar con maquinaria y personal para que se pueda concretar este proyecto, porque como administraci\u00f3n nos hemos preocupado de sacar adelante la urbanizaci\u00f3n del sector desde el primer d\u00eda\u201d, agregando que \u201cdurante mucho tiempo esta situaci\u00f3n tuvo un avance muy lento, y gracias a este tipo de gestiones podemos agilizarlo para poder tenerlo listo cuanto antes\u201d.<\/p>\n<p style=\"text-align: justify;\">\u201cEste viernes se realizar\u00e1n 15 calicatas, que es lo que faltaba para que nuestro proyecto de pavimentaci\u00f3n, agua potable y alcantarillado siga avanzando\u201d, agreg\u00f3 Brand, quien coment\u00f3 que este es un proyecto por el que llevan luchando por casi una d\u00e9cada y que durante un per\u00edodo prolongado de tiempo se mantuvo estancado.<\/p>\n<p style=\"text-align: justify;\">Respecto de la gesti\u00f3n efectuada por parte del Municipio de Ays\u00e9n, la dirigenta vecinal se\u00f1al\u00f3 que \u201cacercarse a las autoridades, sentarnos a conversar y buscar las mejores alternativas creo que es la forma correcta de solucionar los problemas. Nosotros nos presentamos con mucho respecto, y logramos un avance s\u00faper importante para nuestro proyecto, para que el ingeniero a cargo siga trabajando\u201d<\/p>\n<p style=\"text-align: justify;\">Co\u00f1uecar agradeci\u00f3 la disposici\u00f3n de las autoridades regionales para avanzar en la concreci\u00f3n de este proyecto. \u201cLe doy las gracias a todas las personas que nos apoyaron, a nuestro director del Serviu, a la seremi Paulina Ruz, a la senadora Ximena \u00d3rdenes, quienes fueron parte de esta cadena de ayuda y cooperaci\u00f3n para darle una buena noticia a nuestros vecinos\u201d.<\/p>\n<\/div><\/section><\/div><\/p>\n<div  style='height:50px' class='hr hr-invisible   avia-builder-el-6  el_after_av_one_full  el_before_av_social_share '><span class='hr-inner ' ><span class='hr-inner-style'><\/span><\/span><\/div>\n<div  class='av-social-sharing-box  avia-builder-el-7  el_after_av_hr  el_before_av_hr  '><div class='av-share-box'><h5 class='av-share-link-description av-no-toc '>Compartir esta noticia<\/h5><ul class='av-share-box-list noLightbox'><li class='av-share-link av-social-link-facebook' ><a target=\"_blank\" aria-label=\"Compartir en Facebook\" href='https:\/\/www.facebook.com\/sharer.php?u=https:\/\/radiorevelacionfm.cl\/?p=32892&#038;t=Vecinos%20de%20El%20Turbio%20logran%20agilizar%20tr%C3%A1mites%20para%20estudio%20de%20suelo%20y%20avanzar%20en%20proyecto%20de%20alcantarillado%20para%20las%20viviendas%20del%20sector' aria-hidden='false' data-av_icon='\ue8f3' data-av_iconfont='entypo-fontello' title='' data-avia-related-tooltip='Compartir en Facebook' rel=\"noopener\"><span class='avia_hidden_link_text'>Compartir en Facebook<\/span><\/a><\/li><li class='av-share-link av-social-link-twitter' ><a target=\"_blank\" aria-label=\"Compartir en Twitter\" href='https:\/\/twitter.com\/share?text=Vecinos%20de%20El%20Turbio%20logran%20agilizar%20tr%C3%A1mites%20para%20estudio%20de%20suelo%20y%20avanzar%20en%20proyecto%20de%20alcantarillado%20para%20las%20viviendas%20del%20sector&#038;url=https:\/\/radiorevelacionfm.cl\/?p=32892' aria-hidden='false' data-av_icon='\ue8f1' data-av_iconfont='entypo-fontello' title='' data-avia-related-tooltip='Compartir en Twitter' rel=\"noopener\"><span class='avia_hidden_link_text'>Compartir en Twitter<\/span><\/a><\/li><li class='av-share-link av-social-link-whatsapp' ><a target=\"_blank\" aria-label=\"Compartir en Whatsapp\" href='https:\/\/api.whatsapp.com\/send?text=https:\/\/radiorevelacionfm.cl\/?p=32892' aria-hidden='false' data-av_icon='\uf232' data-av_iconfont='entypo-fontello' title='' data-avia-related-tooltip='Compartir en Whatsapp' rel=\"noopener\"><span class='avia_hidden_link_text'>Compartir en Whatsapp<\/span><\/a><\/li><li class='av-share-link av-social-link-linkedin' ><a target=\"_blank\" aria-label=\"Compartir en LinkedIn\" href='https:\/\/linkedin.com\/shareArticle?mini=true&#038;title=Vecinos%20de%20El%20Turbio%20logran%20agilizar%20tr%C3%A1mites%20para%20estudio%20de%20suelo%20y%20avanzar%20en%20proyecto%20de%20alcantarillado%20para%20las%20viviendas%20del%20sector&#038;url=https:\/\/radiorevelacionfm.cl\/?p=32892' aria-hidden='false' data-av_icon='\ue8fc' data-av_iconfont='entypo-fontello' title='' data-avia-related-tooltip='Compartir en LinkedIn' rel=\"noopener\"><span class='avia_hidden_link_text'>Compartir en LinkedIn<\/span><\/a><\/li><li class='av-share-link av-social-link-mail' ><a  aria-label=\"Compartir por correo\" href='mailto:?subject=Vecinos%20de%20El%20Turbio%20logran%20agilizar%20tr%C3%A1mites%20para%20estudio%20de%20suelo%20y%20avanzar%20en%20proyecto%20de%20alcantarillado%20para%20las%20viviendas%20del%20sector&#038;body=https:\/\/radiorevelacionfm.cl\/?p=32892' aria-hidden='false' data-av_icon='\ue805' data-av_iconfont='entypo-fontello' title='' data-avia-related-tooltip='Compartir por correo'><span class='avia_hidden_link_text'>Compartir por correo<\/span><\/a><\/li><\/ul><\/div><\/div>\n<div  style='height:50px' class='hr hr-invisible   avia-builder-el-8  el_after_av_social_share  el_before_av_comments_list '><span class='hr-inner ' ><span class='hr-inner-style'><\/span><\/span><\/div>\n<div  class='av-buildercomment  av-blog-meta-html-info-disabled av-blog-meta-tag-disabled  '><\/div>\n","protected":false},"excerpt":{"rendered":"","protected":false},"author":1,"featured_media":32893,"comment_status":"open","ping_status":"open","sticky":false,"template":"","format":"standard","meta":{"footnotes":""},"categories":[38],"tags":[],"class_list":["post-32892","post","type-post","status-publish","format-standard","has-post-thumbnail","hentry","category-regional"],"jetpack_featured_media_url":"https:\/\/radiorevelacionfm.cl\/wp-content\/uploads\/2023\/07\/IMG_20230712_092602-2-2.jpg","_links":{"self":[{"href":"https:\/\/radiorevelacionfm.cl\/index.php?rest_route=\/wp\/v2\/posts\/32892","targetHints":{"allow":["GET"]}}],"collection":[{"href":"https:\/\/radiorevelacionfm.cl\/index.php?rest_route=\/wp\/v2\/posts"}],"about":[{"href":"https:\/\/radiorevelacionfm.cl\/index.php?rest_route=\/wp\/v2\/types\/post"}],"author":[{"embeddable":true,"href":"https:\/\/radiorevelacionfm.cl\/index.php?rest_route=\/wp\/v2\/users\/1"}],"replies":[{"embeddable":true,"href":"https:\/\/radiorevelacionfm.cl\/index.php?rest_route=%2Fwp%2Fv2%2Fcomments&post=32892"}],"version-history":[{"count":3,"href":"https:\/\/radiorevelacionfm.cl\/index.php?rest_route=\/wp\/v2\/posts\/32892\/revisions"}],"predecessor-version":[{"id":32896,"href":"https:\/\/radiorevelacionfm.cl\/index.php?rest_route=\/wp\/v2\/posts\/32892\/revisions\/32896"}],"wp:featuredmedia":[{"embeddable":true,"href":"https:\/\/radiorevelacionfm.cl\/index.php?rest_route=\/wp\/v2\/media\/32893"}],"wp:attachment":[{"href":"https:\/\/radiorevelacionfm.cl\/index.php?rest_route=%2Fwp%2Fv2%2Fmedia&parent=32892"}],"wp:term":[{"taxonomy":"category","embeddable":true,"href":"https:\/\/radiorevelacionfm.cl\/index.php?rest_route=%2Fwp%2Fv2%2Fcategories&post=32892"},{"taxonomy":"post_tag","embeddable":true,"href":"https:\/\/radiorevelacionfm.cl\/index.php?rest_route=%2Fwp%2Fv2%2Ftags&post=32892"}],"curies":[{"name":"wp","href":"https:\/\/api.w.org\/{rel}","templated":true}]}}