{"id":32885,"date":"2023-07-12T18:59:34","date_gmt":"2023-07-12T21:59:34","guid":{"rendered":"https:\/\/radiorevelacionfm.cl\/?p=32885"},"modified":"2023-07-12T18:59:34","modified_gmt":"2023-07-12T21:59:34","slug":"sandoval-insistio-que-caso-convenios-es-una-leccion-dura-porque-se-esta-perjudicando-a-la-gente-que-vive-en-precarias-condiciones-de-habitabilidad","status":"publish","type":"post","link":"https:\/\/radiorevelacionfm.cl\/?p=32885","title":{"rendered":"Sandoval insisti\u00f3 que caso Convenios es una lecci\u00f3n dura porque se est\u00e1 perjudicando a la gente que vive en precarias condiciones de habitabilidad"},"content":{"rendered":"<div class=\"flex_column av_one_full  flex_column_div av-zero-column-padding first  avia-builder-el-0  el_before_av_one_full  avia-builder-el-first  \" style='border-radius:0px; '><div  class='avia-image-container  av-styling-    avia-builder-el-1  avia-builder-el-no-sibling  avia-align-center '  itemprop=\"image\" itemscope=\"itemscope\" itemtype=\"https:\/\/schema.org\/ImageObject\"  ><div class='avia-image-container-inner'><div class='avia-image-overlay-wrap'><img decoding=\"async\" class='wp-image-19428 avia-img-lazy-loading-not-19428 avia_image' src=\"https:\/\/radiorevelacionfm.cl\/wp-content\/uploads\/2022\/07\/senador-sandoval-10-1-1.jpg\" alt='' title='senador sandoval (10) (1) (1)' height=\"600\" width=\"977\"  itemprop=\"thumbnailUrl\" srcset=\"https:\/\/radiorevelacionfm.cl\/wp-content\/uploads\/2022\/07\/senador-sandoval-10-1-1.jpg 977w, https:\/\/radiorevelacionfm.cl\/wp-content\/uploads\/2022\/07\/senador-sandoval-10-1-1-300x184.jpg 300w, https:\/\/radiorevelacionfm.cl\/wp-content\/uploads\/2022\/07\/senador-sandoval-10-1-1-768x472.jpg 768w, https:\/\/radiorevelacionfm.cl\/wp-content\/uploads\/2022\/07\/senador-sandoval-10-1-1-705x433.jpg 705w, https:\/\/radiorevelacionfm.cl\/wp-content\/uploads\/2022\/07\/senador-sandoval-10-1-1-600x368.jpg 600w\" sizes=\"(max-width: 977px) 100vw, 977px\" \/><\/div><\/div><\/div><\/div><div class=\"flex_column av_one_full  flex_column_div av-zero-column-padding first  avia-builder-el-2  el_after_av_one_full  el_before_av_one_full  column-top-margin\" style='border-radius:0px; '><section class=\"av_textblock_section \"  itemscope=\"itemscope\" itemtype=\"https:\/\/schema.org\/BlogPosting\" itemprop=\"blogPost\" ><div class='avia_textblock  '   itemprop=\"text\" ><p style=\"text-align: center;\"><span style=\"font-size: 18pt;\"><strong>Sandoval insisti\u00f3 que caso Convenios es una lecci\u00f3n dura porque se est\u00e1 perjudicando a la gente que vive en precarias condiciones de habitabilidad<\/strong><\/span><\/p>\n<div id=\"gtx-trans\" style=\"position: absolute; left: -50px; top: 4.31534px;\">\n<div class=\"gtx-trans-icon\"><\/div>\n<\/div>\n<\/div><\/section><\/div><div class=\"flex_column av_one_full  flex_column_div av-zero-column-padding first  avia-builder-el-4  el_after_av_one_full  el_before_av_hr  column-top-margin\" style='border-radius:0px; '><section class=\"av_textblock_section \"  itemscope=\"itemscope\" itemtype=\"https:\/\/schema.org\/BlogPosting\" itemprop=\"blogPost\" ><div class='avia_textblock  '   itemprop=\"text\" ><p style=\"text-align: justify;\"><em>Parlamentario se refiri\u00f3 nuevamente a este tema, en el marco de una nueva sesi\u00f3n de la Comisi\u00f3n de Vivienda de la C\u00e1mara Alta, instancia hasta la que lleg\u00f3 el Contralor Jorge Berm\u00fadez, donde expuso propuestas para evitar estas situaciones.<\/em><\/p>\n<p style=\"text-align: justify;\">El caso convenios sigue en debate en el Senado. Y fue nuevamente el turno de la comisi\u00f3n de Vivienda de la C\u00e1mara Alta la que se tom\u00f3 la atenci\u00f3n, a partir de la participaci\u00f3n del Contralor General de la Rep\u00fablica, Jorge Berm\u00fadez, quien fue invitado para dar a conocer los antecedentes que maneja dicha instancia en relaci\u00f3n a las diversas fundaciones y corporaciones en materia de traspaso de recursos fiscales.<\/p>\n<p style=\"text-align: justify;\">Sobre el tema, el senador David Sandoval fue enf\u00e1tico en se\u00f1alar que todo lo que se ha generado, a partir de lo que se descubri\u00f3 en la regi\u00f3n de Antofagasta con la fundaci\u00f3n Democracia Viva, es una lecci\u00f3n muy dura \u201cporque se est\u00e1 <em>\u201csacando\u201d<\/em> la plata\u201d y perjudicando de esa manera a la gente que est\u00e1 viviendo en campamentos, en precarias condiciones de habitabilidad. \u201cEso es lo cuestionable\u201d, subray\u00f3.<\/p>\n<p style=\"text-align: justify;\">El parlamentario, adem\u00e1s, dijo valorar la exposici\u00f3n del Contralor Berm\u00fadez, se\u00f1alando que se har\u00e1 permanente seguimiento a estos temas, cuestionando de paso al ministerio de Hacienda, el que considera ha tenido omisiones graves dado que, existiendo un manual de transferencia de recursos p\u00fablicos, no se entiende \u201cque todav\u00eda tengamos este grado de debilidad\u201d.<\/p>\n<p style=\"text-align: justify;\"><strong>Caso Procultura en Ays\u00e9n<\/strong><\/p>\n<p style=\"text-align: justify;\">En la oportunidad, Sandoval tambi\u00e9n se refiri\u00f3 el caso de la Fundaci\u00f3n ProCultura en Ays\u00e9n, entidad que hab\u00eda sido definida por el Gobierno Regional para ejecutar un proyecto en la Provincia Capit\u00e1n Prat. \u201cEste tema ha sido objeto de una declaraci\u00f3n p\u00fablica de los consejeros regionales de Ays\u00e9n, donde establecen responsabilidad a los procedimientos administrativos de la actual autoridad pol\u00edtica regional\u201d, indic\u00f3.<\/p>\n<p style=\"text-align: justify;\">Sandoval record\u00f3 que dicha iniciativa en un comienzo iba a ser ejecutada por el FOSIS, con una inversi\u00f3n de alrededor de 800 millones de pesos, lo que finalmente no prosper\u00f3, poni\u00e9ndose t\u00e9rmino de manera anticipada al convenio, pasando a ser ahora una iniciativa a ejecutar por la fundaci\u00f3n ProCultura con un presupuesto de $1.673 millones de pesos, \u201cpara atender a las mismas familias en la misma provincia Capit\u00e1n Prat y con el mismo objeto\u201d.<\/p>\n<p style=\"text-align: justify;\">En ese sentido, el legislador indic\u00f3 que, si bien no se ha dispuesto ning\u00fan recurso para la ejecuci\u00f3n del proyecto en la mencionada provincia, lo que pudo haber salvado financiera y administrativamente a la autoridad, a juicio de Sandoval no se pueden dejar de considerar \u201clas responsabilidades que hay aqu\u00ed, porque se generaron una serie de acciones, entre ellas, lleg\u00f3 el convenio firmado por la fundaci\u00f3n, solo que no se termin\u00f3 por rubricar\u201d, precis\u00f3.<\/p>\n<p style=\"text-align: justify;\"><strong>Propuestas de la Contralor\u00eda<\/strong><\/p>\n<p style=\"text-align: justify;\">Durante el desarrollo de la comisi\u00f3n, el contralor Berm\u00fadez plante\u00f3 ocho medidas para resguardar los traspasos de recursos p\u00fablicos a privados. A corto plazo, se propone Eliminar la expresi\u00f3n \u201ccorrientes a instituciones privadas\u201d del art\u00edculo 23 de la Ley de Presupuestos; Que se dicte por parte del Ministerio de Hacienda el instructivo de aplicaci\u00f3n general respecto del contenido de los convenios de transferencia; establecer la obligaci\u00f3n de rendici\u00f3n de cuentas a trav\u00e9s de la plataforma SISREC de la CGR; y exigir en los convenios la constituci\u00f3n de garant\u00edas a partir de determinados montos transferidos, as\u00ed como la aplicaci\u00f3n de sanciones en caso de mala utilizaci\u00f3n de los recursos.<\/p>\n<p style=\"text-align: justify;\">A mediano plazo, se propone Aplicar el estatuto de probidad de la nueva ley de compras p\u00fablicas a los destinatarios de transferencias y Fortalecer el registro de la Ley 19.862, facilitar su interfaz, establecer interoperabilidad y generar reportes sobre las transferencias recibidas.<\/p>\n<p style=\"text-align: justify;\">Mientras que, en el largo plazo, propuso Trabajar una ley marco sobre transferencias del Estado y Dise\u00f1ar un sistema de informaci\u00f3n donde se registren todas las transferencias de recursos que realiza el Estado a entes privados.<\/p>\n<\/div><\/section><\/div><div  style='height:50px' class='hr hr-invisible   avia-builder-el-6  el_after_av_one_full  el_before_av_social_share '><span class='hr-inner ' ><span class='hr-inner-style'><\/span><\/span><\/div><\/p>\n<div  class='av-social-sharing-box  avia-builder-el-7  el_after_av_hr  el_before_av_hr  '><div class='av-share-box'><h5 class='av-share-link-description av-no-toc '>Compartir esta noticia<\/h5><ul class='av-share-box-list noLightbox'><li class='av-share-link av-social-link-facebook' ><a target=\"_blank\" aria-label=\"Compartir en Facebook\" href='https:\/\/www.facebook.com\/sharer.php?u=https:\/\/radiorevelacionfm.cl\/?p=32885&#038;t=Sandoval%20insisti%C3%B3%20que%20caso%20Convenios%20es%20una%20lecci%C3%B3n%20dura%20porque%20se%20est%C3%A1%20perjudicando%20a%20la%20gente%20que%20vive%20en%20precarias%20condiciones%20de%20habitabilidad' aria-hidden='false' data-av_icon='\ue8f3' data-av_iconfont='entypo-fontello' title='' data-avia-related-tooltip='Compartir en Facebook' rel=\"noopener\"><span class='avia_hidden_link_text'>Compartir en Facebook<\/span><\/a><\/li><li class='av-share-link av-social-link-twitter' ><a target=\"_blank\" aria-label=\"Compartir en Twitter\" href='https:\/\/twitter.com\/share?text=Sandoval%20insisti%C3%B3%20que%20caso%20Convenios%20es%20una%20lecci%C3%B3n%20dura%20porque%20se%20est%C3%A1%20perjudicando%20a%20la%20gente%20que%20vive%20en%20precarias%20condiciones%20de%20habitabilidad&#038;url=https:\/\/radiorevelacionfm.cl\/?p=32885' aria-hidden='false' data-av_icon='\ue8f1' data-av_iconfont='entypo-fontello' title='' data-avia-related-tooltip='Compartir en Twitter' rel=\"noopener\"><span class='avia_hidden_link_text'>Compartir en Twitter<\/span><\/a><\/li><li class='av-share-link av-social-link-whatsapp' ><a target=\"_blank\" aria-label=\"Compartir en Whatsapp\" href='https:\/\/api.whatsapp.com\/send?text=https:\/\/radiorevelacionfm.cl\/?p=32885' aria-hidden='false' data-av_icon='\uf232' data-av_iconfont='entypo-fontello' title='' data-avia-related-tooltip='Compartir en Whatsapp' rel=\"noopener\"><span class='avia_hidden_link_text'>Compartir en Whatsapp<\/span><\/a><\/li><li class='av-share-link av-social-link-linkedin' ><a target=\"_blank\" aria-label=\"Compartir en LinkedIn\" href='https:\/\/linkedin.com\/shareArticle?mini=true&#038;title=Sandoval%20insisti%C3%B3%20que%20caso%20Convenios%20es%20una%20lecci%C3%B3n%20dura%20porque%20se%20est%C3%A1%20perjudicando%20a%20la%20gente%20que%20vive%20en%20precarias%20condiciones%20de%20habitabilidad&#038;url=https:\/\/radiorevelacionfm.cl\/?p=32885' aria-hidden='false' data-av_icon='\ue8fc' data-av_iconfont='entypo-fontello' title='' data-avia-related-tooltip='Compartir en LinkedIn' rel=\"noopener\"><span class='avia_hidden_link_text'>Compartir en LinkedIn<\/span><\/a><\/li><li class='av-share-link av-social-link-mail' ><a  aria-label=\"Compartir por correo\" href='mailto:?subject=Sandoval%20insisti%C3%B3%20que%20caso%20Convenios%20es%20una%20lecci%C3%B3n%20dura%20porque%20se%20est%C3%A1%20perjudicando%20a%20la%20gente%20que%20vive%20en%20precarias%20condiciones%20de%20habitabilidad&#038;body=https:\/\/radiorevelacionfm.cl\/?p=32885' aria-hidden='false' data-av_icon='\ue805' data-av_iconfont='entypo-fontello' title='' data-avia-related-tooltip='Compartir por correo'><span class='avia_hidden_link_text'>Compartir por correo<\/span><\/a><\/li><\/ul><\/div><\/div>\n<div  style='height:50px' class='hr hr-invisible   avia-builder-el-8  el_after_av_social_share  el_before_av_comments_list '><span class='hr-inner ' ><span class='hr-inner-style'><\/span><\/span><\/div>\n<div  class='av-buildercomment  av-blog-meta-html-info-disabled av-blog-meta-tag-disabled  '><\/div>\n","protected":false},"excerpt":{"rendered":"","protected":false},"author":1,"featured_media":19428,"comment_status":"open","ping_status":"open","sticky":false,"template":"","format":"standard","meta":{"footnotes":""},"categories":[35],"tags":[],"class_list":["post-32885","post","type-post","status-publish","format-standard","has-post-thumbnail","hentry","category-politica"],"jetpack_featured_media_url":"https:\/\/radiorevelacionfm.cl\/wp-content\/uploads\/2022\/07\/senador-sandoval-10-1-1.jpg","_links":{"self":[{"href":"https:\/\/radiorevelacionfm.cl\/index.php?rest_route=\/wp\/v2\/posts\/32885","targetHints":{"allow":["GET"]}}],"collection":[{"href":"https:\/\/radiorevelacionfm.cl\/index.php?rest_route=\/wp\/v2\/posts"}],"about":[{"href":"https:\/\/radiorevelacionfm.cl\/index.php?rest_route=\/wp\/v2\/types\/post"}],"author":[{"embeddable":true,"href":"https:\/\/radiorevelacionfm.cl\/index.php?rest_route=\/wp\/v2\/users\/1"}],"replies":[{"embeddable":true,"href":"https:\/\/radiorevelacionfm.cl\/index.php?rest_route=%2Fwp%2Fv2%2Fcomments&post=32885"}],"version-history":[{"count":1,"href":"https:\/\/radiorevelacionfm.cl\/index.php?rest_route=\/wp\/v2\/posts\/32885\/revisions"}],"predecessor-version":[{"id":32886,"href":"https:\/\/radiorevelacionfm.cl\/index.php?rest_route=\/wp\/v2\/posts\/32885\/revisions\/32886"}],"wp:featuredmedia":[{"embeddable":true,"href":"https:\/\/radiorevelacionfm.cl\/index.php?rest_route=\/wp\/v2\/media\/19428"}],"wp:attachment":[{"href":"https:\/\/radiorevelacionfm.cl\/index.php?rest_route=%2Fwp%2Fv2%2Fmedia&parent=32885"}],"wp:term":[{"taxonomy":"category","embeddable":true,"href":"https:\/\/radiorevelacionfm.cl\/index.php?rest_route=%2Fwp%2Fv2%2Fcategories&post=32885"},{"taxonomy":"post_tag","embeddable":true,"href":"https:\/\/radiorevelacionfm.cl\/index.php?rest_route=%2Fwp%2Fv2%2Ftags&post=32885"}],"curies":[{"name":"wp","href":"https:\/\/api.w.org\/{rel}","templated":true}]}}