{"id":32882,"date":"2023-07-12T11:47:33","date_gmt":"2023-07-12T14:47:33","guid":{"rendered":"https:\/\/radiorevelacionfm.cl\/?p=32882"},"modified":"2023-07-12T11:47:33","modified_gmt":"2023-07-12T14:47:33","slug":"invitan-a-emprendedoras-de-la-region-a-postular-al-programa-mujeres-con-energia","status":"publish","type":"post","link":"https:\/\/radiorevelacionfm.cl\/?p=32882","title":{"rendered":"Invitan a emprendedoras de la regi\u00f3n a postular al programa \u201cMujeres con Energ\u00eda\u201d"},"content":{"rendered":"<div class=\"flex_column av_one_full  flex_column_div av-zero-column-padding first  avia-builder-el-0  el_before_av_one_full  avia-builder-el-first  \" style='border-radius:0px; '><div  class='avia-image-container  av-styling-    avia-builder-el-1  avia-builder-el-no-sibling  avia-align-center '  itemprop=\"image\" itemscope=\"itemscope\" itemtype=\"https:\/\/schema.org\/ImageObject\"  ><div class='avia-image-container-inner'><div class='avia-image-overlay-wrap'><img decoding=\"async\" class='wp-image-32883 avia-img-lazy-loading-not-32883 avia_image' src=\"https:\/\/radiorevelacionfm.cl\/wp-content\/uploads\/2023\/07\/mujeres-con-energia2-2_optimized-2.jpg\" alt='' title='mujeres-con-energia2-2_optimized-2' height=\"600\" width=\"1067\"  itemprop=\"thumbnailUrl\" srcset=\"https:\/\/radiorevelacionfm.cl\/wp-content\/uploads\/2023\/07\/mujeres-con-energia2-2_optimized-2.jpg 1067w, https:\/\/radiorevelacionfm.cl\/wp-content\/uploads\/2023\/07\/mujeres-con-energia2-2_optimized-2-300x169.jpg 300w, https:\/\/radiorevelacionfm.cl\/wp-content\/uploads\/2023\/07\/mujeres-con-energia2-2_optimized-2-1030x579.jpg 1030w, https:\/\/radiorevelacionfm.cl\/wp-content\/uploads\/2023\/07\/mujeres-con-energia2-2_optimized-2-768x432.jpg 768w, https:\/\/radiorevelacionfm.cl\/wp-content\/uploads\/2023\/07\/mujeres-con-energia2-2_optimized-2-705x396.jpg 705w, https:\/\/radiorevelacionfm.cl\/wp-content\/uploads\/2023\/07\/mujeres-con-energia2-2_optimized-2-450x253.jpg 450w, https:\/\/radiorevelacionfm.cl\/wp-content\/uploads\/2023\/07\/mujeres-con-energia2-2_optimized-2-600x337.jpg 600w\" sizes=\"(max-width: 1067px) 100vw, 1067px\" \/><\/div><\/div><\/div><\/div><div class=\"flex_column av_one_full  flex_column_div av-zero-column-padding first  avia-builder-el-2  el_after_av_one_full  el_before_av_one_full  column-top-margin\" style='border-radius:0px; '><section class=\"av_textblock_section \"  itemscope=\"itemscope\" itemtype=\"https:\/\/schema.org\/BlogPosting\" itemprop=\"blogPost\" ><div class='avia_textblock  '   itemprop=\"text\" ><p style=\"text-align: center;\"><strong><span style=\"font-size: 18pt;\">Invitan a emprendedoras de la regi\u00f3n a postular al programa \u201cMujeres con Energ\u00eda\u201d<\/span><\/strong><\/p>\n<div id=\"gtx-trans\" style=\"position: absolute; left: -50px; top: 4.31534px;\">\n<div class=\"gtx-trans-icon\"><\/div>\n<\/div>\n<\/div><\/section><\/div><div class=\"flex_column av_one_full  flex_column_div av-zero-column-padding first  avia-builder-el-4  el_after_av_one_full  el_before_av_hr  column-top-margin\" style='border-radius:0px; '><section class=\"av_textblock_section \"  itemscope=\"itemscope\" itemtype=\"https:\/\/schema.org\/BlogPosting\" itemprop=\"blogPost\" ><div class='avia_textblock  '   itemprop=\"text\" ><p style=\"text-align: justify;\">Un llamado a postular a la 4\u00b0 versi\u00f3n de \u201cMujeres con Energ\u00eda\u201d, programa de vinculaci\u00f3n con la comunidad que Edelaysen impulsa desde 2021, realiz\u00f3 la el\u00e9ctrica.<\/p>\n<p style=\"text-align: justify;\">La cuarta Academia de Emprendimiento seleccionar\u00e1 a 20 mujeres de la zona y 160 desde las regiones de \u00d1uble hasta Ays\u00e9n, quienes podr\u00e1n acceder a clases virtuales, con m\u00f3dulos de libre acceso, y clases magistrales impartidas por el Instituto Profesional AIEP, en coordinaci\u00f3n con el Centro de Negocios Sercotec de Puerto Varas. Entre las alumnas, se seleccionar\u00e1 a las 24 que hayan destacado en sus calificaciones durante la academia de emprendedoras, las que ser\u00e1n reconocidas con $1.000.000 de libre disposici\u00f3n. El plazo para inscribirse en\u00a0<a href=\"http:\/\/www.edelaysen.cl\/\">www.edelaysen.cl<\/a> es hasta el 16 de julio.<\/p>\n<p style=\"text-align: justify;\">Patricio Raimilla, jefe de Atenci\u00f3n al Cliente de Edelaysen, se\u00f1al\u00f3 que \u201cnos sentimos muy orgullosos de desarrollar el programa \u201cMujeres con Energ\u00eda\u201d, que es una iniciativa que se realiza en toda la zona de concesi\u00f3n de la empresa y ha tenido un impacto tremendamente positivo en las emprendedoras, tanto en su \u00e1mbito familiar como al entregarle herramientas que les permiten acelerar el proceso de su emprendimiento y potenciar su negocio. Es el tercer a\u00f1o que se est\u00e1 ejecutando y lo que estamos haciendo es conectarnos con estas emprendedoras causando un impacto en su vida. Hoy estamos realizando el llamado para que puedan sumarse, las invitamos, ya que hay plazo hasta este domingo\u201d.<\/p>\n<p style=\"text-align: justify;\">Olga Torres D\u00edaz due\u00f1a del emprendimiento \u201cHospedaje Olguita\u201d de la ciudad de Puerto Ays\u00e9n, fue una de las ganadoras de la versi\u00f3n anterior de \u201cMujeres con Energ\u00eda\u201d. \u201cMe gusta mucho trabajar con las personas, trato de hacer lo mejor posible, que se sientan como en su casa, y todo eso. Muchas gracias a Edelaysen y le agradezco a diosito tambi\u00e9n. Soy una mujer con mucha energ\u00eda, a pesar de todos los obst\u00e1culos que he pasado, los he enfrentado con altura de mira y sigo con optimismo y dedicaci\u00f3n a mi negocio, aportando al turismo regional de Ays\u00e9n\u201d, coment\u00f3.<\/p>\n<p style=\"text-align: justify;\">\u00bf<u>C\u00f3mo participar<\/u>?<\/p>\n<p style=\"text-align: justify;\">Las interesadas en participar deben ser clientas de la empresa el\u00e9ctrica, o bien pueden ser usuarias del servicio en su domicilio, particular o comercial, sin ser necesariamente titular del servicio. Adem\u00e1s, todas las postulantes deben contar con iniciaci\u00f3n de actividades en primera y segunda categor\u00eda; y revisar las bases y completar el formulario de inscripci\u00f3n, ambos disponibles en el sitio web\u00a0<a href=\"http:\/\/www.edelaysen.cl\/\">www.edelaysen.cl<\/a>\u00a0hasta el 16 de julio.<\/p>\n<\/div><\/section><\/div><div  style='height:50px' class='hr hr-invisible   avia-builder-el-6  el_after_av_one_full  el_before_av_social_share '><span class='hr-inner ' ><span class='hr-inner-style'><\/span><\/span><\/div><\/p>\n<div  class='av-social-sharing-box  avia-builder-el-7  el_after_av_hr  el_before_av_hr  '><div class='av-share-box'><h5 class='av-share-link-description av-no-toc '>Compartir esta noticia<\/h5><ul class='av-share-box-list noLightbox'><li class='av-share-link av-social-link-facebook' ><a target=\"_blank\" aria-label=\"Compartir en Facebook\" href='https:\/\/www.facebook.com\/sharer.php?u=https:\/\/radiorevelacionfm.cl\/?p=32882&#038;t=Invitan%20a%20emprendedoras%20de%20la%20regi%C3%B3n%20a%20postular%20al%20programa%20%E2%80%9CMujeres%20con%20Energ%C3%ADa%E2%80%9D' aria-hidden='false' data-av_icon='\ue8f3' data-av_iconfont='entypo-fontello' title='' data-avia-related-tooltip='Compartir en Facebook' rel=\"noopener\"><span class='avia_hidden_link_text'>Compartir en Facebook<\/span><\/a><\/li><li class='av-share-link av-social-link-twitter' ><a target=\"_blank\" aria-label=\"Compartir en Twitter\" href='https:\/\/twitter.com\/share?text=Invitan%20a%20emprendedoras%20de%20la%20regi%C3%B3n%20a%20postular%20al%20programa%20%E2%80%9CMujeres%20con%20Energ%C3%ADa%E2%80%9D&#038;url=https:\/\/radiorevelacionfm.cl\/?p=32882' aria-hidden='false' data-av_icon='\ue8f1' data-av_iconfont='entypo-fontello' title='' data-avia-related-tooltip='Compartir en Twitter' rel=\"noopener\"><span class='avia_hidden_link_text'>Compartir en Twitter<\/span><\/a><\/li><li class='av-share-link av-social-link-whatsapp' ><a target=\"_blank\" aria-label=\"Compartir en Whatsapp\" href='https:\/\/api.whatsapp.com\/send?text=https:\/\/radiorevelacionfm.cl\/?p=32882' aria-hidden='false' data-av_icon='\uf232' data-av_iconfont='entypo-fontello' title='' data-avia-related-tooltip='Compartir en Whatsapp' rel=\"noopener\"><span class='avia_hidden_link_text'>Compartir en Whatsapp<\/span><\/a><\/li><li class='av-share-link av-social-link-linkedin' ><a target=\"_blank\" aria-label=\"Compartir en LinkedIn\" href='https:\/\/linkedin.com\/shareArticle?mini=true&#038;title=Invitan%20a%20emprendedoras%20de%20la%20regi%C3%B3n%20a%20postular%20al%20programa%20%E2%80%9CMujeres%20con%20Energ%C3%ADa%E2%80%9D&#038;url=https:\/\/radiorevelacionfm.cl\/?p=32882' aria-hidden='false' data-av_icon='\ue8fc' data-av_iconfont='entypo-fontello' title='' data-avia-related-tooltip='Compartir en LinkedIn' rel=\"noopener\"><span class='avia_hidden_link_text'>Compartir en LinkedIn<\/span><\/a><\/li><li class='av-share-link av-social-link-mail' ><a  aria-label=\"Compartir por correo\" href='mailto:?subject=Invitan%20a%20emprendedoras%20de%20la%20regi%C3%B3n%20a%20postular%20al%20programa%20%E2%80%9CMujeres%20con%20Energ%C3%ADa%E2%80%9D&#038;body=https:\/\/radiorevelacionfm.cl\/?p=32882' aria-hidden='false' data-av_icon='\ue805' data-av_iconfont='entypo-fontello' title='' data-avia-related-tooltip='Compartir por correo'><span class='avia_hidden_link_text'>Compartir por correo<\/span><\/a><\/li><\/ul><\/div><\/div>\n<div  style='height:50px' class='hr hr-invisible   avia-builder-el-8  el_after_av_social_share  el_before_av_comments_list '><span class='hr-inner ' ><span class='hr-inner-style'><\/span><\/span><\/div>\n<div  class='av-buildercomment  av-blog-meta-html-info-disabled av-blog-meta-tag-disabled  '><\/div>\n","protected":false},"excerpt":{"rendered":"","protected":false},"author":1,"featured_media":32883,"comment_status":"open","ping_status":"open","sticky":false,"template":"","format":"standard","meta":{"footnotes":""},"categories":[38],"tags":[],"class_list":["post-32882","post","type-post","status-publish","format-standard","has-post-thumbnail","hentry","category-regional"],"jetpack_featured_media_url":"https:\/\/radiorevelacionfm.cl\/wp-content\/uploads\/2023\/07\/mujeres-con-energia2-2_optimized-2.jpg","_links":{"self":[{"href":"https:\/\/radiorevelacionfm.cl\/index.php?rest_route=\/wp\/v2\/posts\/32882","targetHints":{"allow":["GET"]}}],"collection":[{"href":"https:\/\/radiorevelacionfm.cl\/index.php?rest_route=\/wp\/v2\/posts"}],"about":[{"href":"https:\/\/radiorevelacionfm.cl\/index.php?rest_route=\/wp\/v2\/types\/post"}],"author":[{"embeddable":true,"href":"https:\/\/radiorevelacionfm.cl\/index.php?rest_route=\/wp\/v2\/users\/1"}],"replies":[{"embeddable":true,"href":"https:\/\/radiorevelacionfm.cl\/index.php?rest_route=%2Fwp%2Fv2%2Fcomments&post=32882"}],"version-history":[{"count":1,"href":"https:\/\/radiorevelacionfm.cl\/index.php?rest_route=\/wp\/v2\/posts\/32882\/revisions"}],"predecessor-version":[{"id":32884,"href":"https:\/\/radiorevelacionfm.cl\/index.php?rest_route=\/wp\/v2\/posts\/32882\/revisions\/32884"}],"wp:featuredmedia":[{"embeddable":true,"href":"https:\/\/radiorevelacionfm.cl\/index.php?rest_route=\/wp\/v2\/media\/32883"}],"wp:attachment":[{"href":"https:\/\/radiorevelacionfm.cl\/index.php?rest_route=%2Fwp%2Fv2%2Fmedia&parent=32882"}],"wp:term":[{"taxonomy":"category","embeddable":true,"href":"https:\/\/radiorevelacionfm.cl\/index.php?rest_route=%2Fwp%2Fv2%2Fcategories&post=32882"},{"taxonomy":"post_tag","embeddable":true,"href":"https:\/\/radiorevelacionfm.cl\/index.php?rest_route=%2Fwp%2Fv2%2Ftags&post=32882"}],"curies":[{"name":"wp","href":"https:\/\/api.w.org\/{rel}","templated":true}]}}