{"id":32879,"date":"2023-07-11T21:34:49","date_gmt":"2023-07-12T00:34:49","guid":{"rendered":"https:\/\/radiorevelacionfm.cl\/?p=32879"},"modified":"2023-07-11T21:34:49","modified_gmt":"2023-07-12T00:34:49","slug":"carabineros-aysen-recibe-cuatro-vehiculos-para-fiscalizacion-y-recupera-91-armas-de-fuego-en-1er-semestre-de-2023","status":"publish","type":"post","link":"https:\/\/radiorevelacionfm.cl\/?p=32879","title":{"rendered":"Carabineros Ays\u00e9n recibe cuatro veh\u00edculos para fiscalizaci\u00f3n y recupera 91 armas de fuego en 1er semestre de 2023"},"content":{"rendered":"<div class=\"flex_column av_one_full  flex_column_div av-zero-column-padding first  avia-builder-el-0  el_before_av_one_full  avia-builder-el-first  \" style='border-radius:0px; '><div  class='avia-image-container  av-styling-    avia-builder-el-1  avia-builder-el-no-sibling  avia-align-center '  itemprop=\"image\" itemscope=\"itemscope\" itemtype=\"https:\/\/schema.org\/ImageObject\"  ><div class='avia-image-container-inner'><div class='avia-image-overlay-wrap'><img decoding=\"async\" class='wp-image-32880 avia-img-lazy-loading-not-32880 avia_image' src=\"https:\/\/radiorevelacionfm.cl\/wp-content\/uploads\/2023\/07\/21f24a06-3881-4c8c-a6b5-cc918580a8e5-2_optimized-2.jpg\" alt='' title='21f24a06-3881-4c8c-a6b5-cc918580a8e5-2_optimized-2' height=\"600\" width=\"800\"  itemprop=\"thumbnailUrl\" srcset=\"https:\/\/radiorevelacionfm.cl\/wp-content\/uploads\/2023\/07\/21f24a06-3881-4c8c-a6b5-cc918580a8e5-2_optimized-2.jpg 800w, https:\/\/radiorevelacionfm.cl\/wp-content\/uploads\/2023\/07\/21f24a06-3881-4c8c-a6b5-cc918580a8e5-2_optimized-2-300x225.jpg 300w, https:\/\/radiorevelacionfm.cl\/wp-content\/uploads\/2023\/07\/21f24a06-3881-4c8c-a6b5-cc918580a8e5-2_optimized-2-768x576.jpg 768w, https:\/\/radiorevelacionfm.cl\/wp-content\/uploads\/2023\/07\/21f24a06-3881-4c8c-a6b5-cc918580a8e5-2_optimized-2-705x529.jpg 705w, https:\/\/radiorevelacionfm.cl\/wp-content\/uploads\/2023\/07\/21f24a06-3881-4c8c-a6b5-cc918580a8e5-2_optimized-2-450x338.jpg 450w, https:\/\/radiorevelacionfm.cl\/wp-content\/uploads\/2023\/07\/21f24a06-3881-4c8c-a6b5-cc918580a8e5-2_optimized-2-600x450.jpg 600w\" sizes=\"(max-width: 800px) 100vw, 800px\" \/><\/div><\/div><\/div><\/div><div class=\"flex_column av_one_full  flex_column_div av-zero-column-padding first  avia-builder-el-2  el_after_av_one_full  el_before_av_one_full  column-top-margin\" style='border-radius:0px; '><section class=\"av_textblock_section \"  itemscope=\"itemscope\" itemtype=\"https:\/\/schema.org\/BlogPosting\" itemprop=\"blogPost\" ><div class='avia_textblock  '   itemprop=\"text\" ><p style=\"text-align: center;\"><strong><span style=\"font-size: 18pt;\">Carabineros Ays\u00e9n recibe cuatro veh\u00edculos para fiscalizaci\u00f3n y recupera 91 armas de fuego en 1er semestre de 2023<\/span><\/strong><\/p>\n<div id=\"gtx-trans\" style=\"position: absolute; left: -50px; top: 4.31534px;\">\n<div class=\"gtx-trans-icon\"><\/div>\n<\/div>\n<\/div><\/section><\/div><div class=\"flex_column av_one_full  flex_column_div av-zero-column-padding first  avia-builder-el-4  el_after_av_one_full  el_before_av_hr  column-top-margin\" style='border-radius:0px; '><section class=\"av_textblock_section \"  itemscope=\"itemscope\" itemtype=\"https:\/\/schema.org\/BlogPosting\" itemprop=\"blogPost\" ><div class='avia_textblock  '   itemprop=\"text\" ><p class=\"v1MsoNormal\" style=\"text-align: justify;\">La recepci\u00f3n de cuatro veh\u00edculos destinados a ampliar la fiscalizaci\u00f3n y control de la Ley de Armas por parte de la Autoridad Fiscalizadora (OS.11) de Carabineros, sumado a 91 armas recuperadas durante el 1er semestre del presente a\u00f1o y que ser\u00e1n remitidas a destrucci\u00f3n, son parte de los logros de la pol\u00edtica p\u00fablica en materias de seguridad impulsada en la regi\u00f3n de Ays\u00e9n.<\/p>\n<p class=\"v1MsoNormal\" style=\"text-align: justify;\">La actividad desarrollada en la Plaza de Armas de la ciudad de Coyhaique, cont\u00f3 con la presencia del Delegado Presidencial Regional de Ays\u00e9n, Rodrigo Araya Morales; el Jefe de Zona Ays\u00e9n, General Patricio Javier Santos Poblete y la Coordinadora Regional de Seguridad P\u00fablica, Camila Covarrubias Retamal.<\/p>\n<p class=\"v1MsoNormal\" style=\"text-align: justify;\">El Delegado Presidencial, expres\u00f3 que lo anterior forma parte del Plan Regional de Seguridad P\u00fablica, el cual prioriza cinco grupos delictuales, entre los que se encuentran la violencia intrafamiliar, infracci\u00f3n a la ley de drogas, infracci\u00f3n a la ley de armas, desmanes producto del consumo de alcohol y drogas, sumado a la violencia escolar.<\/p>\n<p class=\"v1MsoNormal\" style=\"text-align: justify;\">Con m\u00e1s de 7 mil armas inscritas, la regi\u00f3n de Ays\u00e9n es en la actualidad la que posee la mayor proporci\u00f3n de armas por habitantes.<\/p>\n<p class=\"v1MsoNormal\" style=\"text-align: justify;\">\u00abSabemos que hay una relaci\u00f3n hist\u00f3rica, de ah\u00ed que sea tan importante que las familias (&#8230;) tengan claridad que las armas tienen que tener un registro y una legalidad para poder usarlas, existen requisitos para ser declarado id\u00f3neo para poder manejar armas, lo que significa hacer ex\u00e1menes y una prueba por psiquiatra\u00bb, expres\u00f3 el Delegado Presidencial, Rodrigo Araya Morales, quien inst\u00f3 a aquellas personas que poseen este tipo de elementos, a su regularizaci\u00f3n o bien hacer entrega de estas (&#8230;) \u00abmientras menos armas circulando, menos posibilidad hay que \u00e9stas caigan en manos de delincuentes o bandas delictuales, por lo tanto, mayor seguridad para todos nosotros\u00bb, a\u00f1adi\u00f3.<\/p>\n<p class=\"v1MsoNormal\" style=\"text-align: justify;\"><b>M\u00e1s capacidad de fiscalizaci\u00f3n<\/b><\/p>\n<p class=\"v1MsoNormal\" style=\"text-align: justify;\">Por su parte el Jefe de Zona de Carabineros, General Santos Poblete indic\u00f3 -respecto a la recepci\u00f3n de los veh\u00edculos- que est\u00e1n destinados a ampliar las capacidades de fiscalizaci\u00f3n y control de la Ley de Armas, m\u00f3viles que van a depender las Autoridades Fiscalizadoras en Coyhaique, Puerto Ays\u00e9n, Chile Chico y Cochrane.<\/p>\n<p class=\"v1MsoNormal\" style=\"text-align: justify;\">\u00abEsto va a permitir que los Carabineros que trabajan en estas funciones de inscripci\u00f3n de armas y fiscalizaci\u00f3n de estas, concurran a los domicilios en que las armas aparecen como inscritas y verifiquen el correspondiente dominio y tenencia, de forma tal de constatar que se est\u00e9 cumpliendo con la ley y retirar aquellas armas que en definitiva est\u00e9n en condici\u00f3n de ilegalidad\u00bb, expres\u00f3 el Oficial General.<\/p>\n<p class=\"v1MsoNormal\" style=\"text-align: justify;\"><b>A destrucci\u00f3n<\/b><\/p>\n<p class=\"v1MsoNormal\" style=\"text-align: justify;\">Paralelamente, Carabineros present\u00f3 una muestra de las 91 armas que han sido retiradas de circulaci\u00f3n durante el 1er semestre del presente a\u00f1o, las cuales a fines del 2023, ser\u00e1n remitidas al dep\u00f3sito central de armas en la ciudad de Santiago, para su destrucci\u00f3n.<\/p>\n<p class=\"v1MsoNormal\" style=\"text-align: justify;\">\u00abSon armas que van a salir de circulaci\u00f3n y que son potencialmente controladas a trav\u00e9s de la fiscalizaci\u00f3n oportuna para que no caigan en manos de delincuentes o personas que quieran hacer mal uso de ellas\u00bb, expres\u00f3 el Jefe de Zona.<\/p>\n<p class=\"v1MsoNormal\" style=\"text-align: justify;\">En este mismo sentido, el General Patricio Santos record\u00f3 que anualmente Carabineros retira cerca de 200 armas en la regi\u00f3n de Ays\u00e9n, mientras a nivel nacional cerca de 6 mil armas son sacadas de circulaci\u00f3n, de las cuales alrededor de 2.200 son incautadas.<\/p>\n<p class=\"v1MsoNormal\" style=\"text-align: justify;\">\u00a0\u00a0 \u00abPor lo tanto, esto en un tremendo aporte y una se\u00f1al que seguimos trabajando y espec\u00edficamente dentro de uno de los delitos priorizados en el Consejo Regional de Seguridad P\u00fablica, que preside el Delegado Presidencial (que uno de los elementos referenciales de mayor preocupaci\u00f3n es el control de la Ley de Armas). Recordemos que en la regi\u00f3n existen cerca de 7.120 armas inscritas, lo cual nos lleva a una tasa de cerca de 6,6 armas por cada cien personas, la tasa m\u00e1s alta regional\u00bb, detall\u00f3.<\/p>\n<p class=\"v1MsoNormal\" style=\"text-align: justify;\">En este mismo sentido, el General Santos indic\u00f3 que ello tiene que ver con actividades propias de la regi\u00f3n, vinculadas a la caza.<\/p>\n<p class=\"v1MsoNormal\" style=\"text-align: justify;\">La convicci\u00f3n de la pol\u00edtica p\u00fablica es tener menos armas en territorio y que potencialmente caigan en manos de delincuentes. Menos armas es m\u00e1s seguridad, y potenciando a las agencias que efect\u00faan el control social formal -como Carabineros- entendemos que podemos controlar y a trav\u00e9s del control, tener m\u00e1s prevenci\u00f3n\u00bb, profundiz\u00f3 el General de Carabineros Ays\u00e9n.<\/p>\n<p class=\"v1MsoNormal\" style=\"text-align: justify;\"><b>Mayor cobertura<\/b><\/p>\n<p class=\"v1MsoNormal\" style=\"text-align: justify;\">Por su parte la Coordinadora Regional de Seguridad P\u00fablica, Camila Covarrubias, manifest\u00f3 que la infracci\u00f3n a la Ley de Armas fue uno de los temas priorizados en la \u00faltima sesi\u00f3n del Consejo Regional de Seguridad P\u00fablica.<\/p>\n<p class=\"v1MsoNormal\" style=\"text-align: justify;\">En tal sentido, tanto la cantidad de armas retiradas de circulaci\u00f3n como la recepci\u00f3n de los cuatro veh\u00edculos responden a este \u00e1mbito del Plan de Seguridad P\u00fablica.<\/p>\n<p class=\"v1MsoNormal\" style=\"text-align: justify;\">\u00abCon estos veh\u00edculos vamos a poder cubrir todo el territorio e idealmente poder incautar la mayor cantidad de armas que no est\u00e9n reguladas, que est\u00e9n modificadas o que no est\u00e9n de acuerdo con la norma\u00bb, expres\u00f3.<\/p>\n<p class=\"v1MsoNormal\" style=\"text-align: justify;\">Cabe recordar que durante el a\u00f1o 2022, Carabineros Ays\u00e9n recuper\u00f3 un total de 87 armas de fuego (39 cortas y 48 largas), siendo igualmente 69 personas detenidas por infracci\u00f3n a la Ley de Armas.<\/p>\n<p class=\"v1MsoNormal\" style=\"text-align: justify;\">Este a\u00f1o llevamos 91 armas recuperadas y 63 personas detenidas por Ley de Armas.<\/p>\n<\/div><\/section><\/div><div  style='height:50px' class='hr hr-invisible   avia-builder-el-6  el_after_av_one_full  el_before_av_social_share '><span class='hr-inner ' ><span class='hr-inner-style'><\/span><\/span><\/div><\/p>\n<div  class='av-social-sharing-box  avia-builder-el-7  el_after_av_hr  el_before_av_hr  '><div class='av-share-box'><h5 class='av-share-link-description av-no-toc '>Compartir esta noticia<\/h5><ul class='av-share-box-list noLightbox'><li class='av-share-link av-social-link-facebook' ><a target=\"_blank\" aria-label=\"Compartir en Facebook\" href='https:\/\/www.facebook.com\/sharer.php?u=https:\/\/radiorevelacionfm.cl\/?p=32879&#038;t=Carabineros%20Ays%C3%A9n%20recibe%20cuatro%20veh%C3%ADculos%20para%20fiscalizaci%C3%B3n%20y%20recupera%2091%20armas%20de%20fuego%20en%201er%20semestre%20de%202023' aria-hidden='false' data-av_icon='\ue8f3' data-av_iconfont='entypo-fontello' title='' data-avia-related-tooltip='Compartir en Facebook' rel=\"noopener\"><span class='avia_hidden_link_text'>Compartir en Facebook<\/span><\/a><\/li><li class='av-share-link av-social-link-twitter' ><a target=\"_blank\" aria-label=\"Compartir en Twitter\" href='https:\/\/twitter.com\/share?text=Carabineros%20Ays%C3%A9n%20recibe%20cuatro%20veh%C3%ADculos%20para%20fiscalizaci%C3%B3n%20y%20recupera%2091%20armas%20de%20fuego%20en%201er%20semestre%20de%202023&#038;url=https:\/\/radiorevelacionfm.cl\/?p=32879' aria-hidden='false' data-av_icon='\ue8f1' data-av_iconfont='entypo-fontello' title='' data-avia-related-tooltip='Compartir en Twitter' rel=\"noopener\"><span class='avia_hidden_link_text'>Compartir en Twitter<\/span><\/a><\/li><li class='av-share-link av-social-link-whatsapp' ><a target=\"_blank\" aria-label=\"Compartir en Whatsapp\" href='https:\/\/api.whatsapp.com\/send?text=https:\/\/radiorevelacionfm.cl\/?p=32879' aria-hidden='false' data-av_icon='\uf232' data-av_iconfont='entypo-fontello' title='' data-avia-related-tooltip='Compartir en Whatsapp' rel=\"noopener\"><span class='avia_hidden_link_text'>Compartir en Whatsapp<\/span><\/a><\/li><li class='av-share-link av-social-link-linkedin' ><a target=\"_blank\" aria-label=\"Compartir en LinkedIn\" href='https:\/\/linkedin.com\/shareArticle?mini=true&#038;title=Carabineros%20Ays%C3%A9n%20recibe%20cuatro%20veh%C3%ADculos%20para%20fiscalizaci%C3%B3n%20y%20recupera%2091%20armas%20de%20fuego%20en%201er%20semestre%20de%202023&#038;url=https:\/\/radiorevelacionfm.cl\/?p=32879' aria-hidden='false' data-av_icon='\ue8fc' data-av_iconfont='entypo-fontello' title='' data-avia-related-tooltip='Compartir en LinkedIn' rel=\"noopener\"><span class='avia_hidden_link_text'>Compartir en LinkedIn<\/span><\/a><\/li><li class='av-share-link av-social-link-mail' ><a  aria-label=\"Compartir por correo\" href='mailto:?subject=Carabineros%20Ays%C3%A9n%20recibe%20cuatro%20veh%C3%ADculos%20para%20fiscalizaci%C3%B3n%20y%20recupera%2091%20armas%20de%20fuego%20en%201er%20semestre%20de%202023&#038;body=https:\/\/radiorevelacionfm.cl\/?p=32879' aria-hidden='false' data-av_icon='\ue805' data-av_iconfont='entypo-fontello' title='' data-avia-related-tooltip='Compartir por correo'><span class='avia_hidden_link_text'>Compartir por correo<\/span><\/a><\/li><\/ul><\/div><\/div>\n<div  style='height:50px' class='hr hr-invisible   avia-builder-el-8  el_after_av_social_share  el_before_av_comments_list '><span class='hr-inner ' ><span class='hr-inner-style'><\/span><\/span><\/div>\n<div  class='av-buildercomment  av-blog-meta-html-info-disabled av-blog-meta-tag-disabled  '><\/div>\n","protected":false},"excerpt":{"rendered":"","protected":false},"author":1,"featured_media":32880,"comment_status":"open","ping_status":"open","sticky":false,"template":"","format":"standard","meta":{"footnotes":""},"categories":[36],"tags":[],"class_list":["post-32879","post","type-post","status-publish","format-standard","has-post-thumbnail","hentry","category-policial"],"jetpack_featured_media_url":"https:\/\/radiorevelacionfm.cl\/wp-content\/uploads\/2023\/07\/21f24a06-3881-4c8c-a6b5-cc918580a8e5-2_optimized-2.jpg","_links":{"self":[{"href":"https:\/\/radiorevelacionfm.cl\/index.php?rest_route=\/wp\/v2\/posts\/32879","targetHints":{"allow":["GET"]}}],"collection":[{"href":"https:\/\/radiorevelacionfm.cl\/index.php?rest_route=\/wp\/v2\/posts"}],"about":[{"href":"https:\/\/radiorevelacionfm.cl\/index.php?rest_route=\/wp\/v2\/types\/post"}],"author":[{"embeddable":true,"href":"https:\/\/radiorevelacionfm.cl\/index.php?rest_route=\/wp\/v2\/users\/1"}],"replies":[{"embeddable":true,"href":"https:\/\/radiorevelacionfm.cl\/index.php?rest_route=%2Fwp%2Fv2%2Fcomments&post=32879"}],"version-history":[{"count":1,"href":"https:\/\/radiorevelacionfm.cl\/index.php?rest_route=\/wp\/v2\/posts\/32879\/revisions"}],"predecessor-version":[{"id":32881,"href":"https:\/\/radiorevelacionfm.cl\/index.php?rest_route=\/wp\/v2\/posts\/32879\/revisions\/32881"}],"wp:featuredmedia":[{"embeddable":true,"href":"https:\/\/radiorevelacionfm.cl\/index.php?rest_route=\/wp\/v2\/media\/32880"}],"wp:attachment":[{"href":"https:\/\/radiorevelacionfm.cl\/index.php?rest_route=%2Fwp%2Fv2%2Fmedia&parent=32879"}],"wp:term":[{"taxonomy":"category","embeddable":true,"href":"https:\/\/radiorevelacionfm.cl\/index.php?rest_route=%2Fwp%2Fv2%2Fcategories&post=32879"},{"taxonomy":"post_tag","embeddable":true,"href":"https:\/\/radiorevelacionfm.cl\/index.php?rest_route=%2Fwp%2Fv2%2Ftags&post=32879"}],"curies":[{"name":"wp","href":"https:\/\/api.w.org\/{rel}","templated":true}]}}