{"id":32875,"date":"2023-07-12T11:25:31","date_gmt":"2023-07-12T14:25:31","guid":{"rendered":"https:\/\/radiorevelacionfm.cl\/?p=32875"},"modified":"2023-07-12T11:34:45","modified_gmt":"2023-07-12T14:34:45","slug":"calisto-le-pide-a-ministro-de-educacion-subsanar-deficit-de-becas","status":"publish","type":"post","link":"https:\/\/radiorevelacionfm.cl\/?p=32875","title":{"rendered":"Diputado Calisto le pide al ministro de Educaci\u00f3n subsanar d\u00e9ficit de becas"},"content":{"rendered":"<div class=\"flex_column av_one_full  flex_column_div av-zero-column-padding first  avia-builder-el-0  el_before_av_one_full  avia-builder-el-first  \" style='border-radius:0px; '><div  class='avia-image-container  av-styling-    avia-builder-el-1  avia-builder-el-no-sibling  avia-align-center '  itemprop=\"image\" itemscope=\"itemscope\" itemtype=\"https:\/\/schema.org\/ImageObject\"  ><div class='avia-image-container-inner'><div class='avia-image-overlay-wrap'><img decoding=\"async\" class='wp-image-32877 avia-img-lazy-loading-not-32877 avia_image' src=\"https:\/\/radiorevelacionfm.cl\/wp-content\/uploads\/2023\/07\/image-138-2.jpg\" alt='' title='image-138-2' height=\"600\" width=\"895\"  itemprop=\"thumbnailUrl\" srcset=\"https:\/\/radiorevelacionfm.cl\/wp-content\/uploads\/2023\/07\/image-138-2.jpg 895w, https:\/\/radiorevelacionfm.cl\/wp-content\/uploads\/2023\/07\/image-138-2-300x201.jpg 300w, https:\/\/radiorevelacionfm.cl\/wp-content\/uploads\/2023\/07\/image-138-2-768x515.jpg 768w, https:\/\/radiorevelacionfm.cl\/wp-content\/uploads\/2023\/07\/image-138-2-705x473.jpg 705w, https:\/\/radiorevelacionfm.cl\/wp-content\/uploads\/2023\/07\/image-138-2-450x302.jpg 450w, https:\/\/radiorevelacionfm.cl\/wp-content\/uploads\/2023\/07\/image-138-2-600x402.jpg 600w\" sizes=\"(max-width: 895px) 100vw, 895px\" \/><\/div><\/div><\/div><\/div>\n<div class=\"flex_column av_one_full  flex_column_div av-zero-column-padding first  avia-builder-el-2  el_after_av_one_full  el_before_av_one_full  column-top-margin\" style='border-radius:0px; '><section class=\"av_textblock_section \"  itemscope=\"itemscope\" itemtype=\"https:\/\/schema.org\/BlogPosting\" itemprop=\"blogPost\" ><div class='avia_textblock  '   itemprop=\"text\" ><p style=\"text-align: center;\"><span style=\"font-size: 18pt;\"><b>Diputado Calisto le pide al ministro de Educaci\u00f3n subsanar d\u00e9ficit de becas<\/b><\/span><\/p>\n<div id=\"gtx-trans\" style=\"position: absolute; left: -50px; top: 4.31534px;\">\n<div class=\"gtx-trans-icon\"><\/div>\n<\/div>\n<\/div><\/section><\/div><div class=\"flex_column av_one_full  flex_column_div av-zero-column-padding first  avia-builder-el-4  el_after_av_one_full  el_before_av_hr  column-top-margin\" style='border-radius:0px; '><section class=\"av_textblock_section \"  itemscope=\"itemscope\" itemtype=\"https:\/\/schema.org\/BlogPosting\" itemprop=\"blogPost\" ><div class='avia_textblock  '   itemprop=\"text\" ><p style=\"text-align: justify;\"><span style=\"font-size: 12pt;\"><em>Adem\u00e1s, el legislador le solicit\u00f3 buscar una soluci\u00f3n al d\u00e9ficit de los distintos municipios en materia de educaci\u00f3n municipal<\/em>. La autoridad nacional asegur\u00f3 que se reunir\u00e1 con los diez alcaldes de la Regi\u00f3n para ver esta situaci\u00f3n. <\/span><\/p>\n<p style=\"text-align: justify;\"><span style=\"font-size: 12pt;\">El diputado Miguel \u00c1ngel Calisto sigue realizando gestiones en materia de educaci\u00f3n. Luego de reunirse la semana pasada con el Ministro Marco Antonio \u00c1vila y el alcalde de Coyhaique, esta semana el legislador nuevamente se reuni\u00f3 con la autoridad de la cartera, pero esta vez para solicitarle subsanar el d\u00e9ficit de becas, como as\u00ed tambi\u00e9n, buscar una soluci\u00f3n al d\u00e9ficit de recursos que tienen los otros municipios en materia de educaci\u00f3n municipal. \u00a0\u00a0<\/span><\/p>\n<p style=\"text-align: justify;\"><span style=\"font-size: 12pt;\"><strong>D\u00e9ficit en los cupos para las becas<\/strong><\/span><\/p>\n<p style=\"text-align: justify;\"><span style=\"font-size: 12pt;\">El diputado Calisto indic\u00f3 que \u201cle\u00a0planteamos al ministro de Educaci\u00f3n la preocupaci\u00f3n respecto al proceso de becas. En primer lugar, planteamos que no es posible que sigamos notificando a los estudiantes a mitad de a\u00f1o, en julio o agosto por el resultado de sus postulaciones. Esto es complejo, porque ellos entran a la universidad en marzo, que se le notifique a mitad de a\u00f1o afecta directamente a la econom\u00eda familiar, especialmente a aquellos que salieron a otras regiones a estudiar\u201d.<\/span><\/p>\n<p style=\"text-align: justify;\"><span style=\"font-size: 12pt;\">\u201cEsta confirmaci\u00f3n debiera ser durante los primeros meses, que son los m\u00e1s complejos para las familias a nivel econ\u00f3mico. Muchos de los alumnos que tienen la beca Patagonia no pueden acceder a otros beneficios del estado, como gratuidad, por su puntaje en el Registro Social de Hogares\u201d, indic\u00f3.<\/span><\/p>\n<p style=\"text-align: justify;\"><span style=\"font-size: 12pt;\">Calisto agreg\u00f3 que \u201ctambi\u00e9n planteamos el d\u00e9ficit que existe de cerca de 75 alumnos, quienes postularon a la beca y cumplen con los requisitos. En total, ya se han entregado cerca de 2580 becas, pero existe este d\u00e9ficit. Hoy ya se present\u00f3 la reasignaci\u00f3n de montos desde la Beca Ays\u00e9n a la Beca Patagonia, para que los alumnos que est\u00e1n esperando todav\u00eda su beca puedan tener el beneficio durante este mes o a m\u00e1s tardar durante los primeros d\u00edas del mes de agosto\u201d.<\/span><\/p>\n<p style=\"text-align: justify;\"><span style=\"font-size: 12pt;\">Por su parte, el Ministro asegur\u00f3 que \u201csi bien nosotros no vemos directamente los sistemas de becas, le solicit\u00e9 a la Subsecretaria que averig\u00fce la situaci\u00f3n que ocurre con la beca Patagonia que se asigna en Ays\u00e9n para los estudiantes que deben salir de la regi\u00f3n a completar sus estudios y su trayectoria educativa\u201d.<\/span><\/p>\n<p style=\"text-align: justify;\"><span style=\"font-size: 12pt;\"><strong>D\u00e9ficit en la Educaci\u00f3n Municipal<\/strong><\/span><\/p>\n<p style=\"text-align: justify;\"><span style=\"font-size: 12pt;\">Otro tema que el plante\u00f3 el diputado al Ministro fue la necesidad de terminar con el d\u00e9ficit de la educaci\u00f3n municipal en las distintas comunas de Ays\u00e9n. Seg\u00fan el legislador, \u201cle planteamos la necesidad de garantizar que se aborde la deuda municipal en materia de educaci\u00f3n en las diez comunas de la Regi\u00f3n de Ays\u00e9n. Esta es una situaci\u00f3n que abordamos con el alcalde de Coyhaique, pero que tambi\u00e9n la estamos pidiendo para el resto de los, tomando en cuenta que esto afecta pr\u00e1cticamente a toda la regi\u00f3n\u201d.<\/span><\/p>\n<p style=\"text-align: justify;\"><span style=\"font-size: 12pt;\">En relaci\u00f3n a esto, el ministro se\u00f1al\u00f3 que \u201cestamos trabajando en la situaci\u00f3n de Coyhaique, pero tambi\u00e9n nos vamos preocupar de los restantes municipios de la regi\u00f3n de Ays\u00e9n. El diputado nos plante\u00f3 una inquietud muy v\u00e1lida, que es la manera c\u00f3mo se va a resolver las situaciones propias del servicio educativo, que es el pago de los sueldos, cotizaciones y transportes en todas las comunas de la regi\u00f3n, considerando que el pr\u00f3ximo a\u00f1o comienzan su proceso de transici\u00f3n\u201d.<\/span><\/p>\n<p style=\"text-align: justify;\"><span style=\"font-size: 12pt;\">Finalmente, el titular de la cartera afirm\u00f3 que \u201cvamos a agendar una reuni\u00f3n con los diez alcaldes de tal manera de poder conversar con cada uno de ellos y conocer en detalle cada situaci\u00f3n y as\u00ed poder ver c\u00f3mo podemos ayudar en cada caso\u201d.\u00a0<\/span><\/p>\n<\/div><\/section><\/div><\/p>\n<div  style='height:50px' class='hr hr-invisible   avia-builder-el-6  el_after_av_one_full  el_before_av_social_share '><span class='hr-inner ' ><span class='hr-inner-style'><\/span><\/span><\/div>\n<div  class='av-social-sharing-box  avia-builder-el-7  el_after_av_hr  el_before_av_hr  '><div class='av-share-box'><h5 class='av-share-link-description av-no-toc '>Compartir esta noticia<\/h5><ul class='av-share-box-list noLightbox'><li class='av-share-link av-social-link-facebook' ><a target=\"_blank\" aria-label=\"Compartir en Facebook\" href='https:\/\/www.facebook.com\/sharer.php?u=https:\/\/radiorevelacionfm.cl\/?p=32875&#038;t=Diputado%20Calisto%20le%20pide%20al%20ministro%20de%20Educaci%C3%B3n%20subsanar%20d%C3%A9ficit%20de%20becas' aria-hidden='false' data-av_icon='\ue8f3' data-av_iconfont='entypo-fontello' title='' data-avia-related-tooltip='Compartir en Facebook' rel=\"noopener\"><span class='avia_hidden_link_text'>Compartir en Facebook<\/span><\/a><\/li><li class='av-share-link av-social-link-twitter' ><a target=\"_blank\" aria-label=\"Compartir en Twitter\" href='https:\/\/twitter.com\/share?text=Diputado%20Calisto%20le%20pide%20al%20ministro%20de%20Educaci%C3%B3n%20subsanar%20d%C3%A9ficit%20de%20becas&#038;url=https:\/\/radiorevelacionfm.cl\/?p=32875' aria-hidden='false' data-av_icon='\ue8f1' data-av_iconfont='entypo-fontello' title='' data-avia-related-tooltip='Compartir en Twitter' rel=\"noopener\"><span class='avia_hidden_link_text'>Compartir en Twitter<\/span><\/a><\/li><li class='av-share-link av-social-link-whatsapp' ><a target=\"_blank\" aria-label=\"Compartir en Whatsapp\" href='https:\/\/api.whatsapp.com\/send?text=https:\/\/radiorevelacionfm.cl\/?p=32875' aria-hidden='false' data-av_icon='\uf232' data-av_iconfont='entypo-fontello' title='' data-avia-related-tooltip='Compartir en Whatsapp' rel=\"noopener\"><span class='avia_hidden_link_text'>Compartir en Whatsapp<\/span><\/a><\/li><li class='av-share-link av-social-link-linkedin' ><a target=\"_blank\" aria-label=\"Compartir en LinkedIn\" href='https:\/\/linkedin.com\/shareArticle?mini=true&#038;title=Diputado%20Calisto%20le%20pide%20al%20ministro%20de%20Educaci%C3%B3n%20subsanar%20d%C3%A9ficit%20de%20becas&#038;url=https:\/\/radiorevelacionfm.cl\/?p=32875' aria-hidden='false' data-av_icon='\ue8fc' data-av_iconfont='entypo-fontello' title='' data-avia-related-tooltip='Compartir en LinkedIn' rel=\"noopener\"><span class='avia_hidden_link_text'>Compartir en LinkedIn<\/span><\/a><\/li><li class='av-share-link av-social-link-mail' ><a  aria-label=\"Compartir por correo\" href='mailto:?subject=Diputado%20Calisto%20le%20pide%20al%20ministro%20de%20Educaci%C3%B3n%20subsanar%20d%C3%A9ficit%20de%20becas&#038;body=https:\/\/radiorevelacionfm.cl\/?p=32875' aria-hidden='false' data-av_icon='\ue805' data-av_iconfont='entypo-fontello' title='' data-avia-related-tooltip='Compartir por correo'><span class='avia_hidden_link_text'>Compartir por correo<\/span><\/a><\/li><\/ul><\/div><\/div>\n<div  style='height:50px' class='hr hr-invisible   avia-builder-el-8  el_after_av_social_share  el_before_av_comments_list '><span class='hr-inner ' ><span class='hr-inner-style'><\/span><\/span><\/div>\n<div  class='av-buildercomment  av-blog-meta-html-info-disabled av-blog-meta-tag-disabled  '><\/div>\n","protected":false},"excerpt":{"rendered":"","protected":false},"author":1,"featured_media":32877,"comment_status":"open","ping_status":"open","sticky":false,"template":"","format":"standard","meta":{"footnotes":""},"categories":[35],"tags":[],"class_list":["post-32875","post","type-post","status-publish","format-standard","has-post-thumbnail","hentry","category-politica"],"jetpack_featured_media_url":"https:\/\/radiorevelacionfm.cl\/wp-content\/uploads\/2023\/07\/image-138-2.jpg","_links":{"self":[{"href":"https:\/\/radiorevelacionfm.cl\/index.php?rest_route=\/wp\/v2\/posts\/32875","targetHints":{"allow":["GET"]}}],"collection":[{"href":"https:\/\/radiorevelacionfm.cl\/index.php?rest_route=\/wp\/v2\/posts"}],"about":[{"href":"https:\/\/radiorevelacionfm.cl\/index.php?rest_route=\/wp\/v2\/types\/post"}],"author":[{"embeddable":true,"href":"https:\/\/radiorevelacionfm.cl\/index.php?rest_route=\/wp\/v2\/users\/1"}],"replies":[{"embeddable":true,"href":"https:\/\/radiorevelacionfm.cl\/index.php?rest_route=%2Fwp%2Fv2%2Fcomments&post=32875"}],"version-history":[{"count":4,"href":"https:\/\/radiorevelacionfm.cl\/index.php?rest_route=\/wp\/v2\/posts\/32875\/revisions"}],"predecessor-version":[{"id":32891,"href":"https:\/\/radiorevelacionfm.cl\/index.php?rest_route=\/wp\/v2\/posts\/32875\/revisions\/32891"}],"wp:featuredmedia":[{"embeddable":true,"href":"https:\/\/radiorevelacionfm.cl\/index.php?rest_route=\/wp\/v2\/media\/32877"}],"wp:attachment":[{"href":"https:\/\/radiorevelacionfm.cl\/index.php?rest_route=%2Fwp%2Fv2%2Fmedia&parent=32875"}],"wp:term":[{"taxonomy":"category","embeddable":true,"href":"https:\/\/radiorevelacionfm.cl\/index.php?rest_route=%2Fwp%2Fv2%2Fcategories&post=32875"},{"taxonomy":"post_tag","embeddable":true,"href":"https:\/\/radiorevelacionfm.cl\/index.php?rest_route=%2Fwp%2Fv2%2Ftags&post=32875"}],"curies":[{"name":"wp","href":"https:\/\/api.w.org\/{rel}","templated":true}]}}