{"id":32872,"date":"2023-07-11T22:26:41","date_gmt":"2023-07-12T01:26:41","guid":{"rendered":"https:\/\/radiorevelacionfm.cl\/?p=32872"},"modified":"2023-07-11T22:26:41","modified_gmt":"2023-07-12T01:26:41","slug":"raphael-adportas-de-la-acusacion-constitucional-la-educacion-vive-una-crisis-profunda-y-el-ministro-no-ha-priorizado-las-demandas-reales-de-las-familias","status":"publish","type":"post","link":"https:\/\/radiorevelacionfm.cl\/?p=32872","title":{"rendered":"Raphael adportas de la Acusaci\u00f3n Constitucional: \u201cLa educaci\u00f3n vive una crisis profunda y el Ministro no ha priorizado las demandas reales de las familias\u201d"},"content":{"rendered":"<div class=\"flex_column av_one_full  flex_column_div av-zero-column-padding first  avia-builder-el-0  el_before_av_one_full  avia-builder-el-first  \" style='border-radius:0px; '><div  class='avia-image-container  av-styling-    avia-builder-el-1  avia-builder-el-no-sibling  avia-align-center '  itemprop=\"image\" itemscope=\"itemscope\" itemtype=\"https:\/\/schema.org\/ImageObject\"  ><div class='avia-image-container-inner'><div class='avia-image-overlay-wrap'><img decoding=\"async\" class='wp-image-32873 avia-img-lazy-loading-not-32873 avia_image' src=\"https:\/\/radiorevelacionfm.cl\/wp-content\/uploads\/2023\/07\/Foto-nota-M.-Raphael-2-2.jpeg\" alt='' title='Foto nota M. Raphael-2-2' height=\"600\" width=\"901\"  itemprop=\"thumbnailUrl\" srcset=\"https:\/\/radiorevelacionfm.cl\/wp-content\/uploads\/2023\/07\/Foto-nota-M.-Raphael-2-2.jpeg 901w, https:\/\/radiorevelacionfm.cl\/wp-content\/uploads\/2023\/07\/Foto-nota-M.-Raphael-2-2-300x200.jpeg 300w, https:\/\/radiorevelacionfm.cl\/wp-content\/uploads\/2023\/07\/Foto-nota-M.-Raphael-2-2-768x511.jpeg 768w, https:\/\/radiorevelacionfm.cl\/wp-content\/uploads\/2023\/07\/Foto-nota-M.-Raphael-2-2-705x469.jpeg 705w, https:\/\/radiorevelacionfm.cl\/wp-content\/uploads\/2023\/07\/Foto-nota-M.-Raphael-2-2-450x300.jpeg 450w, https:\/\/radiorevelacionfm.cl\/wp-content\/uploads\/2023\/07\/Foto-nota-M.-Raphael-2-2-600x400.jpeg 600w\" sizes=\"(max-width: 901px) 100vw, 901px\" \/><\/div><\/div><\/div><\/div><div class=\"flex_column av_one_full  flex_column_div av-zero-column-padding first  avia-builder-el-2  el_after_av_one_full  el_before_av_one_full  column-top-margin\" style='border-radius:0px; '><section class=\"av_textblock_section \"  itemscope=\"itemscope\" itemtype=\"https:\/\/schema.org\/BlogPosting\" itemprop=\"blogPost\" ><div class='avia_textblock  '   itemprop=\"text\" ><p style=\"text-align: center;\"><span style=\"font-size: 18pt;\"><strong>Raphael adportas de la Acusaci\u00f3n Constitucional: \u201cLa educaci\u00f3n vive una crisis profunda y el Ministro no ha priorizado las demandas reales de las familias\u201d<\/strong><\/span><\/p>\n<div id=\"gtx-trans\" style=\"position: absolute; left: -50px; top: 4.31534px;\">\n<div class=\"gtx-trans-icon\"><\/div>\n<\/div>\n<\/div><\/section><\/div><div class=\"flex_column av_one_full  flex_column_div av-zero-column-padding first  avia-builder-el-4  el_after_av_one_full  el_before_av_hr  column-top-margin\" style='border-radius:0px; '><section class=\"av_textblock_section \"  itemscope=\"itemscope\" itemtype=\"https:\/\/schema.org\/BlogPosting\" itemprop=\"blogPost\" ><div class='avia_textblock  '   itemprop=\"text\" ><p style=\"text-align: justify;\">La Diputada por Ays\u00e9n Marcia Raphael Mora ha anunciado que votar\u00e1 favorablemente la acusaci\u00f3n constitucional en curso contra el Ministro de Educaci\u00f3n Marco Antonio \u00c1vila, que se vota durante el mi\u00e9rcoles en la C\u00e1mara de Diputados.<\/p>\n<p style=\"text-align: justify;\">El texto acusatorio contra la autoridad consta de siete cap\u00edtulos entre los que destacan que el Ministro ha vulnerado el derecho de los padres a elegir la educaci\u00f3n de sus hijos y tambi\u00e9n la falta de fiscalizaci\u00f3n a la JUNAEB.<\/p>\n<p style=\"text-align: justify;\">Lo anterior, tambi\u00e9n se suma a los antecedentes entregados por el ex director de la entidad Crist\u00f3bal Acevedo, que denunci\u00f3 que se pagaron m\u00e1s de 3.500 millones para 30 raciones de alimentos. En donde Raphael, se\u00f1ala que cada una de ellas habr\u00eda costado a todos los chilenos, seg\u00fan lo se\u00f1alado por el exdirector, m\u00e1s de 130 millones de pesos.<\/p>\n<p style=\"text-align: justify;\">La Diputada e integrante de la Comisi\u00f3n de Educaci\u00f3n ha lamentado que la administraci\u00f3n del Presidente Boric y del Ministro \u00c1vila ha estado totalmente desconectada de los problemas urgentes que vive la educaci\u00f3n hoy en d\u00eda.<\/p>\n<p style=\"text-align: justify;\">\u00a0\u201cLa gesti\u00f3n en educaci\u00f3n ha sido un desastre. Hoy tenemos ausentismo, deserci\u00f3n escolar y problemas de aprendizaje. Pese a aquello, el Ministro y este Gobierno han priorizado una agenda totalmente ideologizada, que deja mucho que desear a la hora de compararla con las reales prioridades de las familias\u201d se\u00f1al\u00f3 Raphael<\/p>\n<p style=\"text-align: justify;\">La Diputada de Renovaci\u00f3n Nacional (RN), espera que durante la discusi\u00f3n de la Acusaci\u00f3n Constitucional prime la cordura y el sentido com\u00fan, y que esta sea aprobada y avance al senado. \u201cac\u00e1 hay una acusaci\u00f3n constitucional seria y con argumentos jur\u00eddicos de sobra. Esto se suma a la p\u00e9sima gesti\u00f3n en materia educacional de este gobierno y tambi\u00e9n las irregularidades presentes en la JUNAEB, que demuestran un abandono al rol fiscalizador que debe tener el Ministro\u201d sentenci\u00f3 Raphael.<\/p>\n<\/div><\/section><\/div><div  style='height:50px' class='hr hr-invisible   avia-builder-el-6  el_after_av_one_full  el_before_av_social_share '><span class='hr-inner ' ><span class='hr-inner-style'><\/span><\/span><\/div><\/p>\n<div  class='av-social-sharing-box  avia-builder-el-7  el_after_av_hr  el_before_av_hr  '><div class='av-share-box'><h5 class='av-share-link-description av-no-toc '>Compartir esta noticia<\/h5><ul class='av-share-box-list noLightbox'><li class='av-share-link av-social-link-facebook' ><a target=\"_blank\" aria-label=\"Compartir en Facebook\" href='https:\/\/www.facebook.com\/sharer.php?u=https:\/\/radiorevelacionfm.cl\/?p=32872&#038;t=Raphael%20adportas%20de%20la%20Acusaci%C3%B3n%20Constitucional%3A%20%E2%80%9CLa%20educaci%C3%B3n%20vive%20una%20crisis%20profunda%20y%20el%20Ministro%20no%20ha%20priorizado%20las%20demandas%20reales%20de%20las%20familias%E2%80%9D' aria-hidden='false' data-av_icon='\ue8f3' data-av_iconfont='entypo-fontello' title='' data-avia-related-tooltip='Compartir en Facebook' rel=\"noopener\"><span class='avia_hidden_link_text'>Compartir en Facebook<\/span><\/a><\/li><li class='av-share-link av-social-link-twitter' ><a target=\"_blank\" aria-label=\"Compartir en Twitter\" href='https:\/\/twitter.com\/share?text=Raphael%20adportas%20de%20la%20Acusaci%C3%B3n%20Constitucional%3A%20%E2%80%9CLa%20educaci%C3%B3n%20vive%20una%20crisis%20profunda%20y%20el%20Ministro%20no%20ha%20priorizado%20las%20demandas%20reales%20de%20las%20familias%E2%80%9D&#038;url=https:\/\/radiorevelacionfm.cl\/?p=32872' aria-hidden='false' data-av_icon='\ue8f1' data-av_iconfont='entypo-fontello' title='' data-avia-related-tooltip='Compartir en Twitter' rel=\"noopener\"><span class='avia_hidden_link_text'>Compartir en Twitter<\/span><\/a><\/li><li class='av-share-link av-social-link-whatsapp' ><a target=\"_blank\" aria-label=\"Compartir en Whatsapp\" href='https:\/\/api.whatsapp.com\/send?text=https:\/\/radiorevelacionfm.cl\/?p=32872' aria-hidden='false' data-av_icon='\uf232' data-av_iconfont='entypo-fontello' title='' data-avia-related-tooltip='Compartir en Whatsapp' rel=\"noopener\"><span class='avia_hidden_link_text'>Compartir en Whatsapp<\/span><\/a><\/li><li class='av-share-link av-social-link-linkedin' ><a target=\"_blank\" aria-label=\"Compartir en LinkedIn\" href='https:\/\/linkedin.com\/shareArticle?mini=true&#038;title=Raphael%20adportas%20de%20la%20Acusaci%C3%B3n%20Constitucional%3A%20%E2%80%9CLa%20educaci%C3%B3n%20vive%20una%20crisis%20profunda%20y%20el%20Ministro%20no%20ha%20priorizado%20las%20demandas%20reales%20de%20las%20familias%E2%80%9D&#038;url=https:\/\/radiorevelacionfm.cl\/?p=32872' aria-hidden='false' data-av_icon='\ue8fc' data-av_iconfont='entypo-fontello' title='' data-avia-related-tooltip='Compartir en LinkedIn' rel=\"noopener\"><span class='avia_hidden_link_text'>Compartir en LinkedIn<\/span><\/a><\/li><li class='av-share-link av-social-link-mail' ><a  aria-label=\"Compartir por correo\" href='mailto:?subject=Raphael%20adportas%20de%20la%20Acusaci%C3%B3n%20Constitucional%3A%20%E2%80%9CLa%20educaci%C3%B3n%20vive%20una%20crisis%20profunda%20y%20el%20Ministro%20no%20ha%20priorizado%20las%20demandas%20reales%20de%20las%20familias%E2%80%9D&#038;body=https:\/\/radiorevelacionfm.cl\/?p=32872' aria-hidden='false' data-av_icon='\ue805' data-av_iconfont='entypo-fontello' title='' data-avia-related-tooltip='Compartir por correo'><span class='avia_hidden_link_text'>Compartir por correo<\/span><\/a><\/li><\/ul><\/div><\/div>\n<div  style='height:50px' class='hr hr-invisible   avia-builder-el-8  el_after_av_social_share  el_before_av_comments_list '><span class='hr-inner ' ><span class='hr-inner-style'><\/span><\/span><\/div>\n<div  class='av-buildercomment  av-blog-meta-html-info-disabled av-blog-meta-tag-disabled  '><\/div>\n","protected":false},"excerpt":{"rendered":"","protected":false},"author":1,"featured_media":32873,"comment_status":"open","ping_status":"open","sticky":false,"template":"","format":"standard","meta":{"footnotes":""},"categories":[35],"tags":[],"class_list":["post-32872","post","type-post","status-publish","format-standard","has-post-thumbnail","hentry","category-politica"],"jetpack_featured_media_url":"https:\/\/radiorevelacionfm.cl\/wp-content\/uploads\/2023\/07\/Foto-nota-M.-Raphael-2-2.jpeg","_links":{"self":[{"href":"https:\/\/radiorevelacionfm.cl\/index.php?rest_route=\/wp\/v2\/posts\/32872","targetHints":{"allow":["GET"]}}],"collection":[{"href":"https:\/\/radiorevelacionfm.cl\/index.php?rest_route=\/wp\/v2\/posts"}],"about":[{"href":"https:\/\/radiorevelacionfm.cl\/index.php?rest_route=\/wp\/v2\/types\/post"}],"author":[{"embeddable":true,"href":"https:\/\/radiorevelacionfm.cl\/index.php?rest_route=\/wp\/v2\/users\/1"}],"replies":[{"embeddable":true,"href":"https:\/\/radiorevelacionfm.cl\/index.php?rest_route=%2Fwp%2Fv2%2Fcomments&post=32872"}],"version-history":[{"count":1,"href":"https:\/\/radiorevelacionfm.cl\/index.php?rest_route=\/wp\/v2\/posts\/32872\/revisions"}],"predecessor-version":[{"id":32874,"href":"https:\/\/radiorevelacionfm.cl\/index.php?rest_route=\/wp\/v2\/posts\/32872\/revisions\/32874"}],"wp:featuredmedia":[{"embeddable":true,"href":"https:\/\/radiorevelacionfm.cl\/index.php?rest_route=\/wp\/v2\/media\/32873"}],"wp:attachment":[{"href":"https:\/\/radiorevelacionfm.cl\/index.php?rest_route=%2Fwp%2Fv2%2Fmedia&parent=32872"}],"wp:term":[{"taxonomy":"category","embeddable":true,"href":"https:\/\/radiorevelacionfm.cl\/index.php?rest_route=%2Fwp%2Fv2%2Fcategories&post=32872"},{"taxonomy":"post_tag","embeddable":true,"href":"https:\/\/radiorevelacionfm.cl\/index.php?rest_route=%2Fwp%2Fv2%2Ftags&post=32872"}],"curies":[{"name":"wp","href":"https:\/\/api.w.org\/{rel}","templated":true}]}}