{"id":32869,"date":"2023-07-11T17:12:27","date_gmt":"2023-07-11T20:12:27","guid":{"rendered":"https:\/\/radiorevelacionfm.cl\/?p=32869"},"modified":"2023-07-11T17:12:27","modified_gmt":"2023-07-11T20:12:27","slug":"nueva-casa-mate-entrega-de-maquinaria-y-firma-de-convenios-fril-la-intensa-jornada-de-trabajo-territorial-de-la-gobernadora-en-cochrane","status":"publish","type":"post","link":"https:\/\/radiorevelacionfm.cl\/?p=32869","title":{"rendered":"Nueva Casa Mate, entrega de maquinaria y firma de convenios FRIL: La intensa jornada de trabajo territorial de la Gobernadora en Cochrane"},"content":{"rendered":"<div class=\"flex_column av_one_full  flex_column_div av-zero-column-padding first  avia-builder-el-0  el_before_av_one_full  avia-builder-el-first  \" style='border-radius:0px; '><div  class='avia-image-container  av-styling-    avia-builder-el-1  avia-builder-el-no-sibling  avia-align-center '  itemprop=\"image\" itemscope=\"itemscope\" itemtype=\"https:\/\/schema.org\/ImageObject\"  ><div class='avia-image-container-inner'><div class='avia-image-overlay-wrap'><img decoding=\"async\" class='wp-image-32870 avia-img-lazy-loading-not-32870 avia_image' src=\"https:\/\/radiorevelacionfm.cl\/wp-content\/uploads\/2023\/07\/cochrane-2-2_optimized.jpeg\" alt='' title='cochrane-2-2_optimized' height=\"600\" width=\"1067\"  itemprop=\"thumbnailUrl\" srcset=\"https:\/\/radiorevelacionfm.cl\/wp-content\/uploads\/2023\/07\/cochrane-2-2_optimized.jpeg 1067w, https:\/\/radiorevelacionfm.cl\/wp-content\/uploads\/2023\/07\/cochrane-2-2_optimized-300x169.jpeg 300w, https:\/\/radiorevelacionfm.cl\/wp-content\/uploads\/2023\/07\/cochrane-2-2_optimized-1030x579.jpeg 1030w, https:\/\/radiorevelacionfm.cl\/wp-content\/uploads\/2023\/07\/cochrane-2-2_optimized-768x432.jpeg 768w, https:\/\/radiorevelacionfm.cl\/wp-content\/uploads\/2023\/07\/cochrane-2-2_optimized-705x396.jpeg 705w, https:\/\/radiorevelacionfm.cl\/wp-content\/uploads\/2023\/07\/cochrane-2-2_optimized-450x253.jpeg 450w, https:\/\/radiorevelacionfm.cl\/wp-content\/uploads\/2023\/07\/cochrane-2-2_optimized-600x337.jpeg 600w\" sizes=\"(max-width: 1067px) 100vw, 1067px\" \/><\/div><\/div><\/div><\/div><div class=\"flex_column av_one_full  flex_column_div av-zero-column-padding first  avia-builder-el-2  el_after_av_one_full  el_before_av_one_full  column-top-margin\" style='border-radius:0px; '><section class=\"av_textblock_section \"  itemscope=\"itemscope\" itemtype=\"https:\/\/schema.org\/BlogPosting\" itemprop=\"blogPost\" ><div class='avia_textblock  '   itemprop=\"text\" ><p style=\"text-align: center;\"><strong><span style=\"font-size: 18pt;\">Nueva Casa Mate, entrega de maquinaria y firma de convenios FRIL: La intensa jornada de trabajo territorial de la Gobernadora en Cochrane<\/span><\/strong><\/p>\n<div id=\"gtx-trans\" style=\"position: absolute; left: -50px; top: 4.31534px;\">\n<div class=\"gtx-trans-icon\"><\/div>\n<\/div>\n<\/div><\/section><\/div><div class=\"flex_column av_one_full  flex_column_div av-zero-column-padding first  avia-builder-el-4  el_after_av_one_full  el_before_av_hr  column-top-margin\" style='border-radius:0px; '><section class=\"av_textblock_section \"  itemscope=\"itemscope\" itemtype=\"https:\/\/schema.org\/BlogPosting\" itemprop=\"blogPost\" ><div class='avia_textblock  '   itemprop=\"text\" ><p dir=\"ltr\" style=\"text-align: justify;\">El pasado fin de semana la Gobernadora Regional de Ays\u00e9n, Andrea Mac\u00edas Palma, lleg\u00f3 hasta la comuna de Cochrane, con el objetivo de consagrar y avanzar en los proyectos que est\u00e1 llevando a cabo el Gobierno Regional en la zona, en conjunto con la Municipalidad y organizaciones del sector.<\/p>\n<p dir=\"ltr\" style=\"text-align: justify;\">Una de las iniciativas que la primera autoridad regional pudo dar por concretada fue la entrega de maquinaria para la AG R\u00edo Baker, que hoy ya cuenta con un nuevo cami\u00f3n 4&#215;4 para desarrollar sus actividades productivas. Adem\u00e1s de este veh\u00edculo, a la cooperativa se le entregar\u00e1 tambi\u00e9n pr\u00f3ximamente un tractor y brazo desbrozador.<\/p>\n<p dir=\"ltr\" style=\"text-align: justify;\">\u00abCuando uno habla del rubro ganadero, de la agricultura familiar campesina, cuando hablamos del mercado de la lana, estamos hablando de actividades que fueron las que dieron vida a nuestra regi\u00f3n. Por lo tanto, hacer este aporte como Gobierno Regional tambi\u00e9n tiene que ver con reivindicar a aquellos que llegaron primero, que decidieron habitar estos territorios (&#8230;) y que hoy nos muestran que con tenacidad, con sacrificio, con esfuerzo, pero por sobre todo con el apoyo del Estado, pueden salir adelante\u00bb, coment\u00f3 la Gobernadora Andrea Mac\u00edas Palma tras la ceremonia de entrega del cami\u00f3n.<\/p>\n<p dir=\"ltr\" style=\"text-align: justify;\">Por su parte, el Consejero de la Provincia de Capit\u00e1n Prat, V\u00edctor Escobar, celebr\u00f3 que \u00abel agro en este caso, la actividad productiva, que lleva tanto tiempo la AG R\u00edo Baker con la cooperativa, hoy se ven grandes frutos. La verdad es que pasaron tiempos muy complejos en pandemia, el agro tuvo que salir a buscar nuevas iniciativas, nuevas formas de producir en el campo, y es por esto que el Gobierno Regional, en conjunto con el municipio, logran traer estos equipamientos para que siga trabajando la AG R\u00edo Baker y la cooperativa\u00bb.<\/p>\n<p dir=\"ltr\" style=\"text-align: justify;\">Otro de los proyectos que se est\u00e1n llevando a cabo en la comuna es la construcci\u00f3n de la nueva Casa Mate de Cochrane, que el pasado s\u00e1bado tuvo el hito de la primera piedra de la obra. Si bien la estructura original se conservar\u00e1, al ser parte importante del patrimonio local, se erguir\u00e1 una nueva justo al frente de la antigua, alternativa que fue consultada con toda la comunidad.<\/p>\n<p dir=\"ltr\" style=\"text-align: justify;\">El alcalde de la Municipalidad de Cochrane, Jorge Calder\u00f3n, explic\u00f3 que esta \u00abes parte de las postales de nuestra comuna y que, claramente, dado el deterioro de aquella infraestructura antigua, hemos tomado la decisi\u00f3n del municipio, con financiamiento del Gobierno Regional, de generar una nueva estructura, que permita, precisamente, relevar algo que es tan propio de la Patagonia y de esta tierra del Baker\u00bb.<\/p>\n<p dir=\"ltr\" style=\"text-align: justify;\">\u00abNo solamente en Cochrane, sino que en gran parte de nuestra regi\u00f3n, el mate es un s\u00edmbolo, es una actividad cultural. Quienes venimos de afuera, una de las primeras cosas que nos llama la atenci\u00f3n es c\u00f3mo el mate es parte de la vida diaria de las personas, con el cual tambi\u00e9n se vinculan con sus vecinos y con sus amigos\u00bb, complement\u00f3 el Consejero Regional Jorge Abello.<\/p>\n<p dir=\"ltr\" style=\"text-align: justify;\">Por \u00faltimo, la Gobernadora Regional asisti\u00f3 al Centro Cultural de la localidad, donde se realiz\u00f3 la ceremonia de firma de tres convenios a ejecutarse bajo el marco del Fondo Regional de Iniciativa Local (FRIL): la construcci\u00f3n de la Casa del Deportista, que albergar\u00e1 no s\u00f3lo a organizaciones del rubro y atletas, sino tambi\u00e9n a agrupaciones culturales y sociales; la reposici\u00f3n de la cancha del Club Estrella del Baker; y el mejoramiento de la Plazoleta Antonio Garc\u00eda.<\/p>\n<p dir=\"ltr\" style=\"text-align: justify;\">Sobre la reposici\u00f3n de la cancha, el vicepresidente del Club Estrella del Baker, Ren\u00e9 Parada, sostuvo que \u00abeste proyecto hac\u00eda mucho tiempo que se hab\u00eda desarrollado, pero producto de la pandemia se retrasaron todos los proyectos, as\u00ed que, bueno, estaba todo paralizado y hoy la buena noticia que nos trae la se\u00f1orita Gobernadora es que nuestro proyecto fue aprobado. As\u00ed es que creo que hoy es un d\u00eda de tremenda alegr\u00eda para mi club, mis socios y jugadores van a estar muy felices con respecto a lo que hoy nos va a tocar, el tremendo trabajo y compromiso que vamos a tener como club. As\u00ed que como directivo y como socio antiguo de Estrella del Baker estoy muy contento\u00bb.<\/p>\n<\/div><\/section><\/div><div  style='height:50px' class='hr hr-invisible   avia-builder-el-6  el_after_av_one_full  el_before_av_social_share '><span class='hr-inner ' ><span class='hr-inner-style'><\/span><\/span><\/div><\/p>\n<div  class='av-social-sharing-box  avia-builder-el-7  el_after_av_hr  el_before_av_hr  '><div class='av-share-box'><h5 class='av-share-link-description av-no-toc '>Compartir esta noticia<\/h5><ul class='av-share-box-list noLightbox'><li class='av-share-link av-social-link-facebook' ><a target=\"_blank\" aria-label=\"Compartir en Facebook\" href='https:\/\/www.facebook.com\/sharer.php?u=https:\/\/radiorevelacionfm.cl\/?p=32869&#038;t=Nueva%20Casa%20Mate%2C%20entrega%20de%20maquinaria%20y%20firma%20de%20convenios%20FRIL%3A%20La%20intensa%20jornada%20de%20trabajo%20territorial%20de%20la%20Gobernadora%20en%20Cochrane' aria-hidden='false' data-av_icon='\ue8f3' data-av_iconfont='entypo-fontello' title='' data-avia-related-tooltip='Compartir en Facebook' rel=\"noopener\"><span class='avia_hidden_link_text'>Compartir en Facebook<\/span><\/a><\/li><li class='av-share-link av-social-link-twitter' ><a target=\"_blank\" aria-label=\"Compartir en Twitter\" href='https:\/\/twitter.com\/share?text=Nueva%20Casa%20Mate%2C%20entrega%20de%20maquinaria%20y%20firma%20de%20convenios%20FRIL%3A%20La%20intensa%20jornada%20de%20trabajo%20territorial%20de%20la%20Gobernadora%20en%20Cochrane&#038;url=https:\/\/radiorevelacionfm.cl\/?p=32869' aria-hidden='false' data-av_icon='\ue8f1' data-av_iconfont='entypo-fontello' title='' data-avia-related-tooltip='Compartir en Twitter' rel=\"noopener\"><span class='avia_hidden_link_text'>Compartir en Twitter<\/span><\/a><\/li><li class='av-share-link av-social-link-whatsapp' ><a target=\"_blank\" aria-label=\"Compartir en Whatsapp\" href='https:\/\/api.whatsapp.com\/send?text=https:\/\/radiorevelacionfm.cl\/?p=32869' aria-hidden='false' data-av_icon='\uf232' data-av_iconfont='entypo-fontello' title='' data-avia-related-tooltip='Compartir en Whatsapp' rel=\"noopener\"><span class='avia_hidden_link_text'>Compartir en Whatsapp<\/span><\/a><\/li><li class='av-share-link av-social-link-linkedin' ><a target=\"_blank\" aria-label=\"Compartir en LinkedIn\" href='https:\/\/linkedin.com\/shareArticle?mini=true&#038;title=Nueva%20Casa%20Mate%2C%20entrega%20de%20maquinaria%20y%20firma%20de%20convenios%20FRIL%3A%20La%20intensa%20jornada%20de%20trabajo%20territorial%20de%20la%20Gobernadora%20en%20Cochrane&#038;url=https:\/\/radiorevelacionfm.cl\/?p=32869' aria-hidden='false' data-av_icon='\ue8fc' data-av_iconfont='entypo-fontello' title='' data-avia-related-tooltip='Compartir en LinkedIn' rel=\"noopener\"><span class='avia_hidden_link_text'>Compartir en LinkedIn<\/span><\/a><\/li><li class='av-share-link av-social-link-mail' ><a  aria-label=\"Compartir por correo\" href='mailto:?subject=Nueva%20Casa%20Mate%2C%20entrega%20de%20maquinaria%20y%20firma%20de%20convenios%20FRIL%3A%20La%20intensa%20jornada%20de%20trabajo%20territorial%20de%20la%20Gobernadora%20en%20Cochrane&#038;body=https:\/\/radiorevelacionfm.cl\/?p=32869' aria-hidden='false' data-av_icon='\ue805' data-av_iconfont='entypo-fontello' title='' data-avia-related-tooltip='Compartir por correo'><span class='avia_hidden_link_text'>Compartir por correo<\/span><\/a><\/li><\/ul><\/div><\/div>\n<div  style='height:50px' class='hr hr-invisible   avia-builder-el-8  el_after_av_social_share  el_before_av_comments_list '><span class='hr-inner ' ><span class='hr-inner-style'><\/span><\/span><\/div>\n<div  class='av-buildercomment  av-blog-meta-html-info-disabled av-blog-meta-tag-disabled  '><\/div>\n","protected":false},"excerpt":{"rendered":"","protected":false},"author":1,"featured_media":32870,"comment_status":"open","ping_status":"open","sticky":false,"template":"","format":"standard","meta":{"footnotes":""},"categories":[38],"tags":[],"class_list":["post-32869","post","type-post","status-publish","format-standard","has-post-thumbnail","hentry","category-regional"],"jetpack_featured_media_url":"https:\/\/radiorevelacionfm.cl\/wp-content\/uploads\/2023\/07\/cochrane-2-2_optimized.jpeg","_links":{"self":[{"href":"https:\/\/radiorevelacionfm.cl\/index.php?rest_route=\/wp\/v2\/posts\/32869","targetHints":{"allow":["GET"]}}],"collection":[{"href":"https:\/\/radiorevelacionfm.cl\/index.php?rest_route=\/wp\/v2\/posts"}],"about":[{"href":"https:\/\/radiorevelacionfm.cl\/index.php?rest_route=\/wp\/v2\/types\/post"}],"author":[{"embeddable":true,"href":"https:\/\/radiorevelacionfm.cl\/index.php?rest_route=\/wp\/v2\/users\/1"}],"replies":[{"embeddable":true,"href":"https:\/\/radiorevelacionfm.cl\/index.php?rest_route=%2Fwp%2Fv2%2Fcomments&post=32869"}],"version-history":[{"count":1,"href":"https:\/\/radiorevelacionfm.cl\/index.php?rest_route=\/wp\/v2\/posts\/32869\/revisions"}],"predecessor-version":[{"id":32871,"href":"https:\/\/radiorevelacionfm.cl\/index.php?rest_route=\/wp\/v2\/posts\/32869\/revisions\/32871"}],"wp:featuredmedia":[{"embeddable":true,"href":"https:\/\/radiorevelacionfm.cl\/index.php?rest_route=\/wp\/v2\/media\/32870"}],"wp:attachment":[{"href":"https:\/\/radiorevelacionfm.cl\/index.php?rest_route=%2Fwp%2Fv2%2Fmedia&parent=32869"}],"wp:term":[{"taxonomy":"category","embeddable":true,"href":"https:\/\/radiorevelacionfm.cl\/index.php?rest_route=%2Fwp%2Fv2%2Fcategories&post=32869"},{"taxonomy":"post_tag","embeddable":true,"href":"https:\/\/radiorevelacionfm.cl\/index.php?rest_route=%2Fwp%2Fv2%2Ftags&post=32869"}],"curies":[{"name":"wp","href":"https:\/\/api.w.org\/{rel}","templated":true}]}}