{"id":32863,"date":"2023-07-11T16:45:38","date_gmt":"2023-07-11T19:45:38","guid":{"rendered":"https:\/\/radiorevelacionfm.cl\/?p=32863"},"modified":"2023-07-11T16:45:38","modified_gmt":"2023-07-11T19:45:38","slug":"en-puerto-cisnes-se-realiza-la-primera-asamblea-de-nineces","status":"publish","type":"post","link":"https:\/\/radiorevelacionfm.cl\/?p=32863","title":{"rendered":"En Puerto Cisnes se realiza la Primera Asamblea de Ni\u00f1eces"},"content":{"rendered":"<div class=\"flex_column av_one_full  flex_column_div av-zero-column-padding first  avia-builder-el-0  el_before_av_one_full  avia-builder-el-first  \" style='border-radius:0px; '><div  class='avia-image-container  av-styling-    avia-builder-el-1  avia-builder-el-no-sibling  avia-align-center '  itemprop=\"image\" itemscope=\"itemscope\" itemtype=\"https:\/\/schema.org\/ImageObject\"  ><div class='avia-image-container-inner'><div class='avia-image-overlay-wrap'><img decoding=\"async\" class='wp-image-32864 avia-img-lazy-loading-not-32864 avia_image' src=\"https:\/\/radiorevelacionfm.cl\/wp-content\/uploads\/2023\/07\/img_0092-2_optimized-2.jpg\" alt='' title='img_0092-2_optimized-2' height=\"600\" width=\"900\"  itemprop=\"thumbnailUrl\" srcset=\"https:\/\/radiorevelacionfm.cl\/wp-content\/uploads\/2023\/07\/img_0092-2_optimized-2.jpg 900w, https:\/\/radiorevelacionfm.cl\/wp-content\/uploads\/2023\/07\/img_0092-2_optimized-2-300x200.jpg 300w, https:\/\/radiorevelacionfm.cl\/wp-content\/uploads\/2023\/07\/img_0092-2_optimized-2-768x512.jpg 768w, https:\/\/radiorevelacionfm.cl\/wp-content\/uploads\/2023\/07\/img_0092-2_optimized-2-705x470.jpg 705w, https:\/\/radiorevelacionfm.cl\/wp-content\/uploads\/2023\/07\/img_0092-2_optimized-2-450x300.jpg 450w, https:\/\/radiorevelacionfm.cl\/wp-content\/uploads\/2023\/07\/img_0092-2_optimized-2-600x400.jpg 600w\" sizes=\"(max-width: 900px) 100vw, 900px\" \/><\/div><\/div><\/div><\/div><div class=\"flex_column av_one_full  flex_column_div av-zero-column-padding first  avia-builder-el-2  el_after_av_one_full  el_before_av_one_full  column-top-margin\" style='border-radius:0px; '><section class=\"av_textblock_section \"  itemscope=\"itemscope\" itemtype=\"https:\/\/schema.org\/BlogPosting\" itemprop=\"blogPost\" ><div class='avia_textblock  '   itemprop=\"text\" ><div style=\"text-align: center;\"><span style=\"font-size: 18pt;\"><b>En Puerto Cisnes se realiza la Primera Asamblea de Ni\u00f1eces<\/b><\/span><\/div>\n<div id=\"gtx-trans\" style=\"position: absolute; left: -50px; top: 4.31534px;\">\n<div class=\"gtx-trans-icon\"><\/div>\n<\/div>\n<\/div><\/section><\/div><div class=\"flex_column av_one_full  flex_column_div av-zero-column-padding first  avia-builder-el-4  el_after_av_one_full  el_before_av_hr  column-top-margin\" style='border-radius:0px; '><section class=\"av_textblock_section \"  itemscope=\"itemscope\" itemtype=\"https:\/\/schema.org\/BlogPosting\" itemprop=\"blogPost\" ><div class='avia_textblock  '   itemprop=\"text\" ><p style=\"text-align: justify;\">La Asamblea de ni\u00f1os, ni\u00f1as y ni\u00f1es se ejecut\u00f3 el d\u00eda lunes 3 de julio 2023 a las\u00a0 11:00 horas en el Espacio Educativo Micelio en la localidad de Puerto Cisnes.<\/p>\n<p style=\"text-align: justify;\">La actividad se organiz\u00f3 y llev\u00f3 a cabo por la Consultora Confluencia en conjunto con Espacio Educativo Micelio. Esta experiencia se enmarc\u00f3 con el objetivo de escuchar y visibilizar las opiniones, intereses y necesidades de las ni\u00f1eces en el espacio que habitan en un ambiente de cobijo y confianza, permiti\u00e9ndoles que ellos\/as se comuniquen con el mundo de la adultez. Un mundo que parece separado de las ni\u00f1eces, que en ocasiones, subestima e invisibiliza sus opiniones, pensamientos, deseos, anhelos, desde esta perspectiva, es esencial reconocer y resignificar que junto a las ni\u00f1eces habitamos el mismo mundo ambiental, social, cultural y pol\u00edtico, por ello es realmente necesario hacerles part\u00edcipes del propio mundo que habitan, como\u00a0 un derecho humano, respetando todas las etapas de su desarrollo integral.<\/p>\n<p style=\"text-align: justify;\">Por otra parte, es esencial mencionar, que el equipo a cargo de la experiencia, se inspir\u00f3 en la publicaci\u00f3n de la Ciudad de los ni\u00f1os del educador Francisco\u00a0 Tonnuci.<\/p>\n<p style=\"text-align: justify;\">Desde esta mirada, Espacio educativo Micelio, Consultora confluencia y equipo que lo propicia, pulsa la\u00a0 necesidad de abrir un espacio a las sensibilidades de las ni\u00f1eces frente a su visi\u00f3n\u00a0 del territorio que habitan.<\/p>\n<p style=\"text-align: justify;\">\u00bfCu\u00e1nto son escuchadas y consideradas sus necesidades e intereses en las decisiones pol\u00edticas?,<\/p>\n<p style=\"text-align: justify;\">\u00bfEn la pr\u00e1ctica de la \u201cdemocracia\u201d ellos\/as\u00a0 son agentes que se consideran como ciudadanos\/pobladores\/as activos?,<\/p>\n<p style=\"text-align: justify;\">\u00bfQu\u00e9 mirada nos puede aportar la infancia, que c\u00f3mo adultos\/as no logramos ver?.<\/p>\n<p style=\"text-align: justify;\">Estas y otras interrogantes, nos invitan a crear estos espacios, asambleas que de\u00a0 forma respetuosa, cuidadosa y contenedora consideran a nuestros\/as participantes,\u00a0 como seres activos y conscientes seg\u00fan sus diferentes etapas de desarrollo. \u201cGianni Rodari hablaba de un o\u00eddo \u00abverde\u00bbque los adultos deber\u00edan tener para saber\u00a0 escuchar a los ni\u00f1os. Hace falta mucha curiosidad, atenci\u00f3n, sensibilidad, sencillez. Hace falta creer que los ni\u00f1os tienen algo que decirnos y que damos, y que este algo es distinto de lo que sabemos y de lo que sabemos hacer los adultos, y que entonces vale la pena ponerlos en condici\u00f3n de expresar lo que piensan realmente. Para lograr esto, es necesario ayudar a los ni\u00f1os a liberarse de los estereotipos, de\u00a0 las respuestas obvias y triviales de la televisi\u00f3n y el mal ejemplo de los adultos, en\u00a0 la casa, en la escuela, en la ciudad le han impuesto a sus ojos, ocultando sus\u00a0 deseos, su creatividad. Es necesario llevar de nuevo a los ni\u00f1os a que se atrevan, a que deseen, a que inventen, y entonces surgir\u00e1n las ideas, las propuestas, las\u00a0 contribuciones. Adem\u00e1s, es necesario comprender a los ni\u00f1os, yendo m\u00e1s all\u00e1 de\u00a0 la aparente intrascendencia de sus propuestas. As\u00ed, estas ideas nos permitir\u00e1n\u00a0 hacer mejor la ciudad de todos y no s\u00f3lo tener en cuenta las exigencias de los\u00a0 ni\u00f1os\u201d<sup>1<\/sup><\/p>\n<p style=\"text-align: justify;\">Esta primera experiencia se espera pueda continuar en el tiempo y extenderla a\u00a0 toda la regi\u00f3n de Ays\u00e9n, para formar el h\u00e1bito de escucharnos y que las ni\u00f1eces\u00a0 participen de las pol\u00edticas p\u00fablicas como actores\/as sociales.<\/p>\n<p style=\"text-align: justify;\">El Resultado de esta\u00a0 asamblea se ver\u00e1 reflejado en un informe que se har\u00e1 llegar las instituciones\u00a0pertinentes, donde se espera realizar un trabajo conjunto.<\/p>\n<\/div><\/section><\/div><div  style='height:50px' class='hr hr-invisible   avia-builder-el-6  el_after_av_one_full  el_before_av_social_share '><span class='hr-inner ' ><span class='hr-inner-style'><\/span><\/span><\/div><\/p>\n<div  class='av-social-sharing-box  avia-builder-el-7  el_after_av_hr  el_before_av_hr  '><div class='av-share-box'><h5 class='av-share-link-description av-no-toc '>Compartir esta noticia<\/h5><ul class='av-share-box-list noLightbox'><li class='av-share-link av-social-link-facebook' ><a target=\"_blank\" aria-label=\"Compartir en Facebook\" href='https:\/\/www.facebook.com\/sharer.php?u=https:\/\/radiorevelacionfm.cl\/?p=32863&#038;t=En%20Puerto%20Cisnes%20se%20realiza%20la%20Primera%20Asamblea%20de%20Ni%C3%B1eces' aria-hidden='false' data-av_icon='\ue8f3' data-av_iconfont='entypo-fontello' title='' data-avia-related-tooltip='Compartir en Facebook' rel=\"noopener\"><span class='avia_hidden_link_text'>Compartir en Facebook<\/span><\/a><\/li><li class='av-share-link av-social-link-twitter' ><a target=\"_blank\" aria-label=\"Compartir en Twitter\" href='https:\/\/twitter.com\/share?text=En%20Puerto%20Cisnes%20se%20realiza%20la%20Primera%20Asamblea%20de%20Ni%C3%B1eces&#038;url=https:\/\/radiorevelacionfm.cl\/?p=32863' aria-hidden='false' data-av_icon='\ue8f1' data-av_iconfont='entypo-fontello' title='' data-avia-related-tooltip='Compartir en Twitter' rel=\"noopener\"><span class='avia_hidden_link_text'>Compartir en Twitter<\/span><\/a><\/li><li class='av-share-link av-social-link-whatsapp' ><a target=\"_blank\" aria-label=\"Compartir en Whatsapp\" href='https:\/\/api.whatsapp.com\/send?text=https:\/\/radiorevelacionfm.cl\/?p=32863' aria-hidden='false' data-av_icon='\uf232' data-av_iconfont='entypo-fontello' title='' data-avia-related-tooltip='Compartir en Whatsapp' rel=\"noopener\"><span class='avia_hidden_link_text'>Compartir en Whatsapp<\/span><\/a><\/li><li class='av-share-link av-social-link-linkedin' ><a target=\"_blank\" aria-label=\"Compartir en LinkedIn\" href='https:\/\/linkedin.com\/shareArticle?mini=true&#038;title=En%20Puerto%20Cisnes%20se%20realiza%20la%20Primera%20Asamblea%20de%20Ni%C3%B1eces&#038;url=https:\/\/radiorevelacionfm.cl\/?p=32863' aria-hidden='false' data-av_icon='\ue8fc' data-av_iconfont='entypo-fontello' title='' data-avia-related-tooltip='Compartir en LinkedIn' rel=\"noopener\"><span class='avia_hidden_link_text'>Compartir en LinkedIn<\/span><\/a><\/li><li class='av-share-link av-social-link-mail' ><a  aria-label=\"Compartir por correo\" href='mailto:?subject=En%20Puerto%20Cisnes%20se%20realiza%20la%20Primera%20Asamblea%20de%20Ni%C3%B1eces&#038;body=https:\/\/radiorevelacionfm.cl\/?p=32863' aria-hidden='false' data-av_icon='\ue805' data-av_iconfont='entypo-fontello' title='' data-avia-related-tooltip='Compartir por correo'><span class='avia_hidden_link_text'>Compartir por correo<\/span><\/a><\/li><\/ul><\/div><\/div>\n<div  style='height:50px' class='hr hr-invisible   avia-builder-el-8  el_after_av_social_share  el_before_av_comments_list '><span class='hr-inner ' ><span class='hr-inner-style'><\/span><\/span><\/div>\n<div  class='av-buildercomment  av-blog-meta-html-info-disabled av-blog-meta-tag-disabled  '><\/div>\n","protected":false},"excerpt":{"rendered":"","protected":false},"author":1,"featured_media":32864,"comment_status":"open","ping_status":"open","sticky":false,"template":"","format":"standard","meta":{"footnotes":""},"categories":[38],"tags":[],"class_list":["post-32863","post","type-post","status-publish","format-standard","has-post-thumbnail","hentry","category-regional"],"jetpack_featured_media_url":"https:\/\/radiorevelacionfm.cl\/wp-content\/uploads\/2023\/07\/img_0092-2_optimized-2.jpg","_links":{"self":[{"href":"https:\/\/radiorevelacionfm.cl\/index.php?rest_route=\/wp\/v2\/posts\/32863","targetHints":{"allow":["GET"]}}],"collection":[{"href":"https:\/\/radiorevelacionfm.cl\/index.php?rest_route=\/wp\/v2\/posts"}],"about":[{"href":"https:\/\/radiorevelacionfm.cl\/index.php?rest_route=\/wp\/v2\/types\/post"}],"author":[{"embeddable":true,"href":"https:\/\/radiorevelacionfm.cl\/index.php?rest_route=\/wp\/v2\/users\/1"}],"replies":[{"embeddable":true,"href":"https:\/\/radiorevelacionfm.cl\/index.php?rest_route=%2Fwp%2Fv2%2Fcomments&post=32863"}],"version-history":[{"count":1,"href":"https:\/\/radiorevelacionfm.cl\/index.php?rest_route=\/wp\/v2\/posts\/32863\/revisions"}],"predecessor-version":[{"id":32865,"href":"https:\/\/radiorevelacionfm.cl\/index.php?rest_route=\/wp\/v2\/posts\/32863\/revisions\/32865"}],"wp:featuredmedia":[{"embeddable":true,"href":"https:\/\/radiorevelacionfm.cl\/index.php?rest_route=\/wp\/v2\/media\/32864"}],"wp:attachment":[{"href":"https:\/\/radiorevelacionfm.cl\/index.php?rest_route=%2Fwp%2Fv2%2Fmedia&parent=32863"}],"wp:term":[{"taxonomy":"category","embeddable":true,"href":"https:\/\/radiorevelacionfm.cl\/index.php?rest_route=%2Fwp%2Fv2%2Fcategories&post=32863"},{"taxonomy":"post_tag","embeddable":true,"href":"https:\/\/radiorevelacionfm.cl\/index.php?rest_route=%2Fwp%2Fv2%2Ftags&post=32863"}],"curies":[{"name":"wp","href":"https:\/\/api.w.org\/{rel}","templated":true}]}}