{"id":32860,"date":"2023-07-11T22:15:13","date_gmt":"2023-07-12T01:15:13","guid":{"rendered":"https:\/\/radiorevelacionfm.cl\/?p=32860"},"modified":"2023-07-11T22:15:13","modified_gmt":"2023-07-12T01:15:13","slug":"cesfam-de-puerto-aysen-invita-al-primer-encuentro-de-salud-comunitaria-para-el-sector-rojo","status":"publish","type":"post","link":"https:\/\/radiorevelacionfm.cl\/?p=32860","title":{"rendered":"CESFAM de Puerto Ays\u00e9n invita al primer encuentro de Salud Comunitaria para el sector Rojo"},"content":{"rendered":"<div class=\"flex_column av_one_full  flex_column_div av-zero-column-padding first  avia-builder-el-0  el_before_av_one_full  avia-builder-el-first  \" style='border-radius:0px; '><div  class='avia-image-container  av-styling-    avia-builder-el-1  avia-builder-el-no-sibling  avia-align-center '  itemprop=\"image\" itemscope=\"itemscope\" itemtype=\"https:\/\/schema.org\/ImageObject\"  ><div class='avia-image-container-inner'><div class='avia-image-overlay-wrap'><img decoding=\"async\" class='wp-image-32861 avia-img-lazy-loading-not-32861 avia_image' src=\"https:\/\/radiorevelacionfm.cl\/wp-content\/uploads\/2023\/07\/img-cesfam-contexto-2-2.jpeg\" alt='' title='img-cesfam-contexto-2-2' height=\"600\" width=\"800\"  itemprop=\"thumbnailUrl\" srcset=\"https:\/\/radiorevelacionfm.cl\/wp-content\/uploads\/2023\/07\/img-cesfam-contexto-2-2.jpeg 800w, https:\/\/radiorevelacionfm.cl\/wp-content\/uploads\/2023\/07\/img-cesfam-contexto-2-2-300x225.jpeg 300w, https:\/\/radiorevelacionfm.cl\/wp-content\/uploads\/2023\/07\/img-cesfam-contexto-2-2-768x576.jpeg 768w, https:\/\/radiorevelacionfm.cl\/wp-content\/uploads\/2023\/07\/img-cesfam-contexto-2-2-705x529.jpeg 705w, https:\/\/radiorevelacionfm.cl\/wp-content\/uploads\/2023\/07\/img-cesfam-contexto-2-2-450x338.jpeg 450w, https:\/\/radiorevelacionfm.cl\/wp-content\/uploads\/2023\/07\/img-cesfam-contexto-2-2-600x450.jpeg 600w\" sizes=\"(max-width: 800px) 100vw, 800px\" \/><\/div><\/div><\/div><\/div><div class=\"flex_column av_one_full  flex_column_div av-zero-column-padding first  avia-builder-el-2  el_after_av_one_full  el_before_av_one_full  column-top-margin\" style='border-radius:0px; '><section class=\"av_textblock_section \"  itemscope=\"itemscope\" itemtype=\"https:\/\/schema.org\/BlogPosting\" itemprop=\"blogPost\" ><div class='avia_textblock  '   itemprop=\"text\" ><p style=\"text-align: center;\"><span style=\"font-size: 18pt;\"><strong>CESFAM de Puerto Ays\u00e9n invita al primer encuentro de Salud Comunitaria para el sector Rojo <\/strong><\/span><\/p>\n<div id=\"gtx-trans\" style=\"position: absolute; left: -50px; top: 4.31534px;\">\n<div class=\"gtx-trans-icon\"><\/div>\n<\/div>\n<\/div><\/section><\/div><div class=\"flex_column av_one_full  flex_column_div av-zero-column-padding first  avia-builder-el-4  el_after_av_one_full  el_before_av_hr  column-top-margin\" style='border-radius:0px; '><section class=\"av_textblock_section \"  itemscope=\"itemscope\" itemtype=\"https:\/\/schema.org\/BlogPosting\" itemprop=\"blogPost\" ><div class='avia_textblock  '   itemprop=\"text\" ><p style=\"text-align: justify;\">El pr\u00f3ximo mi\u00e9rcoles 12 de julio desde las 18:00 horas en la Sede del Sector Camino Viejo (Quitralco con Tte. Merino) en Puerto Ays\u00e9n, se dar\u00e1 inicio al ciclo de \u201cEncuentros de Salud Comunitaria\u201d, una orientaci\u00f3n t\u00e9cnica del Ministerio de Salud y que el CESFAM de Puerto Ays\u00e9n busca instalar con sus usuarios para abordar de forma pertinente y cercana los problemas de salud que presentan los vecinos y vecinas de Ays\u00e9n en los distintos pol\u00edgonos que conforman los sectores del establecimiento. En esta oportunidad, la instancia corresponde al sector Rojo y la invitaci\u00f3n se extiende, tanto a las dirigencias sociales como tambi\u00e9n a los usuarios que busquen interiorizarse de las acciones que realiza el CESFAM.<\/p>\n<p style=\"text-align: justify;\">Sobre este hito, el encargado de Participaci\u00f3n Ciudadana, Johnny Llaip\u00e9n Alvarado, destac\u00f3 que estos encuentros se enmarcan dentro de la estrategia del Modelo de Atenci\u00f3n Integral de Salud, lo cual \u201cimplica que todos los equipos de los sectores tienen un trabajo con la comunidad. Eso se traduce, en reunirse con dirigentes, con los vecinos para informar como es el trabajo interno de cada uno de los equipos\u201d. Llaip\u00e9n, adem\u00e1s explic\u00f3 que, \u201cen estas instancias, trabajan y coordinan acciones de salud en los territorios, en las sedes comunitarias y para eso espacios es donde se definen qu\u00e9 tipo de operativos. Por ejemplo, los EMPA, EMPAM, los PAP los que se pueden calendarizar en esas instancias con los vecinos y dirigentes\u201d.<\/p>\n<p style=\"text-align: justify;\">El reconocido trabajador social de la comuna porte\u00f1a extendi\u00f3 la invitaci\u00f3n a quienes viven en las unidades vecinales de: Pedro Aguirre Cerda, Gabriela Mistral, Camino viejo, Villas de Ays\u00e9n, Jorge Ibar, Villa Chilo\u00e9 y Villa Espa\u00f1a a formar parte de esta instancia. Con ello, declar\u00f3 que quienes est\u00e1n convocados son \u201cprimero los dirigentes de cada uno de los sectores, dirigentes de Junta de Vecinos, Club de Adulto Mayor (personas mayores), principalmente. Pero tambi\u00e9n, se llama a participar a los vecinos de estos sectores para que tambi\u00e9n se interiorice del funcionamiento de los equipos de salud y salgan todos de sus dudas y consultas respecto de los programas cr\u00f3nicos, de salud mental, de todos los programas del ciclo vital que tiene el CESFAM\u201d, puntualiz\u00f3 el profesional aysenino.<\/p>\n<\/div><\/section><\/div><div  style='height:50px' class='hr hr-invisible   avia-builder-el-6  el_after_av_one_full  el_before_av_social_share '><span class='hr-inner ' ><span class='hr-inner-style'><\/span><\/span><\/div><\/p>\n<div  class='av-social-sharing-box  avia-builder-el-7  el_after_av_hr  el_before_av_hr  '><div class='av-share-box'><h5 class='av-share-link-description av-no-toc '>Compartir esta noticia<\/h5><ul class='av-share-box-list noLightbox'><li class='av-share-link av-social-link-facebook' ><a target=\"_blank\" aria-label=\"Compartir en Facebook\" href='https:\/\/www.facebook.com\/sharer.php?u=https:\/\/radiorevelacionfm.cl\/?p=32860&#038;t=CESFAM%20de%20Puerto%20Ays%C3%A9n%20invita%20al%20primer%20encuentro%20de%20Salud%20Comunitaria%20para%20el%20sector%20Rojo' aria-hidden='false' data-av_icon='\ue8f3' data-av_iconfont='entypo-fontello' title='' data-avia-related-tooltip='Compartir en Facebook' rel=\"noopener\"><span class='avia_hidden_link_text'>Compartir en Facebook<\/span><\/a><\/li><li class='av-share-link av-social-link-twitter' ><a target=\"_blank\" aria-label=\"Compartir en Twitter\" href='https:\/\/twitter.com\/share?text=CESFAM%20de%20Puerto%20Ays%C3%A9n%20invita%20al%20primer%20encuentro%20de%20Salud%20Comunitaria%20para%20el%20sector%20Rojo&#038;url=https:\/\/radiorevelacionfm.cl\/?p=32860' aria-hidden='false' data-av_icon='\ue8f1' data-av_iconfont='entypo-fontello' title='' data-avia-related-tooltip='Compartir en Twitter' rel=\"noopener\"><span class='avia_hidden_link_text'>Compartir en Twitter<\/span><\/a><\/li><li class='av-share-link av-social-link-whatsapp' ><a target=\"_blank\" aria-label=\"Compartir en Whatsapp\" href='https:\/\/api.whatsapp.com\/send?text=https:\/\/radiorevelacionfm.cl\/?p=32860' aria-hidden='false' data-av_icon='\uf232' data-av_iconfont='entypo-fontello' title='' data-avia-related-tooltip='Compartir en Whatsapp' rel=\"noopener\"><span class='avia_hidden_link_text'>Compartir en Whatsapp<\/span><\/a><\/li><li class='av-share-link av-social-link-linkedin' ><a target=\"_blank\" aria-label=\"Compartir en LinkedIn\" href='https:\/\/linkedin.com\/shareArticle?mini=true&#038;title=CESFAM%20de%20Puerto%20Ays%C3%A9n%20invita%20al%20primer%20encuentro%20de%20Salud%20Comunitaria%20para%20el%20sector%20Rojo&#038;url=https:\/\/radiorevelacionfm.cl\/?p=32860' aria-hidden='false' data-av_icon='\ue8fc' data-av_iconfont='entypo-fontello' title='' data-avia-related-tooltip='Compartir en LinkedIn' rel=\"noopener\"><span class='avia_hidden_link_text'>Compartir en LinkedIn<\/span><\/a><\/li><li class='av-share-link av-social-link-mail' ><a  aria-label=\"Compartir por correo\" href='mailto:?subject=CESFAM%20de%20Puerto%20Ays%C3%A9n%20invita%20al%20primer%20encuentro%20de%20Salud%20Comunitaria%20para%20el%20sector%20Rojo&#038;body=https:\/\/radiorevelacionfm.cl\/?p=32860' aria-hidden='false' data-av_icon='\ue805' data-av_iconfont='entypo-fontello' title='' data-avia-related-tooltip='Compartir por correo'><span class='avia_hidden_link_text'>Compartir por correo<\/span><\/a><\/li><\/ul><\/div><\/div>\n<div  style='height:50px' class='hr hr-invisible   avia-builder-el-8  el_after_av_social_share  el_before_av_comments_list '><span class='hr-inner ' ><span class='hr-inner-style'><\/span><\/span><\/div>\n<div  class='av-buildercomment  av-blog-meta-html-info-disabled av-blog-meta-tag-disabled  '><\/div>\n","protected":false},"excerpt":{"rendered":"","protected":false},"author":1,"featured_media":32861,"comment_status":"open","ping_status":"open","sticky":false,"template":"","format":"standard","meta":{"footnotes":""},"categories":[46],"tags":[],"class_list":["post-32860","post","type-post","status-publish","format-standard","has-post-thumbnail","hentry","category-salud"],"jetpack_featured_media_url":"https:\/\/radiorevelacionfm.cl\/wp-content\/uploads\/2023\/07\/img-cesfam-contexto-2-2.jpeg","_links":{"self":[{"href":"https:\/\/radiorevelacionfm.cl\/index.php?rest_route=\/wp\/v2\/posts\/32860","targetHints":{"allow":["GET"]}}],"collection":[{"href":"https:\/\/radiorevelacionfm.cl\/index.php?rest_route=\/wp\/v2\/posts"}],"about":[{"href":"https:\/\/radiorevelacionfm.cl\/index.php?rest_route=\/wp\/v2\/types\/post"}],"author":[{"embeddable":true,"href":"https:\/\/radiorevelacionfm.cl\/index.php?rest_route=\/wp\/v2\/users\/1"}],"replies":[{"embeddable":true,"href":"https:\/\/radiorevelacionfm.cl\/index.php?rest_route=%2Fwp%2Fv2%2Fcomments&post=32860"}],"version-history":[{"count":1,"href":"https:\/\/radiorevelacionfm.cl\/index.php?rest_route=\/wp\/v2\/posts\/32860\/revisions"}],"predecessor-version":[{"id":32862,"href":"https:\/\/radiorevelacionfm.cl\/index.php?rest_route=\/wp\/v2\/posts\/32860\/revisions\/32862"}],"wp:featuredmedia":[{"embeddable":true,"href":"https:\/\/radiorevelacionfm.cl\/index.php?rest_route=\/wp\/v2\/media\/32861"}],"wp:attachment":[{"href":"https:\/\/radiorevelacionfm.cl\/index.php?rest_route=%2Fwp%2Fv2%2Fmedia&parent=32860"}],"wp:term":[{"taxonomy":"category","embeddable":true,"href":"https:\/\/radiorevelacionfm.cl\/index.php?rest_route=%2Fwp%2Fv2%2Fcategories&post=32860"},{"taxonomy":"post_tag","embeddable":true,"href":"https:\/\/radiorevelacionfm.cl\/index.php?rest_route=%2Fwp%2Fv2%2Ftags&post=32860"}],"curies":[{"name":"wp","href":"https:\/\/api.w.org\/{rel}","templated":true}]}}