{"id":32857,"date":"2023-07-11T20:36:06","date_gmt":"2023-07-11T23:36:06","guid":{"rendered":"https:\/\/radiorevelacionfm.cl\/?p=32857"},"modified":"2023-07-11T20:36:06","modified_gmt":"2023-07-11T23:36:06","slug":"comunidad-de-manihuales-se-prepara-para-celebrar-con-fondas-dieciocheras-en-la-localidad","status":"publish","type":"post","link":"https:\/\/radiorevelacionfm.cl\/?p=32857","title":{"rendered":"Comunidad de Ma\u00f1ihuales se prepara para celebrar con fondas dieciocheras en la localidad"},"content":{"rendered":"<div class=\"flex_column av_one_full  flex_column_div av-zero-column-padding first  avia-builder-el-0  el_before_av_one_full  avia-builder-el-first  \" style='border-radius:0px; '><div  class='avia-image-container  av-styling-    avia-builder-el-1  avia-builder-el-no-sibling  avia-align-center '  itemprop=\"image\" itemscope=\"itemscope\" itemtype=\"https:\/\/schema.org\/ImageObject\"  ><div class='avia-image-container-inner'><div class='avia-image-overlay-wrap'><img decoding=\"async\" class='wp-image-32858 avia-img-lazy-loading-not-32858 avia_image' src=\"https:\/\/radiorevelacionfm.cl\/wp-content\/uploads\/2023\/07\/IMG_20230710_170334-2-2.jpg\" alt='' title='IMG_20230710_170334-2-2' height=\"600\" width=\"800\"  itemprop=\"thumbnailUrl\" srcset=\"https:\/\/radiorevelacionfm.cl\/wp-content\/uploads\/2023\/07\/IMG_20230710_170334-2-2.jpg 800w, https:\/\/radiorevelacionfm.cl\/wp-content\/uploads\/2023\/07\/IMG_20230710_170334-2-2-300x225.jpg 300w, https:\/\/radiorevelacionfm.cl\/wp-content\/uploads\/2023\/07\/IMG_20230710_170334-2-2-768x576.jpg 768w, https:\/\/radiorevelacionfm.cl\/wp-content\/uploads\/2023\/07\/IMG_20230710_170334-2-2-705x529.jpg 705w, https:\/\/radiorevelacionfm.cl\/wp-content\/uploads\/2023\/07\/IMG_20230710_170334-2-2-450x338.jpg 450w, https:\/\/radiorevelacionfm.cl\/wp-content\/uploads\/2023\/07\/IMG_20230710_170334-2-2-600x450.jpg 600w\" sizes=\"(max-width: 800px) 100vw, 800px\" \/><\/div><\/div><\/div><\/div><div class=\"flex_column av_one_full  flex_column_div av-zero-column-padding first  avia-builder-el-2  el_after_av_one_full  el_before_av_one_full  column-top-margin\" style='border-radius:0px; '><section class=\"av_textblock_section \"  itemscope=\"itemscope\" itemtype=\"https:\/\/schema.org\/BlogPosting\" itemprop=\"blogPost\" ><div class='avia_textblock  '   itemprop=\"text\" ><p style=\"text-align: center;\"><strong><span style=\"font-size: 18pt;\">Comunidad de Ma\u00f1ihuales se prepara para celebrar con fondas dieciocheras en la localidad<\/span><\/strong><\/p>\n<div id=\"gtx-trans\" style=\"position: absolute; left: -50px; top: 4.31534px;\">\n<div class=\"gtx-trans-icon\"><\/div>\n<\/div>\n<\/div><\/section><\/div><div class=\"flex_column av_one_full  flex_column_div av-zero-column-padding first  avia-builder-el-4  el_after_av_one_full  el_before_av_hr  column-top-margin\" style='border-radius:0px; '><section class=\"av_textblock_section \"  itemscope=\"itemscope\" itemtype=\"https:\/\/schema.org\/BlogPosting\" itemprop=\"blogPost\" ><div class='avia_textblock  '   itemprop=\"text\" ><p style=\"text-align: justify;\">La comunidad de Villa Ma\u00f1ihuales se manifest\u00f3 entusiasmada tras la segunda reuni\u00f3n participativa sostenida con el administrador municipal de Ays\u00e9n, luego que se les informara que este 2023 se volver\u00e1n a realizar las fondas de Fiestas Patrias en la localidad.<\/p>\n<p style=\"text-align: justify;\">Edith Contreras, vecina y presidenta de la Junta de Vecinos Ribera Norte, calific\u00f3 con muy buenas palabras la reuni\u00f3n: \u201cExcelente, despu\u00e9s de la pandemia y las restricciones por fin podremos volver a celebrar el 18 de septiembre con actividades ac\u00e1 en la Villa\u201d, destacando la importancia que tiene para la comunidad ma\u00f1ihualina el poder contar con estos espacios para actividades que le den un mayor protagonismo a la localidad.<\/p>\n<p style=\"text-align: justify;\">\u201cLos vecinos que quieran, por favor, an\u00f3tense. Habr\u00e1 cupos para cociner\u00edas y bazares, as\u00ed que ac\u00e9rquense a la Delegaci\u00f3n para que podamos tener unas fiestas bonitas\u201d agreg\u00f3 Contreras, haciendo un llamado a sumarse a este proceso participativo. \u201cEstamos muy agradecidos por la Municipalidad porque se ve que est\u00e1n pensando en Ma\u00f1ihuales\u201d, agreg\u00f3.<\/p>\n<p style=\"text-align: justify;\">Esta instancia forma parte de una serie de procesos que est\u00e1 desarrollando la Municipalidad de Ays\u00e9n para poder organizar eventos de relevancia para la comunidad de forma inclusiva, promoviendo la participaci\u00f3n de las vecinas y vecinos de manera tal que sea la poblaci\u00f3n misma la que, de manera conjunta al municipio, pueda construir las fiestas que se ajusten a sus expectativas.<\/p>\n<p style=\"text-align: justify;\">\u201cSostuvimos una segunda reuni\u00f3n de planificaci\u00f3n de las Fiestas Patrias 2023, y nos pone muy contentos ver la participaci\u00f3n y alta convocatoria que ha tenido esta instancia entre los vecinos\u201d, coment\u00f3 \u00d3scar Az\u00f3car, administrador de la Municipalidad de Ays\u00e9n, destacando la gran cantidad de vecinos que asistieron a este encuentro.<\/p>\n<p style=\"text-align: justify;\">\u201cEstamos muy contentos porque este a\u00f1o volver\u00e1n las fondas y bazares, as\u00ed que dejamos invitados a todas y todos quienes quieran participar a inscribirse con nuestra delegada municipal, Beatriz Oyarzo, para que podamos contar con una Semana de la Chilenidad como corresponde\u201d, agreg\u00f3 Az\u00f3car.<\/p>\n<p style=\"text-align: justify;\">El pr\u00f3ximo lunes 24 de julio a las 16:00 se realizar\u00e1 una tercera reuni\u00f3n con los vecinos de Villa Ma\u00f1ihuales en la Biblioteca Municipal, por lo que hacemos un llamado a toda la comunidad a sumarse y participar para construir las Fiestas Patrias que la localidad anhela.<\/p>\n<\/div><\/section><\/div><div  style='height:50px' class='hr hr-invisible   avia-builder-el-6  el_after_av_one_full  el_before_av_social_share '><span class='hr-inner ' ><span class='hr-inner-style'><\/span><\/span><\/div><\/p>\n<div  class='av-social-sharing-box  avia-builder-el-7  el_after_av_hr  el_before_av_hr  '><div class='av-share-box'><h5 class='av-share-link-description av-no-toc '>Compartir esta noticia<\/h5><ul class='av-share-box-list noLightbox'><li class='av-share-link av-social-link-facebook' ><a target=\"_blank\" aria-label=\"Compartir en Facebook\" href='https:\/\/www.facebook.com\/sharer.php?u=https:\/\/radiorevelacionfm.cl\/?p=32857&#038;t=Comunidad%20de%20Ma%C3%B1ihuales%20se%20prepara%20para%20celebrar%20con%20fondas%20dieciocheras%20en%20la%20localidad' aria-hidden='false' data-av_icon='\ue8f3' data-av_iconfont='entypo-fontello' title='' data-avia-related-tooltip='Compartir en Facebook' rel=\"noopener\"><span class='avia_hidden_link_text'>Compartir en Facebook<\/span><\/a><\/li><li class='av-share-link av-social-link-twitter' ><a target=\"_blank\" aria-label=\"Compartir en Twitter\" href='https:\/\/twitter.com\/share?text=Comunidad%20de%20Ma%C3%B1ihuales%20se%20prepara%20para%20celebrar%20con%20fondas%20dieciocheras%20en%20la%20localidad&#038;url=https:\/\/radiorevelacionfm.cl\/?p=32857' aria-hidden='false' data-av_icon='\ue8f1' data-av_iconfont='entypo-fontello' title='' data-avia-related-tooltip='Compartir en Twitter' rel=\"noopener\"><span class='avia_hidden_link_text'>Compartir en Twitter<\/span><\/a><\/li><li class='av-share-link av-social-link-whatsapp' ><a target=\"_blank\" aria-label=\"Compartir en Whatsapp\" href='https:\/\/api.whatsapp.com\/send?text=https:\/\/radiorevelacionfm.cl\/?p=32857' aria-hidden='false' data-av_icon='\uf232' data-av_iconfont='entypo-fontello' title='' data-avia-related-tooltip='Compartir en Whatsapp' rel=\"noopener\"><span class='avia_hidden_link_text'>Compartir en Whatsapp<\/span><\/a><\/li><li class='av-share-link av-social-link-linkedin' ><a target=\"_blank\" aria-label=\"Compartir en LinkedIn\" href='https:\/\/linkedin.com\/shareArticle?mini=true&#038;title=Comunidad%20de%20Ma%C3%B1ihuales%20se%20prepara%20para%20celebrar%20con%20fondas%20dieciocheras%20en%20la%20localidad&#038;url=https:\/\/radiorevelacionfm.cl\/?p=32857' aria-hidden='false' data-av_icon='\ue8fc' data-av_iconfont='entypo-fontello' title='' data-avia-related-tooltip='Compartir en LinkedIn' rel=\"noopener\"><span class='avia_hidden_link_text'>Compartir en LinkedIn<\/span><\/a><\/li><li class='av-share-link av-social-link-mail' ><a  aria-label=\"Compartir por correo\" href='mailto:?subject=Comunidad%20de%20Ma%C3%B1ihuales%20se%20prepara%20para%20celebrar%20con%20fondas%20dieciocheras%20en%20la%20localidad&#038;body=https:\/\/radiorevelacionfm.cl\/?p=32857' aria-hidden='false' data-av_icon='\ue805' data-av_iconfont='entypo-fontello' title='' data-avia-related-tooltip='Compartir por correo'><span class='avia_hidden_link_text'>Compartir por correo<\/span><\/a><\/li><\/ul><\/div><\/div>\n<div  style='height:50px' class='hr hr-invisible   avia-builder-el-8  el_after_av_social_share  el_before_av_comments_list '><span class='hr-inner ' ><span class='hr-inner-style'><\/span><\/span><\/div>\n<div  class='av-buildercomment  av-blog-meta-html-info-disabled av-blog-meta-tag-disabled  '><\/div>\n","protected":false},"excerpt":{"rendered":"","protected":false},"author":1,"featured_media":32858,"comment_status":"open","ping_status":"open","sticky":false,"template":"","format":"standard","meta":{"footnotes":""},"categories":[38],"tags":[],"class_list":["post-32857","post","type-post","status-publish","format-standard","has-post-thumbnail","hentry","category-regional"],"jetpack_featured_media_url":"https:\/\/radiorevelacionfm.cl\/wp-content\/uploads\/2023\/07\/IMG_20230710_170334-2-2.jpg","_links":{"self":[{"href":"https:\/\/radiorevelacionfm.cl\/index.php?rest_route=\/wp\/v2\/posts\/32857","targetHints":{"allow":["GET"]}}],"collection":[{"href":"https:\/\/radiorevelacionfm.cl\/index.php?rest_route=\/wp\/v2\/posts"}],"about":[{"href":"https:\/\/radiorevelacionfm.cl\/index.php?rest_route=\/wp\/v2\/types\/post"}],"author":[{"embeddable":true,"href":"https:\/\/radiorevelacionfm.cl\/index.php?rest_route=\/wp\/v2\/users\/1"}],"replies":[{"embeddable":true,"href":"https:\/\/radiorevelacionfm.cl\/index.php?rest_route=%2Fwp%2Fv2%2Fcomments&post=32857"}],"version-history":[{"count":1,"href":"https:\/\/radiorevelacionfm.cl\/index.php?rest_route=\/wp\/v2\/posts\/32857\/revisions"}],"predecessor-version":[{"id":32859,"href":"https:\/\/radiorevelacionfm.cl\/index.php?rest_route=\/wp\/v2\/posts\/32857\/revisions\/32859"}],"wp:featuredmedia":[{"embeddable":true,"href":"https:\/\/radiorevelacionfm.cl\/index.php?rest_route=\/wp\/v2\/media\/32858"}],"wp:attachment":[{"href":"https:\/\/radiorevelacionfm.cl\/index.php?rest_route=%2Fwp%2Fv2%2Fmedia&parent=32857"}],"wp:term":[{"taxonomy":"category","embeddable":true,"href":"https:\/\/radiorevelacionfm.cl\/index.php?rest_route=%2Fwp%2Fv2%2Fcategories&post=32857"},{"taxonomy":"post_tag","embeddable":true,"href":"https:\/\/radiorevelacionfm.cl\/index.php?rest_route=%2Fwp%2Fv2%2Ftags&post=32857"}],"curies":[{"name":"wp","href":"https:\/\/api.w.org\/{rel}","templated":true}]}}