{"id":32854,"date":"2023-07-11T14:31:46","date_gmt":"2023-07-11T17:31:46","guid":{"rendered":"https:\/\/radiorevelacionfm.cl\/?p=32854"},"modified":"2023-07-11T14:31:46","modified_gmt":"2023-07-11T17:31:46","slug":"lanzan-proyecto-de-seguridad-alimentaria-para-madres-cuidadoras-del-instituto-teleton","status":"publish","type":"post","link":"https:\/\/radiorevelacionfm.cl\/?p=32854","title":{"rendered":"Lanzan proyecto de seguridad alimentaria para madres cuidadoras del Instituto Telet\u00f3n"},"content":{"rendered":"<div class=\"flex_column av_one_full  flex_column_div av-zero-column-padding first  avia-builder-el-0  el_before_av_one_full  avia-builder-el-first  \" style='border-radius:0px; '><div  class='avia-image-container  av-styling-    avia-builder-el-1  avia-builder-el-no-sibling  avia-align-center '  itemprop=\"image\" itemscope=\"itemscope\" itemtype=\"https:\/\/schema.org\/ImageObject\"  ><div class='avia-image-container-inner'><div class='avia-image-overlay-wrap'><img decoding=\"async\" class='wp-image-32855 avia-img-lazy-loading-not-32855 avia_image' src=\"https:\/\/radiorevelacionfm.cl\/wp-content\/uploads\/2023\/07\/1-13-2_optimized-2.jpg\" alt='' title='1-13-2_optimized-2' height=\"600\" width=\"1068\"  itemprop=\"thumbnailUrl\" srcset=\"https:\/\/radiorevelacionfm.cl\/wp-content\/uploads\/2023\/07\/1-13-2_optimized-2.jpg 1068w, https:\/\/radiorevelacionfm.cl\/wp-content\/uploads\/2023\/07\/1-13-2_optimized-2-300x169.jpg 300w, https:\/\/radiorevelacionfm.cl\/wp-content\/uploads\/2023\/07\/1-13-2_optimized-2-1030x579.jpg 1030w, https:\/\/radiorevelacionfm.cl\/wp-content\/uploads\/2023\/07\/1-13-2_optimized-2-768x431.jpg 768w, https:\/\/radiorevelacionfm.cl\/wp-content\/uploads\/2023\/07\/1-13-2_optimized-2-705x396.jpg 705w, https:\/\/radiorevelacionfm.cl\/wp-content\/uploads\/2023\/07\/1-13-2_optimized-2-450x253.jpg 450w, https:\/\/radiorevelacionfm.cl\/wp-content\/uploads\/2023\/07\/1-13-2_optimized-2-600x337.jpg 600w\" sizes=\"(max-width: 1068px) 100vw, 1068px\" \/><\/div><\/div><\/div><\/div><div class=\"flex_column av_one_full  flex_column_div av-zero-column-padding first  avia-builder-el-2  el_after_av_one_full  el_before_av_one_full  column-top-margin\" style='border-radius:0px; '><section class=\"av_textblock_section \"  itemscope=\"itemscope\" itemtype=\"https:\/\/schema.org\/BlogPosting\" itemprop=\"blogPost\" ><div class='avia_textblock  '   itemprop=\"text\" ><p style=\"text-align: center;\"><span style=\"font-size: 18pt;\"><strong>Lanzan proyecto de seguridad alimentaria para madres cuidadoras del Instituto Telet\u00f3n<\/strong><\/span><\/p>\n<div id=\"gtx-trans\" style=\"position: absolute; left: -50px; top: 4.31534px;\">\n<div class=\"gtx-trans-icon\"><\/div>\n<\/div>\n<\/div><\/section><\/div><div class=\"flex_column av_one_full  flex_column_div av-zero-column-padding first  avia-builder-el-4  el_after_av_one_full  el_before_av_hr  column-top-margin\" style='border-radius:0px; '><section class=\"av_textblock_section \"  itemscope=\"itemscope\" itemtype=\"https:\/\/schema.org\/BlogPosting\" itemprop=\"blogPost\" ><div class='avia_textblock  '   itemprop=\"text\" ><p style=\"text-align: justify;\">El Proyecto \u201cDescubriendo Huertos y Habilidades\u201d, ejecutado por el Fondo de Solidaridad e Inversi\u00f3n Social, FOSIS, y financiado por el 8% del Fondo Nacional de Desarrollo Regional (FNDR) aprobado por el Gobierno Regional de Ays\u00e9n y su Consejo; est\u00e1 orientado al aportar en el bienestar de madres cuidadoras de usuarios y usuarias del Instituto Telet\u00f3n de Coyhaique.<\/p>\n<p style=\"text-align: justify;\">Esta iniciativa busca que madres cuidadoras de pacientes Telet\u00f3n, puedan desarrollar actividades complementarias mientras sus hijos o hijas est\u00e1n realizando sus tratamientos, a trav\u00e9s del invernadero ubicado en el Instituto, aprendiendo y desarrollando t\u00e9cnicas de producci\u00f3n y cultivo de hortalizas bajo pl\u00e1stico y huertos verticales, adquiriendo las herramientas necesarias para poder llevar a cabo estas actividades en sus domicilios.<\/p>\n<p style=\"text-align: justify;\">La Ceremonia de lanzamiento se llev\u00f3 a cabo en dependencias del Instituto Telet\u00f3n en Coyhaique, donde participaron familias usuarias, junto con autoridades, en una jornada amenizada por estudiantes del Conservatorio de M\u00fasica de Coyhaique.<\/p>\n<p style=\"text-align: justify;\">Claudia Mu\u00f1oz, madre cuidadora y usuaria del Instituto Telet\u00f3n, destac\u00f3 que \u201cvamos a trabajar en el invernadero, haciendo los cultivos, trabajando en el compost, porque se va a trabajar en el Instituto como en casa, porque nos van a hacer talleres personalizados. Contenta con el programa y agradecida a nombre de todas las mamitas Telet\u00f3n que vamos a participar ac\u00e1, creo que va a ser un incentivo, de paso mientras est\u00e1n nuestros hijos atendi\u00e9ndose en el instituto, vamos a estar trabajando en el invernadero, que eso para nosotras es maravilloso.\u201d<\/p>\n<p style=\"text-align: justify;\">La Directora Regional del FOSIS en Ays\u00e9n, Fernanda Leiva, asegur\u00f3 que \u201cpara nosotros es muy importante poder concretar esta alianza y seguir trabajando de manera colaborativa con Telet\u00f3n. Sumar a esto los esfuerzos y voluntades que se ponen desde el Gobierno Regional de Ays\u00e9n y su Consejo, que son muy importantes, ya que nos permiten entregar herramientas, habilidades y conocimientos a las personas que ejercen cuidados en el Centro Telet\u00f3n.\u201d<\/p>\n<p style=\"text-align: justify;\">Vania C\u00e1ceres, Jefa de la Direcci\u00f3n de Desarrollo Social y Humano del Gobierno Regional de Ays\u00e9n, coment\u00f3 que \u201cvinimos al lanzamiento de esta iniciativa financiada por el 8% del FNDR de nuestro Gobierno Regional, que pone \u00e9nfasis en quienes cuidan y tiene por objeto hacer un trabajo virtuoso con la tierra y con los alimentos, para permitir de esa manera una capacitaci\u00f3n a los padres y madres que hacen una tremenda labor cuidando a sus hijos e hijas.\u201d<\/p>\n<p style=\"text-align: justify;\">La Seremi de Desarrollo Social y Familia, Karina Acevedo, manifest\u00f3 que \u201cpara nosotros es tremendamente importante y va en sinton\u00eda con lo que el Presidente Gabriel Boric nos ha pedido, de poder ir levantando antecedentes para elaborar la gran pol\u00edtica de apoyos y cuidados en la cual ya estamos trabajando. El Presidente nos ha pedido la especial misi\u00f3n de levantar los datos regionales para promover esta pol\u00edtica y hace poco hicimos di\u00e1logos inclusivos donde estamos escuchando las necesidades de las personas que cuidan\u201d.<\/p>\n<p style=\"text-align: justify;\">Pilar Arismendi, Directora del Instituto Telet\u00f3n, recalc\u00f3 que \u201cvan a ser actividades que se van a desarrollar en el invernadero que tenemos ac\u00e1 en el centro, pero tambi\u00e9n van a hacer actividades en los domicilios de las usuarias. Tenemos la colaboraci\u00f3n no s\u00f3lo del FOSIS, esto se est\u00e1 desarrollando en conjunto con la Universidad de Ays\u00e9n, bajo la carrera de Agronom\u00eda, quienes van a prestar sus conocimientos a trav\u00e9s de este proyecto, para poder entregar herramientas a nuestros usuarios.\u201d<\/p>\n<p style=\"text-align: justify;\">La instancia cont\u00f3 con la participaci\u00f3n de la Seremi de Desarrollo Social y Familia, Karina Acevedo; la Jefa de la Direcci\u00f3n de Desarrollo Social y Humano del Gobierno Regional de Ays\u00e9n, Vania C\u00e1ceres; el Consejero Regional, Rocco Martiniello; la Directora del Instituto Telet\u00f3n, Pilar Arismendi y la Directora Regional del FOSIS, Fernanda Leiva.<\/p>\n<p style=\"text-align: justify;\">Este proyecto cuenta con el apoyo la Universidad de Ays\u00e9n, a trav\u00e9s de su carrera de Agronom\u00eda, y el Servicio Nacional de la Mujer y Equidad de G\u00e9nero, quienes realizar\u00e1n talleres relacionados con su quehacer institucional.<\/p>\n<\/div><\/section><\/div><div  style='height:50px' class='hr hr-invisible   avia-builder-el-6  el_after_av_one_full  el_before_av_social_share '><span class='hr-inner ' ><span class='hr-inner-style'><\/span><\/span><\/div><\/p>\n<div  class='av-social-sharing-box  avia-builder-el-7  el_after_av_hr  el_before_av_hr  '><div class='av-share-box'><h5 class='av-share-link-description av-no-toc '>Compartir esta noticia<\/h5><ul class='av-share-box-list noLightbox'><li class='av-share-link av-social-link-facebook' ><a target=\"_blank\" aria-label=\"Compartir en Facebook\" href='https:\/\/www.facebook.com\/sharer.php?u=https:\/\/radiorevelacionfm.cl\/?p=32854&#038;t=Lanzan%20proyecto%20de%20seguridad%20alimentaria%20para%20madres%20cuidadoras%20del%20Instituto%20Telet%C3%B3n' aria-hidden='false' data-av_icon='\ue8f3' data-av_iconfont='entypo-fontello' title='' data-avia-related-tooltip='Compartir en Facebook' rel=\"noopener\"><span class='avia_hidden_link_text'>Compartir en Facebook<\/span><\/a><\/li><li class='av-share-link av-social-link-twitter' ><a target=\"_blank\" aria-label=\"Compartir en Twitter\" href='https:\/\/twitter.com\/share?text=Lanzan%20proyecto%20de%20seguridad%20alimentaria%20para%20madres%20cuidadoras%20del%20Instituto%20Telet%C3%B3n&#038;url=https:\/\/radiorevelacionfm.cl\/?p=32854' aria-hidden='false' data-av_icon='\ue8f1' data-av_iconfont='entypo-fontello' title='' data-avia-related-tooltip='Compartir en Twitter' rel=\"noopener\"><span class='avia_hidden_link_text'>Compartir en Twitter<\/span><\/a><\/li><li class='av-share-link av-social-link-whatsapp' ><a target=\"_blank\" aria-label=\"Compartir en Whatsapp\" href='https:\/\/api.whatsapp.com\/send?text=https:\/\/radiorevelacionfm.cl\/?p=32854' aria-hidden='false' data-av_icon='\uf232' data-av_iconfont='entypo-fontello' title='' data-avia-related-tooltip='Compartir en Whatsapp' rel=\"noopener\"><span class='avia_hidden_link_text'>Compartir en Whatsapp<\/span><\/a><\/li><li class='av-share-link av-social-link-linkedin' ><a target=\"_blank\" aria-label=\"Compartir en LinkedIn\" href='https:\/\/linkedin.com\/shareArticle?mini=true&#038;title=Lanzan%20proyecto%20de%20seguridad%20alimentaria%20para%20madres%20cuidadoras%20del%20Instituto%20Telet%C3%B3n&#038;url=https:\/\/radiorevelacionfm.cl\/?p=32854' aria-hidden='false' data-av_icon='\ue8fc' data-av_iconfont='entypo-fontello' title='' data-avia-related-tooltip='Compartir en LinkedIn' rel=\"noopener\"><span class='avia_hidden_link_text'>Compartir en LinkedIn<\/span><\/a><\/li><li class='av-share-link av-social-link-mail' ><a  aria-label=\"Compartir por correo\" href='mailto:?subject=Lanzan%20proyecto%20de%20seguridad%20alimentaria%20para%20madres%20cuidadoras%20del%20Instituto%20Telet%C3%B3n&#038;body=https:\/\/radiorevelacionfm.cl\/?p=32854' aria-hidden='false' data-av_icon='\ue805' data-av_iconfont='entypo-fontello' title='' data-avia-related-tooltip='Compartir por correo'><span class='avia_hidden_link_text'>Compartir por correo<\/span><\/a><\/li><\/ul><\/div><\/div>\n<div  style='height:50px' class='hr hr-invisible   avia-builder-el-8  el_after_av_social_share  el_before_av_comments_list '><span class='hr-inner ' ><span class='hr-inner-style'><\/span><\/span><\/div>\n<div  class='av-buildercomment  av-blog-meta-html-info-disabled av-blog-meta-tag-disabled  '><\/div>\n","protected":false},"excerpt":{"rendered":"","protected":false},"author":1,"featured_media":32855,"comment_status":"open","ping_status":"open","sticky":false,"template":"","format":"standard","meta":{"footnotes":""},"categories":[38],"tags":[],"class_list":["post-32854","post","type-post","status-publish","format-standard","has-post-thumbnail","hentry","category-regional"],"jetpack_featured_media_url":"https:\/\/radiorevelacionfm.cl\/wp-content\/uploads\/2023\/07\/1-13-2_optimized-2.jpg","_links":{"self":[{"href":"https:\/\/radiorevelacionfm.cl\/index.php?rest_route=\/wp\/v2\/posts\/32854","targetHints":{"allow":["GET"]}}],"collection":[{"href":"https:\/\/radiorevelacionfm.cl\/index.php?rest_route=\/wp\/v2\/posts"}],"about":[{"href":"https:\/\/radiorevelacionfm.cl\/index.php?rest_route=\/wp\/v2\/types\/post"}],"author":[{"embeddable":true,"href":"https:\/\/radiorevelacionfm.cl\/index.php?rest_route=\/wp\/v2\/users\/1"}],"replies":[{"embeddable":true,"href":"https:\/\/radiorevelacionfm.cl\/index.php?rest_route=%2Fwp%2Fv2%2Fcomments&post=32854"}],"version-history":[{"count":1,"href":"https:\/\/radiorevelacionfm.cl\/index.php?rest_route=\/wp\/v2\/posts\/32854\/revisions"}],"predecessor-version":[{"id":32856,"href":"https:\/\/radiorevelacionfm.cl\/index.php?rest_route=\/wp\/v2\/posts\/32854\/revisions\/32856"}],"wp:featuredmedia":[{"embeddable":true,"href":"https:\/\/radiorevelacionfm.cl\/index.php?rest_route=\/wp\/v2\/media\/32855"}],"wp:attachment":[{"href":"https:\/\/radiorevelacionfm.cl\/index.php?rest_route=%2Fwp%2Fv2%2Fmedia&parent=32854"}],"wp:term":[{"taxonomy":"category","embeddable":true,"href":"https:\/\/radiorevelacionfm.cl\/index.php?rest_route=%2Fwp%2Fv2%2Fcategories&post=32854"},{"taxonomy":"post_tag","embeddable":true,"href":"https:\/\/radiorevelacionfm.cl\/index.php?rest_route=%2Fwp%2Fv2%2Ftags&post=32854"}],"curies":[{"name":"wp","href":"https:\/\/api.w.org\/{rel}","templated":true}]}}