{"id":32851,"date":"2023-07-11T11:30:27","date_gmt":"2023-07-11T14:30:27","guid":{"rendered":"https:\/\/radiorevelacionfm.cl\/?p=32851"},"modified":"2023-07-11T11:30:27","modified_gmt":"2023-07-11T14:30:27","slug":"personal-del-cesfam-de-puerto-aysen-se-capacita-en-tecnicas-de-reanimacion-cardiopulmonar","status":"publish","type":"post","link":"https:\/\/radiorevelacionfm.cl\/?p=32851","title":{"rendered":"Personal del CESFAM de Puerto Ays\u00e9n se capacita en t\u00e9cnicas de Reanimaci\u00f3n Cardiopulmonar"},"content":{"rendered":"<div class=\"flex_column av_one_full  flex_column_div av-zero-column-padding first  avia-builder-el-0  el_before_av_one_full  avia-builder-el-first  \" style='border-radius:0px; '><div  class='avia-image-container  av-styling-    avia-builder-el-1  avia-builder-el-no-sibling  avia-align-center '  itemprop=\"image\" itemscope=\"itemscope\" itemtype=\"https:\/\/schema.org\/ImageObject\"  ><div class='avia-image-container-inner'><div class='avia-image-overlay-wrap'><img decoding=\"async\" class='wp-image-32852 avia-img-lazy-loading-not-32852 avia_image' src=\"https:\/\/radiorevelacionfm.cl\/wp-content\/uploads\/2023\/07\/img-capacitasamu1-2_optimized.jpeg\" alt='' title='img-capacitasamu1-2_optimized' height=\"600\" width=\"800\"  itemprop=\"thumbnailUrl\" srcset=\"https:\/\/radiorevelacionfm.cl\/wp-content\/uploads\/2023\/07\/img-capacitasamu1-2_optimized.jpeg 800w, https:\/\/radiorevelacionfm.cl\/wp-content\/uploads\/2023\/07\/img-capacitasamu1-2_optimized-300x225.jpeg 300w, https:\/\/radiorevelacionfm.cl\/wp-content\/uploads\/2023\/07\/img-capacitasamu1-2_optimized-768x576.jpeg 768w, https:\/\/radiorevelacionfm.cl\/wp-content\/uploads\/2023\/07\/img-capacitasamu1-2_optimized-705x529.jpeg 705w, https:\/\/radiorevelacionfm.cl\/wp-content\/uploads\/2023\/07\/img-capacitasamu1-2_optimized-450x338.jpeg 450w, https:\/\/radiorevelacionfm.cl\/wp-content\/uploads\/2023\/07\/img-capacitasamu1-2_optimized-600x450.jpeg 600w\" sizes=\"(max-width: 800px) 100vw, 800px\" \/><\/div><\/div><\/div><\/div><div class=\"flex_column av_one_full  flex_column_div av-zero-column-padding first  avia-builder-el-2  el_after_av_one_full  el_before_av_one_full  column-top-margin\" style='border-radius:0px; '><section class=\"av_textblock_section \"  itemscope=\"itemscope\" itemtype=\"https:\/\/schema.org\/BlogPosting\" itemprop=\"blogPost\" ><div class='avia_textblock  '   itemprop=\"text\" ><p style=\"text-align: center;\"><strong><span style=\"font-size: 18pt;\">Personal del CESFAM de Puerto Ays\u00e9n se capacita en t\u00e9cnicas de Reanimaci\u00f3n Cardiopulmonar<\/span><\/strong><\/p>\n<div id=\"gtx-trans\" style=\"position: absolute; left: -50px; top: 4.31534px;\">\n<div class=\"gtx-trans-icon\"><\/div>\n<\/div>\n<\/div><\/section><\/div><div class=\"flex_column av_one_full  flex_column_div av-zero-column-padding first  avia-builder-el-4  el_after_av_one_full  el_before_av_hr  column-top-margin\" style='border-radius:0px; '><section class=\"av_textblock_section \"  itemscope=\"itemscope\" itemtype=\"https:\/\/schema.org\/BlogPosting\" itemprop=\"blogPost\" ><div class='avia_textblock  '   itemprop=\"text\" ><p style=\"text-align: justify;\">Con el objetivo de enfrentar de manera adecuada las situaciones de emergencia que se pudieran presentar en el establecimiento, el personal administrativo y profesional del Centro de Salud Familiar de Puerto Ays\u00e9n se capacit\u00f3 en t\u00e9cnicas b\u00e1sicas de Reanimaci\u00f3n Cardiopulmonar. Encuentro sostenido en el segundo piso de la Biblioteca P\u00fablica de Ays\u00e9n y que fue posible tras el trabajo en red con el personal de SAMU, lo que permiti\u00f3 a 16 funcionarios obtener esta formaci\u00f3n, la iniciativa fue valorada positivamente por los asistentes.<\/p>\n<p style=\"text-align: justify;\">Al respecto, la encargada de capacitaci\u00f3n del CESFAM emplazado en la comuna porte\u00f1a, Josefa Vidaurre Villalobos, explic\u00f3 el origen de esta instancia la cual estaba proyectada como parte de las mejoras continuas del servicio y que incluy\u00f3 la participaci\u00f3n de personal del CECOSF de Puerto Chacabuco, \u201cnunca estamos lejanos a una situaci\u00f3n como en la que podr\u00edamos necesitar efectuar una reanimaci\u00f3n b\u00e1sica. Esta instancia se llev\u00f3 a cabo gracias a los funcionarios del SAMU, Luis Ruminot y Jorge Arce, quienes son Enfermero y TENS respectivamente; y ambos brindaron su apoyo para poder gestionar esto\u201d.<\/p>\n<p style=\"text-align: justify;\">Por su parte, el docente de la instancia y funcionario del SAMU Ays\u00e9n, Luis Ruminot, detall\u00f3 que \u201ccontamos con m\u00f3dulos de RCP de alta calidad, tambi\u00e9n con dispositivos de v\u00eda a\u00e9rea o base y nuestro colega TENS don Jorge Arce, est\u00e1 realizando talleres de inmovilizaci\u00f3n y control de hemorragia\u201d. Sobre el desarrollo de estas capacitaciones, el enfermero relev\u00f3 que esto es \u201cfundamental en cuanto a las urgencias se refiere\u201d, ya que es un conocimiento aplicable en todos los aspectos de la vida diaria.<\/p>\n<p style=\"text-align: justify;\">En tanto, Ra\u00fal Moya Chiguay, quien desempe\u00f1a funciones en el CESFAM de Puerto Ays\u00e9n coment\u00f3 lo positivo de la capacitaci\u00f3n, explicando que \u201cbuen\u00edsimo para aprender un poco m\u00e1s de otra cosa que no sab\u00eda yo y que sirve para ayudar a la comunidad en una ocasi\u00f3n que se presente una emergencia de esta manera\u201d.<\/p>\n<p style=\"text-align: justify;\">Finalmente, la T\u00e9cnico en Enfermer\u00eda de Nivel Superior (TENS) del recinto sanitario aysenino, Paola Ortega, destac\u00f3 que \u201cestamos realizando unas capacitaciones de RCP e inmovilizaci\u00f3n, siempre es importante que tengamos las competencias de estar actualiz\u00e1ndonos en las t\u00e9cnicas de Reanimaci\u00f3n Cardiopulmonar para poder entregar un mejor servicio a nuestra comunidad\u201d, sentenci\u00f3 la profesional de Puerto Ays\u00e9n.<\/p>\n<\/div><\/section><\/div><div  style='height:50px' class='hr hr-invisible   avia-builder-el-6  el_after_av_one_full  el_before_av_social_share '><span class='hr-inner ' ><span class='hr-inner-style'><\/span><\/span><\/div><\/p>\n<div  class='av-social-sharing-box  avia-builder-el-7  el_after_av_hr  el_before_av_hr  '><div class='av-share-box'><h5 class='av-share-link-description av-no-toc '>Compartir esta noticia<\/h5><ul class='av-share-box-list noLightbox'><li class='av-share-link av-social-link-facebook' ><a target=\"_blank\" aria-label=\"Compartir en Facebook\" href='https:\/\/www.facebook.com\/sharer.php?u=https:\/\/radiorevelacionfm.cl\/?p=32851&#038;t=Personal%20del%20CESFAM%20de%20Puerto%20Ays%C3%A9n%20se%20capacita%20en%20t%C3%A9cnicas%20de%20Reanimaci%C3%B3n%20Cardiopulmonar' aria-hidden='false' data-av_icon='\ue8f3' data-av_iconfont='entypo-fontello' title='' data-avia-related-tooltip='Compartir en Facebook' rel=\"noopener\"><span class='avia_hidden_link_text'>Compartir en Facebook<\/span><\/a><\/li><li class='av-share-link av-social-link-twitter' ><a target=\"_blank\" aria-label=\"Compartir en Twitter\" href='https:\/\/twitter.com\/share?text=Personal%20del%20CESFAM%20de%20Puerto%20Ays%C3%A9n%20se%20capacita%20en%20t%C3%A9cnicas%20de%20Reanimaci%C3%B3n%20Cardiopulmonar&#038;url=https:\/\/radiorevelacionfm.cl\/?p=32851' aria-hidden='false' data-av_icon='\ue8f1' data-av_iconfont='entypo-fontello' title='' data-avia-related-tooltip='Compartir en Twitter' rel=\"noopener\"><span class='avia_hidden_link_text'>Compartir en Twitter<\/span><\/a><\/li><li class='av-share-link av-social-link-whatsapp' ><a target=\"_blank\" aria-label=\"Compartir en Whatsapp\" href='https:\/\/api.whatsapp.com\/send?text=https:\/\/radiorevelacionfm.cl\/?p=32851' aria-hidden='false' data-av_icon='\uf232' data-av_iconfont='entypo-fontello' title='' data-avia-related-tooltip='Compartir en Whatsapp' rel=\"noopener\"><span class='avia_hidden_link_text'>Compartir en Whatsapp<\/span><\/a><\/li><li class='av-share-link av-social-link-linkedin' ><a target=\"_blank\" aria-label=\"Compartir en LinkedIn\" href='https:\/\/linkedin.com\/shareArticle?mini=true&#038;title=Personal%20del%20CESFAM%20de%20Puerto%20Ays%C3%A9n%20se%20capacita%20en%20t%C3%A9cnicas%20de%20Reanimaci%C3%B3n%20Cardiopulmonar&#038;url=https:\/\/radiorevelacionfm.cl\/?p=32851' aria-hidden='false' data-av_icon='\ue8fc' data-av_iconfont='entypo-fontello' title='' data-avia-related-tooltip='Compartir en LinkedIn' rel=\"noopener\"><span class='avia_hidden_link_text'>Compartir en LinkedIn<\/span><\/a><\/li><li class='av-share-link av-social-link-mail' ><a  aria-label=\"Compartir por correo\" href='mailto:?subject=Personal%20del%20CESFAM%20de%20Puerto%20Ays%C3%A9n%20se%20capacita%20en%20t%C3%A9cnicas%20de%20Reanimaci%C3%B3n%20Cardiopulmonar&#038;body=https:\/\/radiorevelacionfm.cl\/?p=32851' aria-hidden='false' data-av_icon='\ue805' data-av_iconfont='entypo-fontello' title='' data-avia-related-tooltip='Compartir por correo'><span class='avia_hidden_link_text'>Compartir por correo<\/span><\/a><\/li><\/ul><\/div><\/div>\n<div  style='height:50px' class='hr hr-invisible   avia-builder-el-8  el_after_av_social_share  el_before_av_comments_list '><span class='hr-inner ' ><span class='hr-inner-style'><\/span><\/span><\/div>\n<div  class='av-buildercomment  av-blog-meta-html-info-disabled av-blog-meta-tag-disabled  '><\/div>\n","protected":false},"excerpt":{"rendered":"","protected":false},"author":1,"featured_media":32852,"comment_status":"open","ping_status":"open","sticky":false,"template":"","format":"standard","meta":{"footnotes":""},"categories":[46],"tags":[],"class_list":["post-32851","post","type-post","status-publish","format-standard","has-post-thumbnail","hentry","category-salud"],"jetpack_featured_media_url":"https:\/\/radiorevelacionfm.cl\/wp-content\/uploads\/2023\/07\/img-capacitasamu1-2_optimized.jpeg","_links":{"self":[{"href":"https:\/\/radiorevelacionfm.cl\/index.php?rest_route=\/wp\/v2\/posts\/32851","targetHints":{"allow":["GET"]}}],"collection":[{"href":"https:\/\/radiorevelacionfm.cl\/index.php?rest_route=\/wp\/v2\/posts"}],"about":[{"href":"https:\/\/radiorevelacionfm.cl\/index.php?rest_route=\/wp\/v2\/types\/post"}],"author":[{"embeddable":true,"href":"https:\/\/radiorevelacionfm.cl\/index.php?rest_route=\/wp\/v2\/users\/1"}],"replies":[{"embeddable":true,"href":"https:\/\/radiorevelacionfm.cl\/index.php?rest_route=%2Fwp%2Fv2%2Fcomments&post=32851"}],"version-history":[{"count":1,"href":"https:\/\/radiorevelacionfm.cl\/index.php?rest_route=\/wp\/v2\/posts\/32851\/revisions"}],"predecessor-version":[{"id":32853,"href":"https:\/\/radiorevelacionfm.cl\/index.php?rest_route=\/wp\/v2\/posts\/32851\/revisions\/32853"}],"wp:featuredmedia":[{"embeddable":true,"href":"https:\/\/radiorevelacionfm.cl\/index.php?rest_route=\/wp\/v2\/media\/32852"}],"wp:attachment":[{"href":"https:\/\/radiorevelacionfm.cl\/index.php?rest_route=%2Fwp%2Fv2%2Fmedia&parent=32851"}],"wp:term":[{"taxonomy":"category","embeddable":true,"href":"https:\/\/radiorevelacionfm.cl\/index.php?rest_route=%2Fwp%2Fv2%2Fcategories&post=32851"},{"taxonomy":"post_tag","embeddable":true,"href":"https:\/\/radiorevelacionfm.cl\/index.php?rest_route=%2Fwp%2Fv2%2Ftags&post=32851"}],"curies":[{"name":"wp","href":"https:\/\/api.w.org\/{rel}","templated":true}]}}