{"id":3285,"date":"2021-04-19T20:20:21","date_gmt":"2021-04-19T23:20:21","guid":{"rendered":"https:\/\/radiorevelacionfm.cl\/?p=3285"},"modified":"2021-04-19T20:20:21","modified_gmt":"2021-04-19T23:20:21","slug":"gobierno-atiende-en-terreno-demanda-de-vecinos-de-la-comuna-de-guaitecas","status":"publish","type":"post","link":"https:\/\/radiorevelacionfm.cl\/?p=3285","title":{"rendered":"Gobierno atiende en terreno demanda de vecinos de la comuna de Guaitecas"},"content":{"rendered":"<div class=\"flex_column av_one_full  flex_column_div av-zero-column-padding first  avia-builder-el-0  el_before_av_one_full  avia-builder-el-first  \" style='border-radius:0px; '><div  class='avia-image-container  av-styling-    avia-builder-el-1  avia-builder-el-no-sibling  avia-align-center '  itemprop=\"image\" itemscope=\"itemscope\" itemtype=\"https:\/\/schema.org\/ImageObject\"  ><div class='avia-image-container-inner'><div class='avia-image-overlay-wrap'><img decoding=\"async\" class='wp-image-0 avia-img-lazy-loading-not-0 avia_image' src=\"https:\/\/radiorevelacionfm.cl\/wp-content\/uploads\/2021\/04\/5-3.jpeg\" alt='' title=''   itemprop=\"thumbnailUrl\"  \/><\/div><\/div><\/div><\/div><div class=\"flex_column av_one_full  flex_column_div av-zero-column-padding first  avia-builder-el-2  el_after_av_one_full  el_before_av_one_full  column-top-margin\" style='border-radius:0px; '><section class=\"av_textblock_section \"  itemscope=\"itemscope\" itemtype=\"https:\/\/schema.org\/BlogPosting\" itemprop=\"blogPost\" ><div class='avia_textblock  '   itemprop=\"text\" ><p style=\"text-align: center;\"><strong><span style=\"font-size: 18pt;\">Gobierno atiende en terreno demanda de vecinos de la comuna de Guaitecas<\/span><\/strong><\/p>\n<div id=\"gtx-trans\" style=\"position: absolute; left: -50px; top: 4.31534px;\">\n<div class=\"gtx-trans-icon\"><\/div>\n<\/div>\n<\/div><\/section><\/div><div class=\"flex_column av_one_full  flex_column_div av-zero-column-padding first  avia-builder-el-4  el_after_av_one_full  el_before_av_hr  column-top-margin\" style='border-radius:0px; '><section class=\"av_textblock_section \"  itemscope=\"itemscope\" itemtype=\"https:\/\/schema.org\/BlogPosting\" itemprop=\"blogPost\" ><div class='avia_textblock  '   itemprop=\"text\" ><p style=\"text-align: justify;\">Tres d\u00edas dur\u00f3 la visita del Gobernador, Seremi de Econom\u00eda y Zonal de Pesca a la comuna.<\/p>\n<p style=\"text-align: justify;\">Las localidades que componen la comuna de Las Guaitecas lleva una semana de confinamiento total producto del brote comunitario del Covid-19 y que seg\u00fan informaciones entregadas por el equipo de la Seremi de Salud los contagios han ido disminuyendo producto de las medidas sanitarias que han ido cumpliendo los habitantes de Melinka y Repollal.<\/p>\n<p style=\"text-align: justify;\">La Gobernaci\u00f3n de Ays\u00e9n se instal\u00f3 en Guaitecas durante 3 d\u00edas, para abordar en terreno y con nuestros vecinos las dudas y dificultades de desplazamiento provocadas por este ingreso a fase 1, diversas reuniones en cada una de las localidades resguardando los aforos y medidas sanitarias.<\/p>\n<p style=\"text-align: justify;\">En representaci\u00f3n del Presidente Sebasti\u00e1n Pi\u00f1era y de la Intendenta Margarita Ossa una comitiva gubernamental liderada por el Gobernador Manuel Ortiz durante la semana reci\u00e9n pasada se traslad\u00f3 hasta la mencionada comuna para interiorizarse en terreno de las inquietudes ciudadanas producto del confinamiento \u201cnosotros como Gobierno nos hicimos presentes en Guaitecas, in-situ en cada una de las localidades que componen esta comuna donde hemos recogido cada una de las necesidades y eso ha sido para nosotros muy significativo\u201d.<\/p>\n<p style=\"text-align: justify;\">La autoridad provincial en este trabajo en terreno fue acompa\u00f1ado por el Seremi de Econom\u00eda y por el Director Zonal de Pesca, en donde se destac\u00f3 tambi\u00e9n el apoyo dado por la Municipalidad local \u201cquiero agradecer a la Ilustre Municipalidad de Melinka por su colaboraci\u00f3n y apoyo en facilitar dependencias para funcionarios de la gobernaci\u00f3n y permitir desarrollar nuestro trabajo para agilizar la entrega de permisos excepcionales que son propios de esta comuna, tambi\u00e9n agradecer enormemente el trabajo que ha hecho junto a m\u00ed el Seremi de Econom\u00eda don Carlos Pacheco, y el Zonal de Pesca don Eduardo Campos quienes han recogido las necesidades del sector de la pesca artesanal, el Gobierno sigue cumpliendo con toda nuestra gente de la provincia de Ays\u00e9n\u201d.<\/p>\n<\/div><\/section><\/div><div  style='height:50px' class='hr hr-invisible   avia-builder-el-6  el_after_av_one_full  el_before_av_social_share '><span class='hr-inner ' ><span class='hr-inner-style'><\/span><\/span><\/div><\/p>\n<div  class='av-social-sharing-box  avia-builder-el-7  el_after_av_hr  el_before_av_hr  '><div class='av-share-box'><h5 class='av-share-link-description av-no-toc '>Compartir esta noticia<\/h5><ul class='av-share-box-list noLightbox'><li class='av-share-link av-social-link-facebook' ><a target=\"_blank\" aria-label=\"Compartir en Facebook\" href='https:\/\/www.facebook.com\/sharer.php?u=https:\/\/radiorevelacionfm.cl\/?p=3285&#038;t=Gobierno%20atiende%20en%20terreno%20demanda%20de%20vecinos%20de%20la%20comuna%20de%20Guaitecas' aria-hidden='false' data-av_icon='\ue8f3' data-av_iconfont='entypo-fontello' title='' data-avia-related-tooltip='Compartir en Facebook' rel=\"noopener\"><span class='avia_hidden_link_text'>Compartir en Facebook<\/span><\/a><\/li><li class='av-share-link av-social-link-twitter' ><a target=\"_blank\" aria-label=\"Compartir en Twitter\" href='https:\/\/twitter.com\/share?text=Gobierno%20atiende%20en%20terreno%20demanda%20de%20vecinos%20de%20la%20comuna%20de%20Guaitecas&#038;url=https:\/\/radiorevelacionfm.cl\/?p=3285' aria-hidden='false' data-av_icon='\ue8f1' data-av_iconfont='entypo-fontello' title='' data-avia-related-tooltip='Compartir en Twitter' rel=\"noopener\"><span class='avia_hidden_link_text'>Compartir en Twitter<\/span><\/a><\/li><li class='av-share-link av-social-link-whatsapp' ><a target=\"_blank\" aria-label=\"Compartir en Whatsapp\" href='https:\/\/api.whatsapp.com\/send?text=https:\/\/radiorevelacionfm.cl\/?p=3285' aria-hidden='false' data-av_icon='\uf232' data-av_iconfont='entypo-fontello' title='' data-avia-related-tooltip='Compartir en Whatsapp' rel=\"noopener\"><span class='avia_hidden_link_text'>Compartir en Whatsapp<\/span><\/a><\/li><li class='av-share-link av-social-link-linkedin' ><a target=\"_blank\" aria-label=\"Compartir en LinkedIn\" href='https:\/\/linkedin.com\/shareArticle?mini=true&#038;title=Gobierno%20atiende%20en%20terreno%20demanda%20de%20vecinos%20de%20la%20comuna%20de%20Guaitecas&#038;url=https:\/\/radiorevelacionfm.cl\/?p=3285' aria-hidden='false' data-av_icon='\ue8fc' data-av_iconfont='entypo-fontello' title='' data-avia-related-tooltip='Compartir en LinkedIn' rel=\"noopener\"><span class='avia_hidden_link_text'>Compartir en LinkedIn<\/span><\/a><\/li><li class='av-share-link av-social-link-mail' ><a  aria-label=\"Compartir por correo\" href='mailto:?subject=Gobierno%20atiende%20en%20terreno%20demanda%20de%20vecinos%20de%20la%20comuna%20de%20Guaitecas&#038;body=https:\/\/radiorevelacionfm.cl\/?p=3285' aria-hidden='false' data-av_icon='\ue805' data-av_iconfont='entypo-fontello' title='' data-avia-related-tooltip='Compartir por correo'><span class='avia_hidden_link_text'>Compartir por correo<\/span><\/a><\/li><\/ul><\/div><\/div>\n<div  style='height:50px' class='hr hr-invisible   avia-builder-el-8  el_after_av_social_share  el_before_av_comments_list '><span class='hr-inner ' ><span class='hr-inner-style'><\/span><\/span><\/div>\n<div  class='av-buildercomment  av-blog-meta-html-info-disabled av-blog-meta-tag-disabled  '><\/div>\n","protected":false},"excerpt":{"rendered":"","protected":false},"author":1,"featured_media":0,"comment_status":"open","ping_status":"open","sticky":false,"template":"","format":"standard","meta":{"footnotes":""},"categories":[38],"tags":[],"class_list":["post-3285","post","type-post","status-publish","format-standard","hentry","category-regional"],"jetpack_featured_media_url":"","_links":{"self":[{"href":"https:\/\/radiorevelacionfm.cl\/index.php?rest_route=\/wp\/v2\/posts\/3285","targetHints":{"allow":["GET"]}}],"collection":[{"href":"https:\/\/radiorevelacionfm.cl\/index.php?rest_route=\/wp\/v2\/posts"}],"about":[{"href":"https:\/\/radiorevelacionfm.cl\/index.php?rest_route=\/wp\/v2\/types\/post"}],"author":[{"embeddable":true,"href":"https:\/\/radiorevelacionfm.cl\/index.php?rest_route=\/wp\/v2\/users\/1"}],"replies":[{"embeddable":true,"href":"https:\/\/radiorevelacionfm.cl\/index.php?rest_route=%2Fwp%2Fv2%2Fcomments&post=3285"}],"version-history":[{"count":1,"href":"https:\/\/radiorevelacionfm.cl\/index.php?rest_route=\/wp\/v2\/posts\/3285\/revisions"}],"predecessor-version":[{"id":3287,"href":"https:\/\/radiorevelacionfm.cl\/index.php?rest_route=\/wp\/v2\/posts\/3285\/revisions\/3287"}],"wp:attachment":[{"href":"https:\/\/radiorevelacionfm.cl\/index.php?rest_route=%2Fwp%2Fv2%2Fmedia&parent=3285"}],"wp:term":[{"taxonomy":"category","embeddable":true,"href":"https:\/\/radiorevelacionfm.cl\/index.php?rest_route=%2Fwp%2Fv2%2Fcategories&post=3285"},{"taxonomy":"post_tag","embeddable":true,"href":"https:\/\/radiorevelacionfm.cl\/index.php?rest_route=%2Fwp%2Fv2%2Ftags&post=3285"}],"curies":[{"name":"wp","href":"https:\/\/api.w.org\/{rel}","templated":true}]}}