{"id":32848,"date":"2023-07-11T11:05:52","date_gmt":"2023-07-11T14:05:52","guid":{"rendered":"https:\/\/radiorevelacionfm.cl\/?p=32848"},"modified":"2023-07-11T11:05:52","modified_gmt":"2023-07-11T14:05:52","slug":"centro-de-montana-el-fraile-inicia-su-temporada-2023-con-diversas-actividades-y-enfasis-en-el-sello-social","status":"publish","type":"post","link":"https:\/\/radiorevelacionfm.cl\/?p=32848","title":{"rendered":"Centro de Monta\u00f1a El Fraile inicia su temporada 2023 con diversas actividades y \u00e9nfasis en el sello social"},"content":{"rendered":"<div class=\"flex_column av_one_full  flex_column_div av-zero-column-padding first  avia-builder-el-0  el_before_av_one_full  avia-builder-el-first  \" style='border-radius:0px; '><div  class='avia-image-container  av-styling-    avia-builder-el-1  avia-builder-el-no-sibling  avia-align-center '  itemprop=\"image\" itemscope=\"itemscope\" itemtype=\"https:\/\/schema.org\/ImageObject\"  ><div class='avia-image-container-inner'><div class='avia-image-overlay-wrap'><img decoding=\"async\" class='wp-image-32849 avia-img-lazy-loading-not-32849 avia_image' src=\"https:\/\/radiorevelacionfm.cl\/wp-content\/uploads\/2023\/07\/frai5-2-2.jpeg\" alt='' title='frai5-2-2' height=\"600\" width=\"800\"  itemprop=\"thumbnailUrl\" srcset=\"https:\/\/radiorevelacionfm.cl\/wp-content\/uploads\/2023\/07\/frai5-2-2.jpeg 800w, https:\/\/radiorevelacionfm.cl\/wp-content\/uploads\/2023\/07\/frai5-2-2-300x225.jpeg 300w, https:\/\/radiorevelacionfm.cl\/wp-content\/uploads\/2023\/07\/frai5-2-2-768x576.jpeg 768w, https:\/\/radiorevelacionfm.cl\/wp-content\/uploads\/2023\/07\/frai5-2-2-705x529.jpeg 705w, https:\/\/radiorevelacionfm.cl\/wp-content\/uploads\/2023\/07\/frai5-2-2-450x338.jpeg 450w, https:\/\/radiorevelacionfm.cl\/wp-content\/uploads\/2023\/07\/frai5-2-2-600x450.jpeg 600w\" sizes=\"(max-width: 800px) 100vw, 800px\" \/><\/div><\/div><\/div><\/div><div class=\"flex_column av_one_full  flex_column_div av-zero-column-padding first  avia-builder-el-2  el_after_av_one_full  el_before_av_one_full  column-top-margin\" style='border-radius:0px; '><section class=\"av_textblock_section \"  itemscope=\"itemscope\" itemtype=\"https:\/\/schema.org\/BlogPosting\" itemprop=\"blogPost\" ><div class='avia_textblock  '   itemprop=\"text\" ><p style=\"text-align: center;\"><strong><span style=\"font-size: 18pt;\">Centro de Monta\u00f1a El Fraile inicia su temporada 2023 con diversas actividades y \u00e9nfasis en el sello social<\/span><\/strong><\/p>\n<div id=\"gtx-trans\" style=\"position: absolute; left: -50px; top: 4.31534px;\">\n<div class=\"gtx-trans-icon\"><\/div>\n<\/div>\n<\/div><\/section><\/div><div class=\"flex_column av_one_full  flex_column_div av-zero-column-padding first  avia-builder-el-4  el_after_av_one_full  el_before_av_hr  column-top-margin\" style='border-radius:0px; '><section class=\"av_textblock_section \"  itemscope=\"itemscope\" itemtype=\"https:\/\/schema.org\/BlogPosting\" itemprop=\"blogPost\" ><div class='avia_textblock  '   itemprop=\"text\" ><div>\n<p class=\"v1MsoNormal\" style=\"text-align: justify;\">Este s\u00e1bado se realiz\u00f3 el lanzamiento oficial de la temporada 2023 instancia que cont\u00f3 con la presencia de la Seremi del Deporte Mar\u00eda Eugenia Dur\u00e1n Jara y el Director Regional (s) del IND Javier Medina Mella quienes se reunieron con el Administrador del Centro Ricardo Torres para dar el vamos a la presente temporada y realizar un recorrido en las instalaciones, intercambiar impresiones con instructores, p\u00fablico y representantes de clubes que cuentan con refugios en este recinto que pertenece al Instituto Nacional de Deportes Regi\u00f3n de Ays\u00e9n.<\/p>\n<p class=\"v1MsoNormal\" style=\"text-align: justify;\"><b><u>Compromiso Social<\/u><\/b><\/p>\n<p class=\"v1MsoNormal\" style=\"text-align: justify;\">Las buenas noticias las dio a conocer la Seremi del Deporte tras reunirse con el administrador del recinto \u00abHemos sido invitados por el administrador del centro, para dar inicio a una nueva temporada invernal y estamos muy felices de anunciarles que hemos llegado a un acuerdo para que, previa reserva de fechas, las organizaciones deportivas y sociales, puedan acceder a clases gratuitas de esqu\u00ed con equipamiento inclu\u00eddo, as\u00ed como realizar visitas guiadas de senderismo y otras \u00a0actividades que nos otorga este entorno natural, tan cerca de la ciudad de Coyhaique. Esto nos alegra mucho, pues permite fomentar y facilitar el acceso al deporte blanco en m\u00e1s personas, incentivando una cultura del movimiento para todos y todas, tal como nos mandata el presidente Gabriel Boric Font\u00bb, se\u00f1al\u00f3 la Seremi Mar\u00eda Eugenia Duran Jara.<\/p>\n<p class=\"v1MsoNormal\" style=\"text-align: justify;\"><b><u>Actividades para toda la familia<\/u><\/b><\/p>\n<p class=\"v1MsoNormal\" style=\"text-align: justify;\">Por su parte el administrador de centro Ricardo Torres precis\u00f3 \u00abEstamos funcionando a full, \u00a0las pistas est\u00e1n en muy buenas condiciones, tenemos variadas actividades, nuestra escuela de esqu\u00ed est\u00e1 funcionando, tenemos actividades en raquetas,\u00a0randon\u00e9 o esqu\u00ed de traves\u00eda, iniciaci\u00f3n en paseos en la monta\u00f1a, tambi\u00e9n contarles que estamos enfocados en la parte social y en esta oportunidad vamos a traer ni\u00f1os de las comunas de Cochrane, Coyhaique y de la localidad de Cerro Castillo, asimismo estamos realizando las gestiones con el Sename\u00a0 para que ni\u00f1as y ni\u00f1os puedan venir a disfrutar de las actividades que ac\u00e1 se realizan, se las va a dar instrucci\u00f3n gratuita, les vamos a entregar equipos y vamos a contar con profesores para puedan disfrutar de las instalaciones pero con seguridad\u00bb.<\/p>\n<p class=\"v1MsoNormal\" style=\"text-align: justify;\">El Centro de Monta\u00f1a Cerro Fraile recinto que pertenece al IND, se encuentra tan s\u00f3lo 29 kil\u00f3metros de la ciudad de Coyhaique y cuenta con una superficie de\u00a0550 hect\u00e1reas, cuenta con \u00a0paisajes que sorprenden a los visitantes nacionales y extranjeros, rodeados de bosques de lenga y \u00f1irre, con son zonas ricas en biodiversidad, flora y fauna, los que lo constituyen es uno de los mejores panoramas de nuestra la regi\u00f3n no s\u00f3lo en temporada de invierno sino que tambi\u00e9n con actividades durante todo el a\u00f1o.<\/p>\n<p class=\"v1MsoNormal\" style=\"text-align: justify;\">Este a\u00f1o las condiciones clim\u00e1ticas y cantidad de nieve acumulada permitieron abrir progresivamente sus pistas y andarivel a partir de la \u00faltima semana de junio y se espera \u00a0contar con una gran afluencia de visitantes por el d\u00eda para disfrutar de la nieve y entorno \u00a0natural, adem\u00e1s de eventos como la tradicional \u00abBajada de Antorchas\u00bb que se espera se realice la \u00faltima semana de julio.<\/p>\n<p class=\"v1MsoNormal\" style=\"text-align: justify;\"><b><u>Horarios y acceso<\/u><\/b><\/p>\n<p class=\"v1MsoNormal\" style=\"text-align: justify;\">El Centro de Monta\u00f1a \u00a0Cerro El Fraile se encuentra abierto a la comunidad, su acceso es gratuito, el horario de funcionamiento es de martes a domingo de 09:00 a 16:00 horas y es muy importante respetar el horario de subida \u00a0que es de 08:00 a 13:00 horas y el horario de bajada 14:00 a 20:00 horas.<\/p>\n<p class=\"v1MsoNormal\" style=\"text-align: justify;\">M\u00e1s informaci\u00f3n sobre valor ticket y arriendo de equipos, contactarse al\u00a0<b>IG cerroelfraile<\/b>\u00a0o al correo\u00a0<b><a href=\"mailto:contacto.cerroelfraile@gmail.com\" rel=\"noreferrer\">contacto.cerroelfraile@gmail.com<\/a><\/b><\/p>\n<\/div>\n<\/div><\/section><\/div><div  style='height:50px' class='hr hr-invisible   avia-builder-el-6  el_after_av_one_full  el_before_av_social_share '><span class='hr-inner ' ><span class='hr-inner-style'><\/span><\/span><\/div><\/p>\n<div  class='av-social-sharing-box  avia-builder-el-7  el_after_av_hr  el_before_av_hr  '><div class='av-share-box'><h5 class='av-share-link-description av-no-toc '>Compartir esta noticia<\/h5><ul class='av-share-box-list noLightbox'><li class='av-share-link av-social-link-facebook' ><a target=\"_blank\" aria-label=\"Compartir en Facebook\" href='https:\/\/www.facebook.com\/sharer.php?u=https:\/\/radiorevelacionfm.cl\/?p=32848&#038;t=Centro%20de%20Monta%C3%B1a%20El%20Fraile%20inicia%20su%20temporada%202023%20con%20diversas%20actividades%20y%20%C3%A9nfasis%20en%20el%20sello%20social' aria-hidden='false' data-av_icon='\ue8f3' data-av_iconfont='entypo-fontello' title='' data-avia-related-tooltip='Compartir en Facebook' rel=\"noopener\"><span class='avia_hidden_link_text'>Compartir en Facebook<\/span><\/a><\/li><li class='av-share-link av-social-link-twitter' ><a target=\"_blank\" aria-label=\"Compartir en Twitter\" href='https:\/\/twitter.com\/share?text=Centro%20de%20Monta%C3%B1a%20El%20Fraile%20inicia%20su%20temporada%202023%20con%20diversas%20actividades%20y%20%C3%A9nfasis%20en%20el%20sello%20social&#038;url=https:\/\/radiorevelacionfm.cl\/?p=32848' aria-hidden='false' data-av_icon='\ue8f1' data-av_iconfont='entypo-fontello' title='' data-avia-related-tooltip='Compartir en Twitter' rel=\"noopener\"><span class='avia_hidden_link_text'>Compartir en Twitter<\/span><\/a><\/li><li class='av-share-link av-social-link-whatsapp' ><a target=\"_blank\" aria-label=\"Compartir en Whatsapp\" href='https:\/\/api.whatsapp.com\/send?text=https:\/\/radiorevelacionfm.cl\/?p=32848' aria-hidden='false' data-av_icon='\uf232' data-av_iconfont='entypo-fontello' title='' data-avia-related-tooltip='Compartir en Whatsapp' rel=\"noopener\"><span class='avia_hidden_link_text'>Compartir en Whatsapp<\/span><\/a><\/li><li class='av-share-link av-social-link-linkedin' ><a target=\"_blank\" aria-label=\"Compartir en LinkedIn\" href='https:\/\/linkedin.com\/shareArticle?mini=true&#038;title=Centro%20de%20Monta%C3%B1a%20El%20Fraile%20inicia%20su%20temporada%202023%20con%20diversas%20actividades%20y%20%C3%A9nfasis%20en%20el%20sello%20social&#038;url=https:\/\/radiorevelacionfm.cl\/?p=32848' aria-hidden='false' data-av_icon='\ue8fc' data-av_iconfont='entypo-fontello' title='' data-avia-related-tooltip='Compartir en LinkedIn' rel=\"noopener\"><span class='avia_hidden_link_text'>Compartir en LinkedIn<\/span><\/a><\/li><li class='av-share-link av-social-link-mail' ><a  aria-label=\"Compartir por correo\" href='mailto:?subject=Centro%20de%20Monta%C3%B1a%20El%20Fraile%20inicia%20su%20temporada%202023%20con%20diversas%20actividades%20y%20%C3%A9nfasis%20en%20el%20sello%20social&#038;body=https:\/\/radiorevelacionfm.cl\/?p=32848' aria-hidden='false' data-av_icon='\ue805' data-av_iconfont='entypo-fontello' title='' data-avia-related-tooltip='Compartir por correo'><span class='avia_hidden_link_text'>Compartir por correo<\/span><\/a><\/li><\/ul><\/div><\/div>\n<div  style='height:50px' class='hr hr-invisible   avia-builder-el-8  el_after_av_social_share  el_before_av_comments_list '><span class='hr-inner ' ><span class='hr-inner-style'><\/span><\/span><\/div>\n<div  class='av-buildercomment  av-blog-meta-html-info-disabled av-blog-meta-tag-disabled  '><\/div>\n","protected":false},"excerpt":{"rendered":"","protected":false},"author":1,"featured_media":32849,"comment_status":"open","ping_status":"open","sticky":false,"template":"","format":"standard","meta":{"footnotes":""},"categories":[40],"tags":[],"class_list":["post-32848","post","type-post","status-publish","format-standard","has-post-thumbnail","hentry","category-deportes"],"jetpack_featured_media_url":"https:\/\/radiorevelacionfm.cl\/wp-content\/uploads\/2023\/07\/frai5-2-2.jpeg","_links":{"self":[{"href":"https:\/\/radiorevelacionfm.cl\/index.php?rest_route=\/wp\/v2\/posts\/32848","targetHints":{"allow":["GET"]}}],"collection":[{"href":"https:\/\/radiorevelacionfm.cl\/index.php?rest_route=\/wp\/v2\/posts"}],"about":[{"href":"https:\/\/radiorevelacionfm.cl\/index.php?rest_route=\/wp\/v2\/types\/post"}],"author":[{"embeddable":true,"href":"https:\/\/radiorevelacionfm.cl\/index.php?rest_route=\/wp\/v2\/users\/1"}],"replies":[{"embeddable":true,"href":"https:\/\/radiorevelacionfm.cl\/index.php?rest_route=%2Fwp%2Fv2%2Fcomments&post=32848"}],"version-history":[{"count":1,"href":"https:\/\/radiorevelacionfm.cl\/index.php?rest_route=\/wp\/v2\/posts\/32848\/revisions"}],"predecessor-version":[{"id":32850,"href":"https:\/\/radiorevelacionfm.cl\/index.php?rest_route=\/wp\/v2\/posts\/32848\/revisions\/32850"}],"wp:featuredmedia":[{"embeddable":true,"href":"https:\/\/radiorevelacionfm.cl\/index.php?rest_route=\/wp\/v2\/media\/32849"}],"wp:attachment":[{"href":"https:\/\/radiorevelacionfm.cl\/index.php?rest_route=%2Fwp%2Fv2%2Fmedia&parent=32848"}],"wp:term":[{"taxonomy":"category","embeddable":true,"href":"https:\/\/radiorevelacionfm.cl\/index.php?rest_route=%2Fwp%2Fv2%2Fcategories&post=32848"},{"taxonomy":"post_tag","embeddable":true,"href":"https:\/\/radiorevelacionfm.cl\/index.php?rest_route=%2Fwp%2Fv2%2Ftags&post=32848"}],"curies":[{"name":"wp","href":"https:\/\/api.w.org\/{rel}","templated":true}]}}