{"id":32845,"date":"2023-07-10T22:00:20","date_gmt":"2023-07-11T01:00:20","guid":{"rendered":"https:\/\/radiorevelacionfm.cl\/?p=32845"},"modified":"2023-07-10T22:00:20","modified_gmt":"2023-07-11T01:00:20","slug":"operativo-de-carabineros-culmino-con-12-detenidos-por-danos-y-robo-en-coyhaique","status":"publish","type":"post","link":"https:\/\/radiorevelacionfm.cl\/?p=32845","title":{"rendered":"Operativo de Carabineros culmin\u00f3 con 12 detenidos por da\u00f1os y robo en Coyhaique"},"content":{"rendered":"<div class=\"flex_column av_one_full  flex_column_div av-zero-column-padding first  avia-builder-el-0  el_before_av_one_full  avia-builder-el-first  \" style='border-radius:0px; '><div  class='avia-image-container  av-styling-    avia-builder-el-1  avia-builder-el-no-sibling  avia-align-center '  itemprop=\"image\" itemscope=\"itemscope\" itemtype=\"https:\/\/schema.org\/ImageObject\"  ><div class='avia-image-container-inner'><div class='avia-image-overlay-wrap'><img decoding=\"async\" class='wp-image-32846 avia-img-lazy-loading-not-32846 avia_image' src=\"https:\/\/radiorevelacionfm.cl\/wp-content\/uploads\/2023\/07\/image-137-2.jpg\" alt='' title='image-137-2' height=\"600\" width=\"805\"  itemprop=\"thumbnailUrl\" srcset=\"https:\/\/radiorevelacionfm.cl\/wp-content\/uploads\/2023\/07\/image-137-2.jpg 805w, https:\/\/radiorevelacionfm.cl\/wp-content\/uploads\/2023\/07\/image-137-2-300x224.jpg 300w, https:\/\/radiorevelacionfm.cl\/wp-content\/uploads\/2023\/07\/image-137-2-768x572.jpg 768w, https:\/\/radiorevelacionfm.cl\/wp-content\/uploads\/2023\/07\/image-137-2-705x525.jpg 705w, https:\/\/radiorevelacionfm.cl\/wp-content\/uploads\/2023\/07\/image-137-2-450x335.jpg 450w, https:\/\/radiorevelacionfm.cl\/wp-content\/uploads\/2023\/07\/image-137-2-600x447.jpg 600w\" sizes=\"(max-width: 805px) 100vw, 805px\" \/><\/div><\/div><\/div><\/div><div class=\"flex_column av_one_full  flex_column_div av-zero-column-padding first  avia-builder-el-2  el_after_av_one_full  el_before_av_one_full  column-top-margin\" style='border-radius:0px; '><section class=\"av_textblock_section \"  itemscope=\"itemscope\" itemtype=\"https:\/\/schema.org\/BlogPosting\" itemprop=\"blogPost\" ><div class='avia_textblock  '   itemprop=\"text\" ><p style=\"text-align: center;\"><span style=\"font-size: 18pt;\"><b>Operativo de Carabineros culmin\u00f3 con 12 detenidos por da\u00f1os y robo en Coyhaique<\/b><\/span><\/p>\n<div id=\"gtx-trans\" style=\"position: absolute; left: -50px; top: 4.31534px;\">\n<div class=\"gtx-trans-icon\"><\/div>\n<\/div>\n<\/div><\/section><\/div><div class=\"flex_column av_one_full  flex_column_div av-zero-column-padding first  avia-builder-el-4  el_after_av_one_full  el_before_av_hr  column-top-margin\" style='border-radius:0px; '><section class=\"av_textblock_section \"  itemscope=\"itemscope\" itemtype=\"https:\/\/schema.org\/BlogPosting\" itemprop=\"blogPost\" ><div class='avia_textblock  '   itemprop=\"text\" ><p class=\"v1MsoNormal\" style=\"text-align: justify;\">Un total de 12 personas -entre ellos cinco ni\u00f1os, ni\u00f1as y adolescentes (NNA)- fueron detenidos por da\u00f1os y robo en lugar no habitado, tras un operativo policial desarrollado por Carabineros de la 1ra. Comisar\u00eda de Coyhaique con apoyo de la 5ta. Comisar\u00eda de Control del Orden P\u00fablico (COP) y el Grupo de Operaciones Policiales Especiales (GOPE) Ays\u00e9n en el contexto del Plan Calles Sin Violencia.<\/p>\n<p class=\"v1MsoNormal\" style=\"text-align: justify;\">La diligencia realizada en coordinaci\u00f3n con la Fiscal\u00eda se origin\u00f3 en horas de la madrugada de hoy en el sector alto de la ciudad, luego de recibir una denuncia sobre la presencia de un grupo de individuos causando desorden y da\u00f1os a veh\u00edculos estacionados en las inmediaciones de calle Los Pilcheros equina Simpson.<\/p>\n<p class=\"v1MsoNormal\" style=\"text-align: justify;\">Al lugar se traslad\u00f3 Carabineros del Plan Cuadrante de Seguridad Preventiva, quienes tomaron contacto con dos de las v\u00edctimas, las que dieron cuenta de da\u00f1os a tres veh\u00edculos estacionados en la v\u00eda p\u00fablica, otorgando caracter\u00edsticas sobre un grupo de al menos siete individuos, quienes habr\u00edan participado en estos hechos.<\/p>\n<p class=\"v1MsoNormal\" style=\"text-align: justify;\">Con los antecedentes recabados, Carabineros desarroll\u00f3 un patrullaje preventivo en las inmediaciones del lugar con la finalidad de dar con los responsables de los da\u00f1os, instantes en que luego de un recorrido, se percataron que un local comercial manten\u00eda la reja del antejard\u00edn abierta, sumado a signos de fuerza en la cerradura y diversas bebidas alcoh\u00f3licas esparcidas en el lugar.<\/p>\n<p class=\"v1MsoNormal\" style=\"text-align: justify;\">Acto seguido, una denuncia por ruidos molestos y des\u00f3rdenes, motiv\u00f3 la concurrencia de los funcionarios hasta Pasaje Uno con calle Los Cipreses, tras lo cual un grupo de sujetos al percatarse de la presencia policial, lanzaron botellas y diversos objetos hacia el personal.<\/p>\n<p class=\"v1MsoNormal\" style=\"text-align: justify;\"><b>Allanamiento a domicilios<\/b><\/p>\n<p class=\"v1MsoNormal\" style=\"text-align: justify;\">En este orden de ideas, Carabineros nuevamente debi\u00f3 concurrir a atender otro procedimiento de similares caracter\u00edsticas -por des\u00f3rdenes y da\u00f1os a un domicilio- en Pasaje Paso Fronterizo Coyhaique Alto, pudiendo observar una gran cantidad de personas en el lugar, por lo que concurrieron equipos especializados del GOPE y 5ta. Comisar\u00eda COP, tras lo cual los sujetos huyeron del lugar ingresando a dos domicilios del sector.<\/p>\n<p class=\"v1MsoNormal\" style=\"text-align: justify;\">En virtud de la flagrancia y apoyado por una orden judicial de entrada y registro, Carabineros allan\u00f3 ambos inmuebles logrando la detenci\u00f3n de 12 sujetos, de los cuales cinco son menores de edad (NNA).<\/p>\n<p class=\"v1MsoNormal\" style=\"text-align: justify;\">Los sujetos suman en conjunto 43 detenciones, en tanto que solo una de las imputadas registra 25 detenciones previas por diversos delitos, entre los que se encuentran robo, receptaci\u00f3n y violencia intrafamiliar.<\/p>\n<p class=\"v1MsoNormal\" style=\"text-align: justify;\">Los antecedentes por estos hechos fueron puestos en conocimiento de la Fiscal\u00eda y nueve detenidos fueron pasados a la audiencia de control de detenci\u00f3n y otras tres personas -entre ellos dos menores de edad- permanecen en espera de citaci\u00f3n por parte del Ministerio P\u00fablico.<\/p>\n<p class=\"v1MsoNormal\" style=\"text-align: justify;\">Desde enero al 2 de julio del presente a\u00f1o, Carabineros ha detenido a m\u00e1s de 2.500 personas en la regi\u00f3n, de los cuales 50 son por el delito de robo (61% m\u00e1s que en el a\u00f1o 2022).<\/p>\n<p class=\"v1MsoNormal\" style=\"text-align: justify;\">En igual periodo, se han realizado 34 allanamientos a domicilios, permitiendo la detenci\u00f3n de personas asociadas a diversos delitos y la desarticulaci\u00f3n de 35 bandas delictuales.<\/p>\n<\/div><\/section><\/div><div  style='height:50px' class='hr hr-invisible   avia-builder-el-6  el_after_av_one_full  el_before_av_social_share '><span class='hr-inner ' ><span class='hr-inner-style'><\/span><\/span><\/div><\/p>\n<div  class='av-social-sharing-box  avia-builder-el-7  el_after_av_hr  el_before_av_hr  '><div class='av-share-box'><h5 class='av-share-link-description av-no-toc '>Compartir esta noticia<\/h5><ul class='av-share-box-list noLightbox'><li class='av-share-link av-social-link-facebook' ><a target=\"_blank\" aria-label=\"Compartir en Facebook\" href='https:\/\/www.facebook.com\/sharer.php?u=https:\/\/radiorevelacionfm.cl\/?p=32845&#038;t=Operativo%20de%20Carabineros%20culmin%C3%B3%20con%2012%20detenidos%20por%20da%C3%B1os%20y%20robo%20en%20Coyhaique' aria-hidden='false' data-av_icon='\ue8f3' data-av_iconfont='entypo-fontello' title='' data-avia-related-tooltip='Compartir en Facebook' rel=\"noopener\"><span class='avia_hidden_link_text'>Compartir en Facebook<\/span><\/a><\/li><li class='av-share-link av-social-link-twitter' ><a target=\"_blank\" aria-label=\"Compartir en Twitter\" href='https:\/\/twitter.com\/share?text=Operativo%20de%20Carabineros%20culmin%C3%B3%20con%2012%20detenidos%20por%20da%C3%B1os%20y%20robo%20en%20Coyhaique&#038;url=https:\/\/radiorevelacionfm.cl\/?p=32845' aria-hidden='false' data-av_icon='\ue8f1' data-av_iconfont='entypo-fontello' title='' data-avia-related-tooltip='Compartir en Twitter' rel=\"noopener\"><span class='avia_hidden_link_text'>Compartir en Twitter<\/span><\/a><\/li><li class='av-share-link av-social-link-whatsapp' ><a target=\"_blank\" aria-label=\"Compartir en Whatsapp\" href='https:\/\/api.whatsapp.com\/send?text=https:\/\/radiorevelacionfm.cl\/?p=32845' aria-hidden='false' data-av_icon='\uf232' data-av_iconfont='entypo-fontello' title='' data-avia-related-tooltip='Compartir en Whatsapp' rel=\"noopener\"><span class='avia_hidden_link_text'>Compartir en Whatsapp<\/span><\/a><\/li><li class='av-share-link av-social-link-linkedin' ><a target=\"_blank\" aria-label=\"Compartir en LinkedIn\" href='https:\/\/linkedin.com\/shareArticle?mini=true&#038;title=Operativo%20de%20Carabineros%20culmin%C3%B3%20con%2012%20detenidos%20por%20da%C3%B1os%20y%20robo%20en%20Coyhaique&#038;url=https:\/\/radiorevelacionfm.cl\/?p=32845' aria-hidden='false' data-av_icon='\ue8fc' data-av_iconfont='entypo-fontello' title='' data-avia-related-tooltip='Compartir en LinkedIn' rel=\"noopener\"><span class='avia_hidden_link_text'>Compartir en LinkedIn<\/span><\/a><\/li><li class='av-share-link av-social-link-mail' ><a  aria-label=\"Compartir por correo\" href='mailto:?subject=Operativo%20de%20Carabineros%20culmin%C3%B3%20con%2012%20detenidos%20por%20da%C3%B1os%20y%20robo%20en%20Coyhaique&#038;body=https:\/\/radiorevelacionfm.cl\/?p=32845' aria-hidden='false' data-av_icon='\ue805' data-av_iconfont='entypo-fontello' title='' data-avia-related-tooltip='Compartir por correo'><span class='avia_hidden_link_text'>Compartir por correo<\/span><\/a><\/li><\/ul><\/div><\/div>\n<div  style='height:50px' class='hr hr-invisible   avia-builder-el-8  el_after_av_social_share  el_before_av_comments_list '><span class='hr-inner ' ><span class='hr-inner-style'><\/span><\/span><\/div>\n<div  class='av-buildercomment  av-blog-meta-html-info-disabled av-blog-meta-tag-disabled  '><\/div>\n","protected":false},"excerpt":{"rendered":"","protected":false},"author":1,"featured_media":32846,"comment_status":"open","ping_status":"open","sticky":false,"template":"","format":"standard","meta":{"footnotes":""},"categories":[36],"tags":[],"class_list":["post-32845","post","type-post","status-publish","format-standard","has-post-thumbnail","hentry","category-policial"],"jetpack_featured_media_url":"https:\/\/radiorevelacionfm.cl\/wp-content\/uploads\/2023\/07\/image-137-2.jpg","_links":{"self":[{"href":"https:\/\/radiorevelacionfm.cl\/index.php?rest_route=\/wp\/v2\/posts\/32845","targetHints":{"allow":["GET"]}}],"collection":[{"href":"https:\/\/radiorevelacionfm.cl\/index.php?rest_route=\/wp\/v2\/posts"}],"about":[{"href":"https:\/\/radiorevelacionfm.cl\/index.php?rest_route=\/wp\/v2\/types\/post"}],"author":[{"embeddable":true,"href":"https:\/\/radiorevelacionfm.cl\/index.php?rest_route=\/wp\/v2\/users\/1"}],"replies":[{"embeddable":true,"href":"https:\/\/radiorevelacionfm.cl\/index.php?rest_route=%2Fwp%2Fv2%2Fcomments&post=32845"}],"version-history":[{"count":1,"href":"https:\/\/radiorevelacionfm.cl\/index.php?rest_route=\/wp\/v2\/posts\/32845\/revisions"}],"predecessor-version":[{"id":32847,"href":"https:\/\/radiorevelacionfm.cl\/index.php?rest_route=\/wp\/v2\/posts\/32845\/revisions\/32847"}],"wp:featuredmedia":[{"embeddable":true,"href":"https:\/\/radiorevelacionfm.cl\/index.php?rest_route=\/wp\/v2\/media\/32846"}],"wp:attachment":[{"href":"https:\/\/radiorevelacionfm.cl\/index.php?rest_route=%2Fwp%2Fv2%2Fmedia&parent=32845"}],"wp:term":[{"taxonomy":"category","embeddable":true,"href":"https:\/\/radiorevelacionfm.cl\/index.php?rest_route=%2Fwp%2Fv2%2Fcategories&post=32845"},{"taxonomy":"post_tag","embeddable":true,"href":"https:\/\/radiorevelacionfm.cl\/index.php?rest_route=%2Fwp%2Fv2%2Ftags&post=32845"}],"curies":[{"name":"wp","href":"https:\/\/api.w.org\/{rel}","templated":true}]}}