{"id":32842,"date":"2023-07-10T21:34:03","date_gmt":"2023-07-11T00:34:03","guid":{"rendered":"https:\/\/radiorevelacionfm.cl\/?p=32842"},"modified":"2023-07-26T22:20:00","modified_gmt":"2023-07-27T01:20:00","slug":"__trashed-7","status":"publish","type":"post","link":"https:\/\/radiorevelacionfm.cl\/?p=32842","title":{"rendered":"IPC de junio sorprende: Inflaci\u00f3n cae por segunda vez en el a\u00f1o"},"content":{"rendered":"<div class=\"flex_column av_one_full  flex_column_div av-zero-column-padding first  avia-builder-el-0  el_before_av_one_full  avia-builder-el-first  \" style='border-radius:0px; '><div  class='avia-image-container  av-styling-    avia-builder-el-1  avia-builder-el-no-sibling  avia-align-center '  itemprop=\"image\" itemscope=\"itemscope\" itemtype=\"https:\/\/schema.org\/ImageObject\"  ><div class='avia-image-container-inner'><div class='avia-image-overlay-wrap'><img decoding=\"async\" class='wp-image-32843 avia-img-lazy-loading-not-32843 avia_image' src=\"https:\/\/radiorevelacionfm.cl\/wp-content\/uploads\/2023\/07\/FOTO_IPC_Economia_Segegob-2-2-2.jpg\" alt='' title='FOTO_IPC_Economia_Segegob-2-2-2' height=\"600\" width=\"750\"  itemprop=\"thumbnailUrl\" srcset=\"https:\/\/radiorevelacionfm.cl\/wp-content\/uploads\/2023\/07\/FOTO_IPC_Economia_Segegob-2-2-2.jpg 750w, https:\/\/radiorevelacionfm.cl\/wp-content\/uploads\/2023\/07\/FOTO_IPC_Economia_Segegob-2-2-2-300x240.jpg 300w, https:\/\/radiorevelacionfm.cl\/wp-content\/uploads\/2023\/07\/FOTO_IPC_Economia_Segegob-2-2-2-705x564.jpg 705w, https:\/\/radiorevelacionfm.cl\/wp-content\/uploads\/2023\/07\/FOTO_IPC_Economia_Segegob-2-2-2-450x360.jpg 450w, https:\/\/radiorevelacionfm.cl\/wp-content\/uploads\/2023\/07\/FOTO_IPC_Economia_Segegob-2-2-2-600x480.jpg 600w\" sizes=\"(max-width: 750px) 100vw, 750px\" \/><\/div><\/div><\/div><\/div>\n<div class=\"flex_column av_one_full  flex_column_div av-zero-column-padding first  avia-builder-el-2  el_after_av_one_full  el_before_av_one_full  column-top-margin\" style='border-radius:0px; '><section class=\"av_textblock_section \"  itemscope=\"itemscope\" itemtype=\"https:\/\/schema.org\/BlogPosting\" itemprop=\"blogPost\" ><div class='avia_textblock  '   itemprop=\"text\" ><p style=\"text-align: center;\"><span style=\"font-size: 18pt;\"><b>IPC de junio sorprende: Inflaci\u00f3n cae por segunda vez en el a\u00f1o<\/b><\/span><\/p>\n<div id=\"gtx-trans\" style=\"position: absolute; left: -50px; top: 4.31534px;\">\n<div class=\"gtx-trans-icon\"><\/div>\n<\/div>\n<\/div><\/section><\/div>\n<div class=\"flex_column av_one_full  flex_column_div av-zero-column-padding first  avia-builder-el-4  el_after_av_one_full  el_before_av_hr  column-top-margin\" style='border-radius:0px; '><section class=\"av_textblock_section \"  itemscope=\"itemscope\" itemtype=\"https:\/\/schema.org\/BlogPosting\" itemprop=\"blogPost\" ><div class='avia_textblock  '   itemprop=\"text\" ><p class=\"v1MsoNormal\" style=\"text-align: justify;\">El \u00cdndice de Precios al Consumidor (IPC) del mes de junio mostr\u00f3 se\u00f1ales de concentraci\u00f3n, manteniendo la tendencia a la baja de la inflaci\u00f3n en su variaci\u00f3n anual.<\/p>\n<p class=\"v1MsoNormal\" style=\"text-align: justify;\">Seg\u00fan lo informado por el Instituto Nacional de Estad\u00edsticas (INE), el IPC del mes pasado anot\u00f3 una ca\u00edda de 0.2% en su variaci\u00f3n mensual, logrando un acumulado en 12 meses de 7.6%, cifra menor a la observada en los \u00faltimos meses y alej\u00e1ndose de las cifras de dos d\u00edgitos vistas el a\u00f1o pasado.<\/p>\n<p class=\"v1MsoNormal\" style=\"text-align: justify;\">De esta forma, seg\u00fan las \u00faltimas proyecciones del mercado, en base a informes publicados del Banco Central respecto al tema, se esperaba que la inflaci\u00f3n anotara una variaci\u00f3n mensual entre 0,2% y 0,1%.<\/p>\n<p class=\"v1MsoNormal\" style=\"text-align: justify;\">As\u00ed, el IPC en su variaci\u00f3n anual, logr\u00f3 su s\u00e9ptima ca\u00edda consecutiva. De manera que, siete de las doce divisiones que conforman la canasta del IPC incidieron en forma negativa en la variaci\u00f3n mensual del \u00edndice, cuatro aportaron una incidencia positiva y una present\u00f3 nula incidencia. Entre las divisiones con disminuciones en sus precios destac\u00f3 vestuario y calzado (-2,4%),\u00a0 y transporte (-0,4%).<\/p>\n<p class=\"v1MsoNormal\" style=\"text-align: justify;\">Estas positivas cifras tienen diversos efectos, por una parte, en lo inmediato baja la UF y por lo tanto es un alivio para quienes tienen cr\u00e9ditos en UF. Adem\u00e1s son se\u00f1ales claras de que existe un mayor control sobre la inflaci\u00f3n en el pa\u00eds, como resultado de las pol\u00edticas macroec\u00f3nomicas llevadas a cabo en Chile.<\/p>\n<p class=\"v1MsoNormal\" style=\"text-align: justify;\">De acuerdo a lo se\u00f1alado por Felipe Rojas Pizarro, SEREMI de Econom\u00eda, Fomento y Turismo de la Regi\u00f3n de Ays\u00e9n, \u00abLos diversos analistas, tanto p\u00fablicos como privados, prev\u00e9n una pronta baja de tasas de inter\u00e9s por parte del Banco Central. La variaci\u00f3n del IPC refuerza esta conclusi\u00f3n. Derivado de esto, se puede esperar una recuperaci\u00f3n paulatina del consumo y la inversi\u00f3n privada\u00bb.<\/p>\n<p class=\"v1MsoNormal\" style=\"text-align: justify;\">Rojas Pizarro adem\u00e1s indic\u00f3 que \u00abDesde el Ministerio de Econom\u00eda, se est\u00e1 trabajando en distintas iniciativas para promover la inversi\u00f3n privada, entre estas se encuentra un proyecto de ley que busca hacer una reforma estructural a los permisos sectoriales que requiere la inversi\u00f3n privada, buscando agilizar la tramitaci\u00f3n de las distintas iniciativas de inversi\u00f3n y as\u00ed promover un mayor crecimiento en el pa\u00eds\u00bb.<\/p>\n<p class=\"v1MsoNormal\" style=\"text-align: justify;\">Para Tatiana Pl\u00e1 \u00c1lvarez, Vocera de Gobierno en Ays\u00e9n, se\u00f1al\u00f3 que \u00abEn base a los datos del INE, la inflaci\u00f3n se encuentra en su menor nivel desde diciembre del 2021; esto se ha logrado por las estrategias que como Gobierno hemos llevado a cabo, y frente a la responsabilidad fiscal del gobierno de nuestro Presidente, Gabriel Boric.\u00bb Adem\u00e1s Pl\u00e1 \u00c1lvarez se\u00f1al\u00f3 que \u00abEsperamos que estas buenas cifras sigan siendo tendencia en nuestro pa\u00eds, porque esto tambi\u00e9n se traduce en un alivio para las familias Ayseninas\u00bb.<\/p>\n<\/div><\/section><\/div><div  style='height:50px' class='hr hr-invisible   avia-builder-el-6  el_after_av_one_full  el_before_av_social_share '><span class='hr-inner ' ><span class='hr-inner-style'><\/span><\/span><\/div><\/p>\n<div  class='av-social-sharing-box  avia-builder-el-7  el_after_av_hr  el_before_av_hr  '><div class='av-share-box'><h5 class='av-share-link-description av-no-toc '>Compartir esta noticia<\/h5><ul class='av-share-box-list noLightbox'><li class='av-share-link av-social-link-facebook' ><a target=\"_blank\" aria-label=\"Compartir en Facebook\" href='https:\/\/www.facebook.com\/sharer.php?u=https:\/\/radiorevelacionfm.cl\/?p=32842&#038;t=IPC%20de%20junio%20sorprende%3A%20Inflaci%C3%B3n%20cae%20por%20segunda%20vez%20en%20el%20a%C3%B1o' aria-hidden='false' data-av_icon='\ue8f3' data-av_iconfont='entypo-fontello' title='' data-avia-related-tooltip='Compartir en Facebook' rel=\"noopener\"><span class='avia_hidden_link_text'>Compartir en Facebook<\/span><\/a><\/li><li class='av-share-link av-social-link-twitter' ><a target=\"_blank\" aria-label=\"Compartir en Twitter\" href='https:\/\/twitter.com\/share?text=IPC%20de%20junio%20sorprende%3A%20Inflaci%C3%B3n%20cae%20por%20segunda%20vez%20en%20el%20a%C3%B1o&#038;url=https:\/\/radiorevelacionfm.cl\/?p=32842' aria-hidden='false' data-av_icon='\ue8f1' data-av_iconfont='entypo-fontello' title='' data-avia-related-tooltip='Compartir en Twitter' rel=\"noopener\"><span class='avia_hidden_link_text'>Compartir en Twitter<\/span><\/a><\/li><li class='av-share-link av-social-link-whatsapp' ><a target=\"_blank\" aria-label=\"Compartir en Whatsapp\" href='https:\/\/api.whatsapp.com\/send?text=https:\/\/radiorevelacionfm.cl\/?p=32842' aria-hidden='false' data-av_icon='\uf232' data-av_iconfont='entypo-fontello' title='' data-avia-related-tooltip='Compartir en Whatsapp' rel=\"noopener\"><span class='avia_hidden_link_text'>Compartir en Whatsapp<\/span><\/a><\/li><li class='av-share-link av-social-link-linkedin' ><a target=\"_blank\" aria-label=\"Compartir en LinkedIn\" href='https:\/\/linkedin.com\/shareArticle?mini=true&#038;title=IPC%20de%20junio%20sorprende%3A%20Inflaci%C3%B3n%20cae%20por%20segunda%20vez%20en%20el%20a%C3%B1o&#038;url=https:\/\/radiorevelacionfm.cl\/?p=32842' aria-hidden='false' data-av_icon='\ue8fc' data-av_iconfont='entypo-fontello' title='' data-avia-related-tooltip='Compartir en LinkedIn' rel=\"noopener\"><span class='avia_hidden_link_text'>Compartir en LinkedIn<\/span><\/a><\/li><li class='av-share-link av-social-link-mail' ><a  aria-label=\"Compartir por correo\" href='mailto:?subject=IPC%20de%20junio%20sorprende%3A%20Inflaci%C3%B3n%20cae%20por%20segunda%20vez%20en%20el%20a%C3%B1o&#038;body=https:\/\/radiorevelacionfm.cl\/?p=32842' aria-hidden='false' data-av_icon='\ue805' data-av_iconfont='entypo-fontello' title='' data-avia-related-tooltip='Compartir por correo'><span class='avia_hidden_link_text'>Compartir por correo<\/span><\/a><\/li><\/ul><\/div><\/div>\n<div  style='height:50px' class='hr hr-invisible   avia-builder-el-8  el_after_av_social_share  el_before_av_comments_list '><span class='hr-inner ' ><span class='hr-inner-style'><\/span><\/span><\/div>\n<div  class='av-buildercomment  av-blog-meta-html-info-disabled av-blog-meta-tag-disabled  '><\/div>\n","protected":false},"excerpt":{"rendered":"","protected":false},"author":1,"featured_media":32843,"comment_status":"open","ping_status":"open","sticky":false,"template":"","format":"standard","meta":{"footnotes":""},"categories":[38],"tags":[],"class_list":["post-32842","post","type-post","status-publish","format-standard","has-post-thumbnail","hentry","category-regional"],"jetpack_featured_media_url":"https:\/\/radiorevelacionfm.cl\/wp-content\/uploads\/2023\/07\/FOTO_IPC_Economia_Segegob-2-2-2.jpg","_links":{"self":[{"href":"https:\/\/radiorevelacionfm.cl\/index.php?rest_route=\/wp\/v2\/posts\/32842","targetHints":{"allow":["GET"]}}],"collection":[{"href":"https:\/\/radiorevelacionfm.cl\/index.php?rest_route=\/wp\/v2\/posts"}],"about":[{"href":"https:\/\/radiorevelacionfm.cl\/index.php?rest_route=\/wp\/v2\/types\/post"}],"author":[{"embeddable":true,"href":"https:\/\/radiorevelacionfm.cl\/index.php?rest_route=\/wp\/v2\/users\/1"}],"replies":[{"embeddable":true,"href":"https:\/\/radiorevelacionfm.cl\/index.php?rest_route=%2Fwp%2Fv2%2Fcomments&post=32842"}],"version-history":[{"count":2,"href":"https:\/\/radiorevelacionfm.cl\/index.php?rest_route=\/wp\/v2\/posts\/32842\/revisions"}],"predecessor-version":[{"id":33272,"href":"https:\/\/radiorevelacionfm.cl\/index.php?rest_route=\/wp\/v2\/posts\/32842\/revisions\/33272"}],"wp:featuredmedia":[{"embeddable":true,"href":"https:\/\/radiorevelacionfm.cl\/index.php?rest_route=\/wp\/v2\/media\/32843"}],"wp:attachment":[{"href":"https:\/\/radiorevelacionfm.cl\/index.php?rest_route=%2Fwp%2Fv2%2Fmedia&parent=32842"}],"wp:term":[{"taxonomy":"category","embeddable":true,"href":"https:\/\/radiorevelacionfm.cl\/index.php?rest_route=%2Fwp%2Fv2%2Fcategories&post=32842"},{"taxonomy":"post_tag","embeddable":true,"href":"https:\/\/radiorevelacionfm.cl\/index.php?rest_route=%2Fwp%2Fv2%2Ftags&post=32842"}],"curies":[{"name":"wp","href":"https:\/\/api.w.org\/{rel}","templated":true}]}}