{"id":32839,"date":"2023-07-10T22:16:32","date_gmt":"2023-07-11T01:16:32","guid":{"rendered":"https:\/\/radiorevelacionfm.cl\/?p=32839"},"modified":"2023-07-10T22:16:32","modified_gmt":"2023-07-11T01:16:32","slug":"senadora-ordenes-presento-modificaciones-a-la-ley-indigena-para-reconocer-al-pueblo-huilliche","status":"publish","type":"post","link":"https:\/\/radiorevelacionfm.cl\/?p=32839","title":{"rendered":"Senadora \u00d3rdenes present\u00f3 modificaciones a la Ley Ind\u00edgena para reconocer al pueblo Huilliche"},"content":{"rendered":"<div class=\"flex_column av_one_full  flex_column_div av-zero-column-padding first  avia-builder-el-0  el_before_av_one_full  avia-builder-el-first  \" style='border-radius:0px; '><div  class='avia-image-container  av-styling-    avia-builder-el-1  avia-builder-el-no-sibling  avia-align-center '  itemprop=\"image\" itemscope=\"itemscope\" itemtype=\"https:\/\/schema.org\/ImageObject\"  ><div class='avia-image-container-inner'><div class='avia-image-overlay-wrap'><img decoding=\"async\" class='wp-image-32840 avia-img-lazy-loading-not-32840 avia_image' src=\"https:\/\/radiorevelacionfm.cl\/wp-content\/uploads\/2023\/07\/image-136-2.jpg\" alt='' title='image-136-2' height=\"600\" width=\"731\"  itemprop=\"thumbnailUrl\" srcset=\"https:\/\/radiorevelacionfm.cl\/wp-content\/uploads\/2023\/07\/image-136-2.jpg 731w, https:\/\/radiorevelacionfm.cl\/wp-content\/uploads\/2023\/07\/image-136-2-300x246.jpg 300w, https:\/\/radiorevelacionfm.cl\/wp-content\/uploads\/2023\/07\/image-136-2-705x579.jpg 705w, https:\/\/radiorevelacionfm.cl\/wp-content\/uploads\/2023\/07\/image-136-2-450x369.jpg 450w, https:\/\/radiorevelacionfm.cl\/wp-content\/uploads\/2023\/07\/image-136-2-600x492.jpg 600w\" sizes=\"(max-width: 731px) 100vw, 731px\" \/><\/div><\/div><\/div><\/div><div class=\"flex_column av_one_full  flex_column_div av-zero-column-padding first  avia-builder-el-2  el_after_av_one_full  el_before_av_one_full  column-top-margin\" style='border-radius:0px; '><section class=\"av_textblock_section \"  itemscope=\"itemscope\" itemtype=\"https:\/\/schema.org\/BlogPosting\" itemprop=\"blogPost\" ><div class='avia_textblock  '   itemprop=\"text\" ><p style=\"text-align: center;\"><strong><span style=\"font-size: 18pt;\">Senadora \u00d3rdenes present\u00f3 modificaciones a la Ley Ind\u00edgena para reconocer al pueblo Huilliche<\/span><\/strong><\/p>\n<div id=\"gtx-trans\" style=\"position: absolute; left: -50px; top: 4.31534px;\">\n<div class=\"gtx-trans-icon\"><\/div>\n<\/div>\n<\/div><\/section><\/div><div class=\"flex_column av_one_full  flex_column_div av-zero-column-padding first  avia-builder-el-4  el_after_av_one_full  el_before_av_hr  column-top-margin\" style='border-radius:0px; '><section class=\"av_textblock_section \"  itemscope=\"itemscope\" itemtype=\"https:\/\/schema.org\/BlogPosting\" itemprop=\"blogPost\" ><div class='avia_textblock  '   itemprop=\"text\" ><p style=\"text-align: justify;\">Los Senadores Ximena Ordenes e Iv\u00e1n Moreira, acompa\u00f1ados por sus pares Francisco Chahu\u00e1n, Gast\u00f3n Saavedra y Enrique Van Rysselberghe, presentaron un proyecto de ley para reconocer al pueblo Huilliche como una nueva etnia ind\u00edgena de Chile.<\/p>\n<p style=\"text-align: justify;\">Hasta el d\u00eda de hoy, son reconocidos como principales etnias ind\u00edgenas, los pueblos Mapuches, Aimara, Rapa Nui, Atacame\u00f1os, Quechuas, Collas, Changos, Diaguitas Kawashkar y Y\u00e1mana. La actual legislaci\u00f3n no considera a los Huilliches como una etnia aut\u00f3noma, sino que como una subfamilia del pueblo Mapuche, al igual que los Pehuenches y los Lafquenches, estableci\u00e9ndose meramente un reconocimiento territorial.<\/p>\n<p style=\"text-align: justify;\">En este sentido, la Senadora por Ays\u00e9n, Ximena Ordenes Neira, afirm\u00f3 que espera se discuta prontamente este proyecto de Ley en la Comisi\u00f3n de Derechos Humanos del Senado. \u00abExiste evidencia de las diferencias culturales entre Huilliches y Mapuches y tal como me lo han planteado comunidades ind\u00edgenas de Ays\u00e9n tienen derecho a ser reconocidos y se debe garantizar su derecho a la autoidentificaci\u00f3n\u00bb.<\/p>\n<p style=\"text-align: justify;\">La Parlamentaria record\u00f3 que el convenio 169 de la OIT, \u201csobre Pueblos Ind\u00edgenas y Tribales\u201d, al que Chile est\u00e1 adscrito desde 2009, establece que la \u201cconciencia de su identidad indigena y tribal sera ser un criterio fundamental para determinar los grupos a los que se apliquen las disposiciones de este convenio\u201d, lo que a su juicio es argumento suficiente para el reconocimiento de la etnia Huilliche.<\/p>\n<\/div><\/section><\/div><div  style='height:50px' class='hr hr-invisible   avia-builder-el-6  el_after_av_one_full  el_before_av_social_share '><span class='hr-inner ' ><span class='hr-inner-style'><\/span><\/span><\/div><\/p>\n<div  class='av-social-sharing-box  avia-builder-el-7  el_after_av_hr  el_before_av_hr  '><div class='av-share-box'><h5 class='av-share-link-description av-no-toc '>Compartir esta noticia<\/h5><ul class='av-share-box-list noLightbox'><li class='av-share-link av-social-link-facebook' ><a target=\"_blank\" aria-label=\"Compartir en Facebook\" href='https:\/\/www.facebook.com\/sharer.php?u=https:\/\/radiorevelacionfm.cl\/?p=32839&#038;t=Senadora%20%C3%93rdenes%20present%C3%B3%20modificaciones%20a%20la%20Ley%20Ind%C3%ADgena%20para%20reconocer%20al%20pueblo%20Huilliche' aria-hidden='false' data-av_icon='\ue8f3' data-av_iconfont='entypo-fontello' title='' data-avia-related-tooltip='Compartir en Facebook' rel=\"noopener\"><span class='avia_hidden_link_text'>Compartir en Facebook<\/span><\/a><\/li><li class='av-share-link av-social-link-twitter' ><a target=\"_blank\" aria-label=\"Compartir en Twitter\" href='https:\/\/twitter.com\/share?text=Senadora%20%C3%93rdenes%20present%C3%B3%20modificaciones%20a%20la%20Ley%20Ind%C3%ADgena%20para%20reconocer%20al%20pueblo%20Huilliche&#038;url=https:\/\/radiorevelacionfm.cl\/?p=32839' aria-hidden='false' data-av_icon='\ue8f1' data-av_iconfont='entypo-fontello' title='' data-avia-related-tooltip='Compartir en Twitter' rel=\"noopener\"><span class='avia_hidden_link_text'>Compartir en Twitter<\/span><\/a><\/li><li class='av-share-link av-social-link-whatsapp' ><a target=\"_blank\" aria-label=\"Compartir en Whatsapp\" href='https:\/\/api.whatsapp.com\/send?text=https:\/\/radiorevelacionfm.cl\/?p=32839' aria-hidden='false' data-av_icon='\uf232' data-av_iconfont='entypo-fontello' title='' data-avia-related-tooltip='Compartir en Whatsapp' rel=\"noopener\"><span class='avia_hidden_link_text'>Compartir en Whatsapp<\/span><\/a><\/li><li class='av-share-link av-social-link-linkedin' ><a target=\"_blank\" aria-label=\"Compartir en LinkedIn\" href='https:\/\/linkedin.com\/shareArticle?mini=true&#038;title=Senadora%20%C3%93rdenes%20present%C3%B3%20modificaciones%20a%20la%20Ley%20Ind%C3%ADgena%20para%20reconocer%20al%20pueblo%20Huilliche&#038;url=https:\/\/radiorevelacionfm.cl\/?p=32839' aria-hidden='false' data-av_icon='\ue8fc' data-av_iconfont='entypo-fontello' title='' data-avia-related-tooltip='Compartir en LinkedIn' rel=\"noopener\"><span class='avia_hidden_link_text'>Compartir en LinkedIn<\/span><\/a><\/li><li class='av-share-link av-social-link-mail' ><a  aria-label=\"Compartir por correo\" href='mailto:?subject=Senadora%20%C3%93rdenes%20present%C3%B3%20modificaciones%20a%20la%20Ley%20Ind%C3%ADgena%20para%20reconocer%20al%20pueblo%20Huilliche&#038;body=https:\/\/radiorevelacionfm.cl\/?p=32839' aria-hidden='false' data-av_icon='\ue805' data-av_iconfont='entypo-fontello' title='' data-avia-related-tooltip='Compartir por correo'><span class='avia_hidden_link_text'>Compartir por correo<\/span><\/a><\/li><\/ul><\/div><\/div>\n<div  style='height:50px' class='hr hr-invisible   avia-builder-el-8  el_after_av_social_share  el_before_av_comments_list '><span class='hr-inner ' ><span class='hr-inner-style'><\/span><\/span><\/div>\n<div  class='av-buildercomment  av-blog-meta-html-info-disabled av-blog-meta-tag-disabled  '><\/div>\n","protected":false},"excerpt":{"rendered":"","protected":false},"author":1,"featured_media":32840,"comment_status":"open","ping_status":"open","sticky":false,"template":"","format":"standard","meta":{"footnotes":""},"categories":[35],"tags":[],"class_list":["post-32839","post","type-post","status-publish","format-standard","has-post-thumbnail","hentry","category-politica"],"jetpack_featured_media_url":"https:\/\/radiorevelacionfm.cl\/wp-content\/uploads\/2023\/07\/image-136-2.jpg","_links":{"self":[{"href":"https:\/\/radiorevelacionfm.cl\/index.php?rest_route=\/wp\/v2\/posts\/32839","targetHints":{"allow":["GET"]}}],"collection":[{"href":"https:\/\/radiorevelacionfm.cl\/index.php?rest_route=\/wp\/v2\/posts"}],"about":[{"href":"https:\/\/radiorevelacionfm.cl\/index.php?rest_route=\/wp\/v2\/types\/post"}],"author":[{"embeddable":true,"href":"https:\/\/radiorevelacionfm.cl\/index.php?rest_route=\/wp\/v2\/users\/1"}],"replies":[{"embeddable":true,"href":"https:\/\/radiorevelacionfm.cl\/index.php?rest_route=%2Fwp%2Fv2%2Fcomments&post=32839"}],"version-history":[{"count":1,"href":"https:\/\/radiorevelacionfm.cl\/index.php?rest_route=\/wp\/v2\/posts\/32839\/revisions"}],"predecessor-version":[{"id":32841,"href":"https:\/\/radiorevelacionfm.cl\/index.php?rest_route=\/wp\/v2\/posts\/32839\/revisions\/32841"}],"wp:featuredmedia":[{"embeddable":true,"href":"https:\/\/radiorevelacionfm.cl\/index.php?rest_route=\/wp\/v2\/media\/32840"}],"wp:attachment":[{"href":"https:\/\/radiorevelacionfm.cl\/index.php?rest_route=%2Fwp%2Fv2%2Fmedia&parent=32839"}],"wp:term":[{"taxonomy":"category","embeddable":true,"href":"https:\/\/radiorevelacionfm.cl\/index.php?rest_route=%2Fwp%2Fv2%2Fcategories&post=32839"},{"taxonomy":"post_tag","embeddable":true,"href":"https:\/\/radiorevelacionfm.cl\/index.php?rest_route=%2Fwp%2Fv2%2Ftags&post=32839"}],"curies":[{"name":"wp","href":"https:\/\/api.w.org\/{rel}","templated":true}]}}