{"id":32836,"date":"2023-07-10T19:00:30","date_gmt":"2023-07-10T22:00:30","guid":{"rendered":"https:\/\/radiorevelacionfm.cl\/?p=32836"},"modified":"2023-07-10T19:00:30","modified_gmt":"2023-07-10T22:00:30","slug":"estudiantes-de-educacion-basica-y-media-fueron-protagonistas-de-los-campamentos-de-invierno-en-ingles-2023-en-puerto-aysen-y-coyhaique","status":"publish","type":"post","link":"https:\/\/radiorevelacionfm.cl\/?p=32836","title":{"rendered":"Estudiantes de educaci\u00f3n b\u00e1sica y media fueron protagonistas de los Campamentos de Invierno en Ingl\u00e9s 2023 en Puerto Ays\u00e9n y Coyhaique"},"content":{"rendered":"<div class=\"flex_column av_one_full  flex_column_div av-zero-column-padding first  avia-builder-el-0  el_before_av_one_full  avia-builder-el-first  \" style='border-radius:0px; '><div  class='avia-image-container  av-styling-    avia-builder-el-1  avia-builder-el-no-sibling  avia-align-center '  itemprop=\"image\" itemscope=\"itemscope\" itemtype=\"https:\/\/schema.org\/ImageObject\"  ><div class='avia-image-container-inner'><div class='avia-image-overlay-wrap'><img decoding=\"async\" class='wp-image-32837 avia-img-lazy-loading-not-32837 avia_image' src=\"https:\/\/radiorevelacionfm.cl\/wp-content\/uploads\/2023\/07\/Campamento-aysen-2-2.jpg\" alt='' title='Campamento aysen-2-2' height=\"600\" width=\"800\"  itemprop=\"thumbnailUrl\" srcset=\"https:\/\/radiorevelacionfm.cl\/wp-content\/uploads\/2023\/07\/Campamento-aysen-2-2.jpg 800w, https:\/\/radiorevelacionfm.cl\/wp-content\/uploads\/2023\/07\/Campamento-aysen-2-2-300x225.jpg 300w, https:\/\/radiorevelacionfm.cl\/wp-content\/uploads\/2023\/07\/Campamento-aysen-2-2-768x576.jpg 768w, https:\/\/radiorevelacionfm.cl\/wp-content\/uploads\/2023\/07\/Campamento-aysen-2-2-705x529.jpg 705w, https:\/\/radiorevelacionfm.cl\/wp-content\/uploads\/2023\/07\/Campamento-aysen-2-2-450x338.jpg 450w, https:\/\/radiorevelacionfm.cl\/wp-content\/uploads\/2023\/07\/Campamento-aysen-2-2-600x450.jpg 600w\" sizes=\"(max-width: 800px) 100vw, 800px\" \/><\/div><\/div><\/div><\/div><div class=\"flex_column av_one_full  flex_column_div av-zero-column-padding first  avia-builder-el-2  el_after_av_one_full  el_before_av_one_full  column-top-margin\" style='border-radius:0px; '><section class=\"av_textblock_section \"  itemscope=\"itemscope\" itemtype=\"https:\/\/schema.org\/BlogPosting\" itemprop=\"blogPost\" ><div class='avia_textblock  '   itemprop=\"text\" ><p style=\"text-align: center;\"><span style=\"font-size: 18pt;\"><b><span lang=\"ES\">Estudiantes de educaci\u00f3n b\u00e1sica y media fueron protagonistas de los Campamentos de Invierno en Ingl\u00e9s 2023 en Puerto Ays\u00e9n y Coyhaique<\/span><\/b><\/span><\/p>\n<div id=\"gtx-trans\" style=\"position: absolute; left: -50px; top: 4.31534px;\">\n<div class=\"gtx-trans-icon\"><\/div>\n<\/div>\n<\/div><\/section><\/div><div class=\"flex_column av_one_full  flex_column_div av-zero-column-padding first  avia-builder-el-4  el_after_av_one_full  el_before_av_hr  column-top-margin\" style='border-radius:0px; '><section class=\"av_textblock_section \"  itemscope=\"itemscope\" itemtype=\"https:\/\/schema.org\/BlogPosting\" itemprop=\"blogPost\" ><div class='avia_textblock  '   itemprop=\"text\" ><p class=\"v1MsoNormal\" style=\"text-align: justify;\"><span lang=\"ES\">Con sendas ceremonias de cierre en el Liceo San Felipe Benicio de Coyhaique y en la Escuela Poetisa Gabriela Mistral de Puerto Ays\u00e9n concluyeron los campamentos de Invierno en Ingl\u00e9s (English Winter Camps) 2023, actividades insertas en el plan de Reactivaci\u00f3n Educativa que impulsa el Mineduc.<\/span><\/p>\n<p class=\"v1MsoNormal\" style=\"text-align: justify;\"><span lang=\"ES\">Este a\u00f1o los \u00a0English Winter Camps se desarrollaron \u00a0entre el 03 al 07 de julio en la regi\u00f3n de Ays\u00e9n, en dos sedes en torno\u00a0 a la tem\u00e1tica: \u00abLights, camera, action: all the world&#8217;s a stage!\u00bb, Durante una semana las y los estudiantes tuvieron la oportunidad de practicar y reforzar su ingl\u00e9s a trav\u00e9s de actividades interactivas y din\u00e1micas que incluyen juegos de roles, representaciones, proyectos grupales, competencias y actividades l\u00fadicas en torno a esa tem\u00e1tica.<\/span><span lang=\"ES\"> Asistieron j\u00f3venes de <\/span><span lang=\"ES\">Coyhaique, Ays\u00e9n, Cisnes y Cochrane.<\/span><\/p>\n<p class=\"v1MsoNormal\" style=\"text-align: justify;\"><span lang=\"ES\">En el Liceo San Felipe Benicio de Coyhaique participaron \u00a0estudiantes de I\u00ba a IV\u00ba medio, los que \u00a0fueron acompa\u00f1ados por monitoras docentes y estudiantes de Pedagog\u00eda en Educaci\u00f3n B\u00e1sica con menci\u00f3n en Ingl\u00e9s del Campus Patagonia de la Universidad Austral de Chile y en la Escuela Poetisa Gabriela Mistral de Puerto Ays\u00e9n participaron estudiantes de 5\u00ba a 8\u00ba a\u00f1o b\u00e1sico, que fueron apoyados por profesoras de ingl\u00e9s de la comuna y tambi\u00e9n por \u00a0estudiantes de Pedagog\u00eda en Educaci\u00f3n B\u00e1sica con menci\u00f3n en Ingl\u00e9s de la casa de estudios. Ambas actividades contaron con la colaboraci\u00f3n de Junaeb en la entrega de alimentaci\u00f3n y colaciones que recibieron los acampantes todos los d\u00edas.<\/span><\/p>\n<p class=\"v1MsoNormal\" style=\"text-align: justify;\"><span lang=\"ES\">En el cierre del campamento de Puerto Ays\u00e9n estuvieron presentes la Seremi de Educaci\u00f3n(s) Katherine Miqueles, el Jefe de Gabinete de la Delegaci\u00f3n Presidencial Provincial de Ays\u00e9n Sebasti\u00e1n Vega y el Encargado del Programa de Alimentaci\u00f3n Escolar PAE de Junaeb Alexis Sanzana.<\/span><\/p>\n<p class=\"v1MsoNormal\" style=\"text-align: justify;\"><span lang=\"ES\">Durante la ceremonia los estudiantes apoyados por las monitoras mostraron a trav\u00e9s de expresiones art\u00edsticas, parte de lo aprendido y vivido durante el campamento. Recibieron a cambio el aplauso de sus padres, familiares y las autoridades presentes.<\/span><\/p>\n<p class=\"v1MsoNormal\" style=\"text-align: justify;\"><span lang=\"ES\">Katherine Miqueles destac\u00f3 que \u00abLos campamentos en ingl\u00e9s conllevan el desarrollo de un Plan Curricular dise\u00f1ado por el Programa Ingl\u00e9s Abre Puertas PIAP Mineduc \u00a0y alineado con el curriculum nacional. <\/span><\/p>\n<p class=\"v1MsoNormal\" style=\"text-align: justify;\"><span lang=\"ES\">\u00abEsta iniciativa tiene directa relaci\u00f3n con el Plan de Reactivaci\u00f3n Educativa, desde los \u00e1mbitos de Convivencia, bienestar y salud mental y Fortalecimiento y activaci\u00f3n de aprendizajes. Nos alegra mucho ver a los ni\u00f1os felices aprendiendo y disfrutando de esta experiencia\u00bb, manifest\u00f3.<\/span><\/p>\n<p class=\"v1MsoNormal\" style=\"text-align: justify;\"><span lang=\"ES\">Sebasti\u00e1n Vega se\u00f1al\u00f3 que \u00abNos motiva ver a los ni\u00f1os felices disfrutando durante este invierno de actividades l\u00fadicas. Ese es el esp\u00edritu de la reactivaci\u00f3n educativa. Como Estado y como Gobierno nos hemos impuesto este desaf\u00edo y cuando vemos las caras sonrientes de los estudiantes y sus familias y los vemos comprometidos con la educaci\u00f3n de sus hijas e hijos nos anima a seguir trabajando duro y entregar las herramientas para nuestras comunidades educativas florezcan y se renueven tras el periodo de pandemia que vivimos\u00bb.<\/span><\/p>\n<p class=\"v1MsoNormal\" style=\"text-align: justify;\"><span lang=\"ES\">La monitora de campamento de Puerto Ays\u00e9n Romina Garc\u00eda detall\u00f3 que \u00abFue una semana de intenso aprendizaje del ingl\u00e9s en torno al cine y pel\u00edculas. Las chicas y chicos \u00a0hicieron videos, \u00a0elaboraron afiches y por supuesto tambi\u00e9n jugaron. Con la ayuda de las facilitadoras los ni\u00f1os \u00a0y ni\u00f1as pudieron practicar y hablar en ingl\u00e9s \u00ab.<\/span><\/p>\n<p class=\"v1MsoNormal\" style=\"text-align: justify;\"><span lang=\"ES\">Andr\u00e9s Felipe Buesaquillo Narv\u00e1ez, alumno de 8vo B\u00e1sico del Colegio \u00a0Sagrada Familia de Puerto Ays\u00e9n expres\u00f3: \u00abMi experiencia fue muy buena, ya que pude reforzar mi ingl\u00e9s, conoc\u00ed nuevas personas, hice amigos y me recre\u00e9 mucho jugando y aprendiendo. Estuvo muy entretenido de verdad\u00bb.<\/span><\/p>\n<p class=\"v1MsoNormal\" style=\"text-align: justify;\"><span lang=\"ES\">Desde este a\u00f1o 2023 los campamentos en ingl\u00e9s de verano e invierno volvieron a su formato presencial, en todos los niveles desde 5\u00ba b\u00e1sico a IV\u00ba medio.<\/span><\/p>\n<\/div><\/section><\/div><div  style='height:50px' class='hr hr-invisible   avia-builder-el-6  el_after_av_one_full  el_before_av_social_share '><span class='hr-inner ' ><span class='hr-inner-style'><\/span><\/span><\/div><\/p>\n<div  class='av-social-sharing-box  avia-builder-el-7  el_after_av_hr  el_before_av_hr  '><div class='av-share-box'><h5 class='av-share-link-description av-no-toc '>Compartir esta noticia<\/h5><ul class='av-share-box-list noLightbox'><li class='av-share-link av-social-link-facebook' ><a target=\"_blank\" aria-label=\"Compartir en Facebook\" href='https:\/\/www.facebook.com\/sharer.php?u=https:\/\/radiorevelacionfm.cl\/?p=32836&#038;t=Estudiantes%20de%20educaci%C3%B3n%20b%C3%A1sica%20y%20media%20fueron%20protagonistas%20de%20los%20Campamentos%20de%20Invierno%20en%20Ingl%C3%A9s%202023%20en%20Puerto%20Ays%C3%A9n%20y%20Coyhaique' aria-hidden='false' data-av_icon='\ue8f3' data-av_iconfont='entypo-fontello' title='' data-avia-related-tooltip='Compartir en Facebook' rel=\"noopener\"><span class='avia_hidden_link_text'>Compartir en Facebook<\/span><\/a><\/li><li class='av-share-link av-social-link-twitter' ><a target=\"_blank\" aria-label=\"Compartir en Twitter\" href='https:\/\/twitter.com\/share?text=Estudiantes%20de%20educaci%C3%B3n%20b%C3%A1sica%20y%20media%20fueron%20protagonistas%20de%20los%20Campamentos%20de%20Invierno%20en%20Ingl%C3%A9s%202023%20en%20Puerto%20Ays%C3%A9n%20y%20Coyhaique&#038;url=https:\/\/radiorevelacionfm.cl\/?p=32836' aria-hidden='false' data-av_icon='\ue8f1' data-av_iconfont='entypo-fontello' title='' data-avia-related-tooltip='Compartir en Twitter' rel=\"noopener\"><span class='avia_hidden_link_text'>Compartir en Twitter<\/span><\/a><\/li><li class='av-share-link av-social-link-whatsapp' ><a target=\"_blank\" aria-label=\"Compartir en Whatsapp\" href='https:\/\/api.whatsapp.com\/send?text=https:\/\/radiorevelacionfm.cl\/?p=32836' aria-hidden='false' data-av_icon='\uf232' data-av_iconfont='entypo-fontello' title='' data-avia-related-tooltip='Compartir en Whatsapp' rel=\"noopener\"><span class='avia_hidden_link_text'>Compartir en Whatsapp<\/span><\/a><\/li><li class='av-share-link av-social-link-linkedin' ><a target=\"_blank\" aria-label=\"Compartir en LinkedIn\" href='https:\/\/linkedin.com\/shareArticle?mini=true&#038;title=Estudiantes%20de%20educaci%C3%B3n%20b%C3%A1sica%20y%20media%20fueron%20protagonistas%20de%20los%20Campamentos%20de%20Invierno%20en%20Ingl%C3%A9s%202023%20en%20Puerto%20Ays%C3%A9n%20y%20Coyhaique&#038;url=https:\/\/radiorevelacionfm.cl\/?p=32836' aria-hidden='false' data-av_icon='\ue8fc' data-av_iconfont='entypo-fontello' title='' data-avia-related-tooltip='Compartir en LinkedIn' rel=\"noopener\"><span class='avia_hidden_link_text'>Compartir en LinkedIn<\/span><\/a><\/li><li class='av-share-link av-social-link-mail' ><a  aria-label=\"Compartir por correo\" href='mailto:?subject=Estudiantes%20de%20educaci%C3%B3n%20b%C3%A1sica%20y%20media%20fueron%20protagonistas%20de%20los%20Campamentos%20de%20Invierno%20en%20Ingl%C3%A9s%202023%20en%20Puerto%20Ays%C3%A9n%20y%20Coyhaique&#038;body=https:\/\/radiorevelacionfm.cl\/?p=32836' aria-hidden='false' data-av_icon='\ue805' data-av_iconfont='entypo-fontello' title='' data-avia-related-tooltip='Compartir por correo'><span class='avia_hidden_link_text'>Compartir por correo<\/span><\/a><\/li><\/ul><\/div><\/div>\n<div  style='height:50px' class='hr hr-invisible   avia-builder-el-8  el_after_av_social_share  el_before_av_comments_list '><span class='hr-inner ' ><span class='hr-inner-style'><\/span><\/span><\/div>\n<div  class='av-buildercomment  av-blog-meta-html-info-disabled av-blog-meta-tag-disabled  '><\/div>\n","protected":false},"excerpt":{"rendered":"","protected":false},"author":1,"featured_media":32837,"comment_status":"open","ping_status":"open","sticky":false,"template":"","format":"standard","meta":{"footnotes":""},"categories":[49],"tags":[],"class_list":["post-32836","post","type-post","status-publish","format-standard","has-post-thumbnail","hentry","category-educacion"],"jetpack_featured_media_url":"https:\/\/radiorevelacionfm.cl\/wp-content\/uploads\/2023\/07\/Campamento-aysen-2-2.jpg","_links":{"self":[{"href":"https:\/\/radiorevelacionfm.cl\/index.php?rest_route=\/wp\/v2\/posts\/32836","targetHints":{"allow":["GET"]}}],"collection":[{"href":"https:\/\/radiorevelacionfm.cl\/index.php?rest_route=\/wp\/v2\/posts"}],"about":[{"href":"https:\/\/radiorevelacionfm.cl\/index.php?rest_route=\/wp\/v2\/types\/post"}],"author":[{"embeddable":true,"href":"https:\/\/radiorevelacionfm.cl\/index.php?rest_route=\/wp\/v2\/users\/1"}],"replies":[{"embeddable":true,"href":"https:\/\/radiorevelacionfm.cl\/index.php?rest_route=%2Fwp%2Fv2%2Fcomments&post=32836"}],"version-history":[{"count":1,"href":"https:\/\/radiorevelacionfm.cl\/index.php?rest_route=\/wp\/v2\/posts\/32836\/revisions"}],"predecessor-version":[{"id":32838,"href":"https:\/\/radiorevelacionfm.cl\/index.php?rest_route=\/wp\/v2\/posts\/32836\/revisions\/32838"}],"wp:featuredmedia":[{"embeddable":true,"href":"https:\/\/radiorevelacionfm.cl\/index.php?rest_route=\/wp\/v2\/media\/32837"}],"wp:attachment":[{"href":"https:\/\/radiorevelacionfm.cl\/index.php?rest_route=%2Fwp%2Fv2%2Fmedia&parent=32836"}],"wp:term":[{"taxonomy":"category","embeddable":true,"href":"https:\/\/radiorevelacionfm.cl\/index.php?rest_route=%2Fwp%2Fv2%2Fcategories&post=32836"},{"taxonomy":"post_tag","embeddable":true,"href":"https:\/\/radiorevelacionfm.cl\/index.php?rest_route=%2Fwp%2Fv2%2Ftags&post=32836"}],"curies":[{"name":"wp","href":"https:\/\/api.w.org\/{rel}","templated":true}]}}