{"id":32833,"date":"2023-07-10T18:30:14","date_gmt":"2023-07-10T21:30:14","guid":{"rendered":"https:\/\/radiorevelacionfm.cl\/?p=32833"},"modified":"2023-07-10T18:30:14","modified_gmt":"2023-07-10T21:30:14","slug":"gobierno-regional-asegura-financiamiento-para-demandas-historicas-en-seguridad-ciudadana-y-emergencias","status":"publish","type":"post","link":"https:\/\/radiorevelacionfm.cl\/?p=32833","title":{"rendered":"Gobierno Regional asegura financiamiento para demandas hist\u00f3ricas en Seguridad Ciudadana y Emergencias"},"content":{"rendered":"<div class=\"flex_column av_one_full  flex_column_div av-zero-column-padding first  avia-builder-el-0  el_before_av_one_full  avia-builder-el-first  \" style='border-radius:0px; '><div  class='avia-image-container  av-styling-    avia-builder-el-1  avia-builder-el-no-sibling  avia-align-center '  itemprop=\"image\" itemscope=\"itemscope\" itemtype=\"https:\/\/schema.org\/ImageObject\"  ><div class='avia-image-container-inner'><div class='avia-image-overlay-wrap'><img decoding=\"async\" class='wp-image-32834 avia-img-lazy-loading-not-32834 avia_image' src=\"https:\/\/radiorevelacionfm.cl\/wp-content\/uploads\/2023\/07\/1-4-2-2.jpeg\" alt='' title='1 (4)-2-2' height=\"600\" width=\"1116\"  itemprop=\"thumbnailUrl\" srcset=\"https:\/\/radiorevelacionfm.cl\/wp-content\/uploads\/2023\/07\/1-4-2-2.jpeg 1116w, https:\/\/radiorevelacionfm.cl\/wp-content\/uploads\/2023\/07\/1-4-2-2-300x161.jpeg 300w, https:\/\/radiorevelacionfm.cl\/wp-content\/uploads\/2023\/07\/1-4-2-2-1030x554.jpeg 1030w, https:\/\/radiorevelacionfm.cl\/wp-content\/uploads\/2023\/07\/1-4-2-2-768x413.jpeg 768w, https:\/\/radiorevelacionfm.cl\/wp-content\/uploads\/2023\/07\/1-4-2-2-705x379.jpeg 705w, https:\/\/radiorevelacionfm.cl\/wp-content\/uploads\/2023\/07\/1-4-2-2-450x242.jpeg 450w, https:\/\/radiorevelacionfm.cl\/wp-content\/uploads\/2023\/07\/1-4-2-2-600x323.jpeg 600w\" sizes=\"(max-width: 1116px) 100vw, 1116px\" \/><\/div><\/div><\/div><\/div><div class=\"flex_column av_one_full  flex_column_div av-zero-column-padding first  avia-builder-el-2  el_after_av_one_full  el_before_av_one_full  column-top-margin\" style='border-radius:0px; '><section class=\"av_textblock_section \"  itemscope=\"itemscope\" itemtype=\"https:\/\/schema.org\/BlogPosting\" itemprop=\"blogPost\" ><div class='avia_textblock  '   itemprop=\"text\" ><p style=\"text-align: center;\"><strong><span style=\"font-size: 18pt;\">Gobierno Regional asegura financiamiento para demandas hist\u00f3ricas en Seguridad Ciudadana y Emergencias\u00a0<\/span><\/strong><\/p>\n<div id=\"gtx-trans\" style=\"position: absolute; left: -50px; top: 4.31534px;\">\n<div class=\"gtx-trans-icon\"><\/div>\n<\/div>\n<\/div><\/section><\/div><div class=\"flex_column av_one_full  flex_column_div av-zero-column-padding first  avia-builder-el-4  el_after_av_one_full  el_before_av_hr  column-top-margin\" style='border-radius:0px; '><section class=\"av_textblock_section \"  itemscope=\"itemscope\" itemtype=\"https:\/\/schema.org\/BlogPosting\" itemprop=\"blogPost\" ><div class='avia_textblock  '   itemprop=\"text\" ><p dir=\"ltr\" style=\"text-align: justify;\">En materias fundamentales avanz\u00f3 el Gobierno Regional de Ays\u00e9n y su consejo durante la jornada de este jueves 6 de julio, aprobando importantes recursos para enfrentar situaciones de Emergencia y problem\u00e1ticas asociadas a seguridad ciudadana en la Regi\u00f3n.<\/p>\n<p dir=\"ltr\" style=\"text-align: justify;\">La Gobernadora Regional Andrea Mac\u00edas Palma asegur\u00f3 que el trabajo del Gore Ays\u00e9n est\u00e1 enfocado en ofrecer soluciones a los problemas que urgen a las comunidades del territorio aysenino.<\/p>\n<p dir=\"ltr\" style=\"text-align: justify;\">\u00abSi hay algo que nos pone contentos es seguir fortaleciendo el trabajo de Bomberos en nuestra regi\u00f3n, viene a reafirmar el compromiso que tenemos esta aprobaci\u00f3n para la construcci\u00f3n del cuartel de la 7ma compa\u00f1\u00eda de Villa Ma\u00f1ihuales, un lugar estrat\u00e9gico en la zona norte de la Carretera Austral, pero adem\u00e1s una iniciativa que llevaba muchos a\u00f1os esperando\u00bb, detall\u00f3 la Gobernadora.<\/p>\n<p dir=\"ltr\" style=\"text-align: justify;\">A este proyecto de reposici\u00f3n por m\u00e1s de 530 millones de pesos, se refiri\u00f3 el Superintendente de Bomberos de Puerto Ays\u00e9n, Arturo Loayza Aguilante, quien destac\u00f3 que se construir\u00e1 infraestructura que beneficiar\u00e1 a un n\u00famero importante de Bomberos que a su vez sirven en un extenso territorio.<\/p>\n<p dir=\"ltr\" style=\"text-align: justify;\">\u00abLa 7ma de Villa Ma\u00f1ihuales tiene que ver territorialmente hasta Villa Amengual que corresponde a la comuna de Cisnes; Sector El Gato, Alto Ma\u00f1ihuales a la Provincia de Coyhaique; La Tapera que pertenece a Lago Verde, as\u00ed que creo que es la \u00fanica compa\u00f1\u00eda de la regi\u00f3n que presta servicio a varias provincias\u00bb, destac\u00f3.<\/p>\n<p dir=\"ltr\" style=\"text-align: justify;\">Ante esto, el presidente de la comisi\u00f3n de Seguridad del CORE, Ra\u00fal Rudolphi agreg\u00f3 que este proyecto: \u00abda garant\u00edas, da tranquilidad, da seguridad, da una condici\u00f3n de habitabilidad que es muy merecida por los bomberos. Recurrentemente ellos nos asisten en los momentos m\u00e1s cr\u00edticos pero nos olvidamos que ellos requieren condiciones \u00f3ptimas para desempe\u00f1ar su trabajo y guardar sus equipos y maquinaria. Hoy en justicia damos respuesta a eso\u00bb.<\/p>\n<p dir=\"ltr\" style=\"text-align: justify;\">Por otra parte, La Gobernadora Andrea Mac\u00edas relev\u00f3 la aprobaci\u00f3n del financiamiento para la compra de veh\u00edculos de seguridad ciudadana que ser\u00e1n destinados a varias comunas de la regi\u00f3n, ya que si bien \u00abno result\u00f3 f\u00e1cil, hay mucho cuestionamiento en el Consejo Regional, me parece fundamental que el Gobierno Regional pueda apoyar a los municipios en estas nuevas responsabilidades que tienen\u00bb.<\/p>\n<p dir=\"ltr\" style=\"text-align: justify;\">Frente a esto los alcaldes de Ays\u00e9n y Coyhaique valoraron el aporte del Gobierno Regional en esta materia y la prioridad asignada a este tema por la Gobernadora Andrea Mac\u00edas, lamentando que la iniciativa contara con rechazos y abstenciones en el Consejo.<\/p>\n<p dir=\"ltr\" style=\"text-align: justify;\">\u00abEstos veh\u00edculos vienen a mejorar por donde uno lo mire la seguridad p\u00fablica. La sensaci\u00f3n de que existan balizas en las poblaciones en los sectores rurales es muy importante. Estoy feliz porque se aprob\u00f3 pero lamentable los que han rechazado y se han abstenido dejando votos nulos en algo tan importante como la seguridad p\u00fablica\u00bb, afirm\u00f3 el alcalde de Ays\u00e9n, Julio Uribe.<\/p>\n<p dir=\"ltr\" style=\"text-align: justify;\">Por su parte, el alcalde de la capital regional, Carlos Gatica, concluy\u00f3 afirmando que \u00abla seguridad ha sido un tema transversal en nuestro pa\u00eds. Hemos decidido atacar este problema, trabajar todos juntos y hoy d\u00eda un rechazo significa claramente no estar en sinton\u00eda con las necesidades y los problemas que tienen nuestros vecinos y vecinas en todo el territorio y en toda la Regi\u00f3n de Ays\u00e9n\u00bb.<\/p>\n<\/div><\/section><\/div><div  style='height:50px' class='hr hr-invisible   avia-builder-el-6  el_after_av_one_full  el_before_av_social_share '><span class='hr-inner ' ><span class='hr-inner-style'><\/span><\/span><\/div><\/p>\n<div  class='av-social-sharing-box  avia-builder-el-7  el_after_av_hr  el_before_av_hr  '><div class='av-share-box'><h5 class='av-share-link-description av-no-toc '>Compartir esta noticia<\/h5><ul class='av-share-box-list noLightbox'><li class='av-share-link av-social-link-facebook' ><a target=\"_blank\" aria-label=\"Compartir en Facebook\" href='https:\/\/www.facebook.com\/sharer.php?u=https:\/\/radiorevelacionfm.cl\/?p=32833&#038;t=Gobierno%20Regional%20asegura%20financiamiento%20para%20demandas%20hist%C3%B3ricas%20en%20Seguridad%20Ciudadana%20y%20Emergencias' aria-hidden='false' data-av_icon='\ue8f3' data-av_iconfont='entypo-fontello' title='' data-avia-related-tooltip='Compartir en Facebook' rel=\"noopener\"><span class='avia_hidden_link_text'>Compartir en Facebook<\/span><\/a><\/li><li class='av-share-link av-social-link-twitter' ><a target=\"_blank\" aria-label=\"Compartir en Twitter\" href='https:\/\/twitter.com\/share?text=Gobierno%20Regional%20asegura%20financiamiento%20para%20demandas%20hist%C3%B3ricas%20en%20Seguridad%20Ciudadana%20y%20Emergencias&#038;url=https:\/\/radiorevelacionfm.cl\/?p=32833' aria-hidden='false' data-av_icon='\ue8f1' data-av_iconfont='entypo-fontello' title='' data-avia-related-tooltip='Compartir en Twitter' rel=\"noopener\"><span class='avia_hidden_link_text'>Compartir en Twitter<\/span><\/a><\/li><li class='av-share-link av-social-link-whatsapp' ><a target=\"_blank\" aria-label=\"Compartir en Whatsapp\" href='https:\/\/api.whatsapp.com\/send?text=https:\/\/radiorevelacionfm.cl\/?p=32833' aria-hidden='false' data-av_icon='\uf232' data-av_iconfont='entypo-fontello' title='' data-avia-related-tooltip='Compartir en Whatsapp' rel=\"noopener\"><span class='avia_hidden_link_text'>Compartir en Whatsapp<\/span><\/a><\/li><li class='av-share-link av-social-link-linkedin' ><a target=\"_blank\" aria-label=\"Compartir en LinkedIn\" href='https:\/\/linkedin.com\/shareArticle?mini=true&#038;title=Gobierno%20Regional%20asegura%20financiamiento%20para%20demandas%20hist%C3%B3ricas%20en%20Seguridad%20Ciudadana%20y%20Emergencias&#038;url=https:\/\/radiorevelacionfm.cl\/?p=32833' aria-hidden='false' data-av_icon='\ue8fc' data-av_iconfont='entypo-fontello' title='' data-avia-related-tooltip='Compartir en LinkedIn' rel=\"noopener\"><span class='avia_hidden_link_text'>Compartir en LinkedIn<\/span><\/a><\/li><li class='av-share-link av-social-link-mail' ><a  aria-label=\"Compartir por correo\" href='mailto:?subject=Gobierno%20Regional%20asegura%20financiamiento%20para%20demandas%20hist%C3%B3ricas%20en%20Seguridad%20Ciudadana%20y%20Emergencias&#038;body=https:\/\/radiorevelacionfm.cl\/?p=32833' aria-hidden='false' data-av_icon='\ue805' data-av_iconfont='entypo-fontello' title='' data-avia-related-tooltip='Compartir por correo'><span class='avia_hidden_link_text'>Compartir por correo<\/span><\/a><\/li><\/ul><\/div><\/div>\n<div  style='height:50px' class='hr hr-invisible   avia-builder-el-8  el_after_av_social_share  el_before_av_comments_list '><span class='hr-inner ' ><span class='hr-inner-style'><\/span><\/span><\/div>\n<div  class='av-buildercomment  av-blog-meta-html-info-disabled av-blog-meta-tag-disabled  '><\/div>\n","protected":false},"excerpt":{"rendered":"","protected":false},"author":1,"featured_media":32834,"comment_status":"open","ping_status":"open","sticky":false,"template":"","format":"standard","meta":{"footnotes":""},"categories":[38],"tags":[],"class_list":["post-32833","post","type-post","status-publish","format-standard","has-post-thumbnail","hentry","category-regional"],"jetpack_featured_media_url":"https:\/\/radiorevelacionfm.cl\/wp-content\/uploads\/2023\/07\/1-4-2-2.jpeg","_links":{"self":[{"href":"https:\/\/radiorevelacionfm.cl\/index.php?rest_route=\/wp\/v2\/posts\/32833","targetHints":{"allow":["GET"]}}],"collection":[{"href":"https:\/\/radiorevelacionfm.cl\/index.php?rest_route=\/wp\/v2\/posts"}],"about":[{"href":"https:\/\/radiorevelacionfm.cl\/index.php?rest_route=\/wp\/v2\/types\/post"}],"author":[{"embeddable":true,"href":"https:\/\/radiorevelacionfm.cl\/index.php?rest_route=\/wp\/v2\/users\/1"}],"replies":[{"embeddable":true,"href":"https:\/\/radiorevelacionfm.cl\/index.php?rest_route=%2Fwp%2Fv2%2Fcomments&post=32833"}],"version-history":[{"count":1,"href":"https:\/\/radiorevelacionfm.cl\/index.php?rest_route=\/wp\/v2\/posts\/32833\/revisions"}],"predecessor-version":[{"id":32835,"href":"https:\/\/radiorevelacionfm.cl\/index.php?rest_route=\/wp\/v2\/posts\/32833\/revisions\/32835"}],"wp:featuredmedia":[{"embeddable":true,"href":"https:\/\/radiorevelacionfm.cl\/index.php?rest_route=\/wp\/v2\/media\/32834"}],"wp:attachment":[{"href":"https:\/\/radiorevelacionfm.cl\/index.php?rest_route=%2Fwp%2Fv2%2Fmedia&parent=32833"}],"wp:term":[{"taxonomy":"category","embeddable":true,"href":"https:\/\/radiorevelacionfm.cl\/index.php?rest_route=%2Fwp%2Fv2%2Fcategories&post=32833"},{"taxonomy":"post_tag","embeddable":true,"href":"https:\/\/radiorevelacionfm.cl\/index.php?rest_route=%2Fwp%2Fv2%2Ftags&post=32833"}],"curies":[{"name":"wp","href":"https:\/\/api.w.org\/{rel}","templated":true}]}}