{"id":32830,"date":"2023-07-11T10:52:22","date_gmt":"2023-07-11T13:52:22","guid":{"rendered":"https:\/\/radiorevelacionfm.cl\/?p=32830"},"modified":"2023-07-11T10:52:22","modified_gmt":"2023-07-11T13:52:22","slug":"mas-de-220-personas-se-encuentran-inhabilitadas-para-trabajar-con-menores-de-edad-en-la-region-de-aysen","status":"publish","type":"post","link":"https:\/\/radiorevelacionfm.cl\/?p=32830","title":{"rendered":"M\u00e1s de 220 personas se encuentran inhabilitadas para trabajar con menores de edad en la regi\u00f3n de Ays\u00e9n"},"content":{"rendered":"<div class=\"flex_column av_one_full  flex_column_div av-zero-column-padding first  avia-builder-el-0  el_before_av_one_full  avia-builder-el-first  \" style='border-radius:0px; '><div  class='avia-image-container  av-styling-    avia-builder-el-1  avia-builder-el-no-sibling  avia-align-center '  itemprop=\"image\" itemscope=\"itemscope\" itemtype=\"https:\/\/schema.org\/ImageObject\"  ><div class='avia-image-container-inner'><div class='avia-image-overlay-wrap'><img decoding=\"async\" class='wp-image-25987 avia-img-lazy-loading-not-25987 avia_image' src=\"https:\/\/radiorevelacionfm.cl\/wp-content\/uploads\/2022\/12\/seremi-samuel-navarro-1-1.jpg\" alt='' title='seremi samuel navarro (1) (1)' height=\"600\" width=\"813\"  itemprop=\"thumbnailUrl\" srcset=\"https:\/\/radiorevelacionfm.cl\/wp-content\/uploads\/2022\/12\/seremi-samuel-navarro-1-1.jpg 813w, https:\/\/radiorevelacionfm.cl\/wp-content\/uploads\/2022\/12\/seremi-samuel-navarro-1-1-300x221.jpg 300w, https:\/\/radiorevelacionfm.cl\/wp-content\/uploads\/2022\/12\/seremi-samuel-navarro-1-1-768x567.jpg 768w, https:\/\/radiorevelacionfm.cl\/wp-content\/uploads\/2022\/12\/seremi-samuel-navarro-1-1-705x520.jpg 705w, https:\/\/radiorevelacionfm.cl\/wp-content\/uploads\/2022\/12\/seremi-samuel-navarro-1-1-600x443.jpg 600w\" sizes=\"(max-width: 813px) 100vw, 813px\" \/><\/div><\/div><\/div><\/div><div class=\"flex_column av_one_full  flex_column_div av-zero-column-padding first  avia-builder-el-2  el_after_av_one_full  el_before_av_one_full  column-top-margin\" style='border-radius:0px; '><section class=\"av_textblock_section \"  itemscope=\"itemscope\" itemtype=\"https:\/\/schema.org\/BlogPosting\" itemprop=\"blogPost\" ><div class='avia_textblock  '   itemprop=\"text\" ><p style=\"text-align: center;\"><span style=\"font-size: 18pt;\"><strong>M\u00e1s de 220 personas se encuentran inhabilitadas para trabajar con menores de edad en la regi\u00f3n de Ays\u00e9n<\/strong><\/span><\/p>\n<div id=\"gtx-trans\" style=\"position: absolute; left: -50px; top: 4.31534px;\">\n<div class=\"gtx-trans-icon\"><\/div>\n<\/div>\n<\/div><\/section><\/div><div class=\"flex_column av_one_full  flex_column_div av-zero-column-padding first  avia-builder-el-4  el_after_av_one_full  el_before_av_hr  column-top-margin\" style='border-radius:0px; '><section class=\"av_textblock_section \"  itemscope=\"itemscope\" itemtype=\"https:\/\/schema.org\/BlogPosting\" itemprop=\"blogPost\" ><div class='avia_textblock  '   itemprop=\"text\" ><p style=\"text-align: justify;\">Delitos como violaci\u00f3n, abuso sexual, actos de connotaci\u00f3n sexual y producci\u00f3n de pornograf\u00eda, son algunas de las causas por las que 227 personas en la regi\u00f3n de Ays\u00e9n, se encuentran inhabilitadas para trabajar con ni\u00f1as, ni\u00f1os y adolescentes. Lo anterior, de acuerdo con las cifras entregadas por el Registro Civil al 31 de junio de este a\u00f1o.<\/p>\n<p style=\"text-align: justify;\">Respecto a estas cifras el Seremi de Justicia y Derechos Humanos Samuel Navarro Castro explic\u00f3 que \u201ccon el objetivo de reforzar lo que tiene que ver con la prevenci\u00f3n y protecci\u00f3n para nuestros ni\u00f1os, ni\u00f1as y adolescentes queremos recordar a la ciudadan\u00eda la existencia del registro de personas inhabilitadas para trabajar con menores de edad, a este registro usted puede acceder a trav\u00e9s de la p\u00e1gina web del registro civil, de esta forma si usted va a contratar a alguien se recomienda que puedan consultar este registro, a la fecha en este registro en la regi\u00f3n de Ays\u00e9n se encuentran 227 personas inhabilitadas para trabajar con menores de edad por lo que se recomienda consultar este registro\u201d.<\/p>\n<p style=\"text-align: justify;\">Cabe mencionar que el registro de inhabilidades tambi\u00e9n incluye a personas que cometan el delito de sustracci\u00f3n de menores y robo con violencia o intimidaci\u00f3n, cuando una de las v\u00edctimas hubiese sufrido la violaci\u00f3n siendo menor de 14 a\u00f1os.<\/p>\n<p style=\"text-align: justify;\">Para realizar una consulta en el Registro de Inhabilidades, se debe acceder a www.registrocivil.cl, pinchar el link \u201cservicios en l\u00ednea\u201d, luego seleccionar \u201cconsultas de registros en l\u00ednea\u201d, e ingresar a \u201cinhabilidades para trabajar con menores\u201d. En dicha pantalla, se requerir\u00e1 el nombre y RUN del solicitante y de la persona consultada, para acceder a la informaci\u00f3n requerida\u201d.<\/p>\n<p style=\"text-align: justify;\">Finalmente se\u00f1alar que esta consulta puede realizarla si requiere contratar a la persona para un empleo o cargo que involucre una relaci\u00f3n directa y habitual con menores de edad, o fines similares. El uso indebido de esta informaci\u00f3n ser\u00e1 sancionado con una multa de dos a diez Unidades Tributarias Mensuales de acuerdo a la Ley.<\/p>\n<\/div><\/section><\/div><div  style='height:50px' class='hr hr-invisible   avia-builder-el-6  el_after_av_one_full  el_before_av_social_share '><span class='hr-inner ' ><span class='hr-inner-style'><\/span><\/span><\/div><\/p>\n<div  class='av-social-sharing-box  avia-builder-el-7  el_after_av_hr  el_before_av_hr  '><div class='av-share-box'><h5 class='av-share-link-description av-no-toc '>Compartir esta noticia<\/h5><ul class='av-share-box-list noLightbox'><li class='av-share-link av-social-link-facebook' ><a target=\"_blank\" aria-label=\"Compartir en Facebook\" href='https:\/\/www.facebook.com\/sharer.php?u=https:\/\/radiorevelacionfm.cl\/?p=32830&#038;t=M%C3%A1s%20de%20220%20personas%20se%20encuentran%20inhabilitadas%20para%20trabajar%20con%20menores%20de%20edad%20en%20la%20regi%C3%B3n%20de%20Ays%C3%A9n' aria-hidden='false' data-av_icon='\ue8f3' data-av_iconfont='entypo-fontello' title='' data-avia-related-tooltip='Compartir en Facebook' rel=\"noopener\"><span class='avia_hidden_link_text'>Compartir en Facebook<\/span><\/a><\/li><li class='av-share-link av-social-link-twitter' ><a target=\"_blank\" aria-label=\"Compartir en Twitter\" href='https:\/\/twitter.com\/share?text=M%C3%A1s%20de%20220%20personas%20se%20encuentran%20inhabilitadas%20para%20trabajar%20con%20menores%20de%20edad%20en%20la%20regi%C3%B3n%20de%20Ays%C3%A9n&#038;url=https:\/\/radiorevelacionfm.cl\/?p=32830' aria-hidden='false' data-av_icon='\ue8f1' data-av_iconfont='entypo-fontello' title='' data-avia-related-tooltip='Compartir en Twitter' rel=\"noopener\"><span class='avia_hidden_link_text'>Compartir en Twitter<\/span><\/a><\/li><li class='av-share-link av-social-link-whatsapp' ><a target=\"_blank\" aria-label=\"Compartir en Whatsapp\" href='https:\/\/api.whatsapp.com\/send?text=https:\/\/radiorevelacionfm.cl\/?p=32830' aria-hidden='false' data-av_icon='\uf232' data-av_iconfont='entypo-fontello' title='' data-avia-related-tooltip='Compartir en Whatsapp' rel=\"noopener\"><span class='avia_hidden_link_text'>Compartir en Whatsapp<\/span><\/a><\/li><li class='av-share-link av-social-link-linkedin' ><a target=\"_blank\" aria-label=\"Compartir en LinkedIn\" href='https:\/\/linkedin.com\/shareArticle?mini=true&#038;title=M%C3%A1s%20de%20220%20personas%20se%20encuentran%20inhabilitadas%20para%20trabajar%20con%20menores%20de%20edad%20en%20la%20regi%C3%B3n%20de%20Ays%C3%A9n&#038;url=https:\/\/radiorevelacionfm.cl\/?p=32830' aria-hidden='false' data-av_icon='\ue8fc' data-av_iconfont='entypo-fontello' title='' data-avia-related-tooltip='Compartir en LinkedIn' rel=\"noopener\"><span class='avia_hidden_link_text'>Compartir en LinkedIn<\/span><\/a><\/li><li class='av-share-link av-social-link-mail' ><a  aria-label=\"Compartir por correo\" href='mailto:?subject=M%C3%A1s%20de%20220%20personas%20se%20encuentran%20inhabilitadas%20para%20trabajar%20con%20menores%20de%20edad%20en%20la%20regi%C3%B3n%20de%20Ays%C3%A9n&#038;body=https:\/\/radiorevelacionfm.cl\/?p=32830' aria-hidden='false' data-av_icon='\ue805' data-av_iconfont='entypo-fontello' title='' data-avia-related-tooltip='Compartir por correo'><span class='avia_hidden_link_text'>Compartir por correo<\/span><\/a><\/li><\/ul><\/div><\/div>\n<div  style='height:50px' class='hr hr-invisible   avia-builder-el-8  el_after_av_social_share  el_before_av_comments_list '><span class='hr-inner ' ><span class='hr-inner-style'><\/span><\/span><\/div>\n<div  class='av-buildercomment  av-blog-meta-html-info-disabled av-blog-meta-tag-disabled  '><\/div>\n","protected":false},"excerpt":{"rendered":"","protected":false},"author":1,"featured_media":25987,"comment_status":"open","ping_status":"open","sticky":false,"template":"","format":"standard","meta":{"footnotes":""},"categories":[55],"tags":[],"class_list":["post-32830","post","type-post","status-publish","format-standard","has-post-thumbnail","hentry","category-justicia"],"jetpack_featured_media_url":"https:\/\/radiorevelacionfm.cl\/wp-content\/uploads\/2022\/12\/seremi-samuel-navarro-1-1.jpg","_links":{"self":[{"href":"https:\/\/radiorevelacionfm.cl\/index.php?rest_route=\/wp\/v2\/posts\/32830","targetHints":{"allow":["GET"]}}],"collection":[{"href":"https:\/\/radiorevelacionfm.cl\/index.php?rest_route=\/wp\/v2\/posts"}],"about":[{"href":"https:\/\/radiorevelacionfm.cl\/index.php?rest_route=\/wp\/v2\/types\/post"}],"author":[{"embeddable":true,"href":"https:\/\/radiorevelacionfm.cl\/index.php?rest_route=\/wp\/v2\/users\/1"}],"replies":[{"embeddable":true,"href":"https:\/\/radiorevelacionfm.cl\/index.php?rest_route=%2Fwp%2Fv2%2Fcomments&post=32830"}],"version-history":[{"count":1,"href":"https:\/\/radiorevelacionfm.cl\/index.php?rest_route=\/wp\/v2\/posts\/32830\/revisions"}],"predecessor-version":[{"id":32831,"href":"https:\/\/radiorevelacionfm.cl\/index.php?rest_route=\/wp\/v2\/posts\/32830\/revisions\/32831"}],"wp:featuredmedia":[{"embeddable":true,"href":"https:\/\/radiorevelacionfm.cl\/index.php?rest_route=\/wp\/v2\/media\/25987"}],"wp:attachment":[{"href":"https:\/\/radiorevelacionfm.cl\/index.php?rest_route=%2Fwp%2Fv2%2Fmedia&parent=32830"}],"wp:term":[{"taxonomy":"category","embeddable":true,"href":"https:\/\/radiorevelacionfm.cl\/index.php?rest_route=%2Fwp%2Fv2%2Fcategories&post=32830"},{"taxonomy":"post_tag","embeddable":true,"href":"https:\/\/radiorevelacionfm.cl\/index.php?rest_route=%2Fwp%2Fv2%2Ftags&post=32830"}],"curies":[{"name":"wp","href":"https:\/\/api.w.org\/{rel}","templated":true}]}}