{"id":32827,"date":"2023-07-10T21:13:27","date_gmt":"2023-07-11T00:13:27","guid":{"rendered":"https:\/\/radiorevelacionfm.cl\/?p=32827"},"modified":"2023-07-10T21:13:27","modified_gmt":"2023-07-11T00:13:27","slug":"agrupacion-de-mujeres-ligadas-a-la-construccion-en-puerto-sanchez-murta-aseguro-queremos-tener-herramientas-para-poder-avanzar-y-ser-un-aporte-para-la-economia-de-nuestra-region","status":"publish","type":"post","link":"https:\/\/radiorevelacionfm.cl\/?p=32827","title":{"rendered":"Agrupaci\u00f3n de Mujeres ligadas a la construcci\u00f3n en Puerto S\u00e1nchez-Murta, asegur\u00f3: \u201cQueremos tener herramientas para poder avanzar y ser un aporte para la econom\u00eda de nuestra regi\u00f3n\u201d"},"content":{"rendered":"<div class=\"flex_column av_one_full  flex_column_div av-zero-column-padding first  avia-builder-el-0  el_before_av_one_full  avia-builder-el-first  \" style='border-radius:0px; '><div  class='avia-image-container  av-styling-    avia-builder-el-1  avia-builder-el-no-sibling  avia-align-center '  itemprop=\"image\" itemscope=\"itemscope\" itemtype=\"https:\/\/schema.org\/ImageObject\"  ><div class='avia-image-container-inner'><div class='avia-image-overlay-wrap'><img decoding=\"async\" class='wp-image-32828 avia-img-lazy-loading-not-32828 avia_image' src=\"https:\/\/radiorevelacionfm.cl\/wp-content\/uploads\/2023\/07\/MURTA-1-2-2.jpg\" alt='' title='MURTA-1-2-2' height=\"600\" width=\"1220\"  itemprop=\"thumbnailUrl\" srcset=\"https:\/\/radiorevelacionfm.cl\/wp-content\/uploads\/2023\/07\/MURTA-1-2-2.jpg 1220w, https:\/\/radiorevelacionfm.cl\/wp-content\/uploads\/2023\/07\/MURTA-1-2-2-300x148.jpg 300w, https:\/\/radiorevelacionfm.cl\/wp-content\/uploads\/2023\/07\/MURTA-1-2-2-1030x507.jpg 1030w, https:\/\/radiorevelacionfm.cl\/wp-content\/uploads\/2023\/07\/MURTA-1-2-2-768x378.jpg 768w, https:\/\/radiorevelacionfm.cl\/wp-content\/uploads\/2023\/07\/MURTA-1-2-2-705x347.jpg 705w, https:\/\/radiorevelacionfm.cl\/wp-content\/uploads\/2023\/07\/MURTA-1-2-2-450x221.jpg 450w, https:\/\/radiorevelacionfm.cl\/wp-content\/uploads\/2023\/07\/MURTA-1-2-2-600x295.jpg 600w\" sizes=\"(max-width: 1220px) 100vw, 1220px\" \/><\/div><\/div><\/div><\/div><div class=\"flex_column av_one_full  flex_column_div av-zero-column-padding first  avia-builder-el-2  el_after_av_one_full  el_before_av_one_full  column-top-margin\" style='border-radius:0px; '><section class=\"av_textblock_section \"  itemscope=\"itemscope\" itemtype=\"https:\/\/schema.org\/BlogPosting\" itemprop=\"blogPost\" ><div class='avia_textblock  '   itemprop=\"text\" ><p style=\"text-align: center;\"><strong><span style=\"font-size: 18pt;\">Agrupaci\u00f3n de Mujeres ligadas a la construcci\u00f3n en Puerto S\u00e1nchez-Murta, asegur\u00f3: \u201cQueremos tener herramientas para poder avanzar y ser un aporte para la econom\u00eda de nuestra regi\u00f3n\u201d<\/span><\/strong><\/p>\n<div id=\"gtx-trans\" style=\"position: absolute; left: -50px; top: 4.31534px;\">\n<div class=\"gtx-trans-icon\"><\/div>\n<\/div>\n<\/div><\/section><\/div><div class=\"flex_column av_one_full  flex_column_div av-zero-column-padding first  avia-builder-el-4  el_after_av_one_full  el_before_av_hr  column-top-margin\" style='border-radius:0px; '><section class=\"av_textblock_section \"  itemscope=\"itemscope\" itemtype=\"https:\/\/schema.org\/BlogPosting\" itemprop=\"blogPost\" ><div class='avia_textblock  '   itemprop=\"text\" ><p style=\"text-align: justify;\">Hasta dependencias del Ministerio de Obras P\u00fablicas, lleg\u00f3 esta semana Valeria Leiva, para dar continuidad a un trabajo que ha estado desarrollando con el Secretario Regional Ministerial de Obras P\u00fablicas Patricio Sanhueza y la Encargada de G\u00e9nero de la Serem\u00eda de Obras P\u00fablicas Ver\u00f3nica Hern\u00e1ndez entorno a escuchar las necesidades de un grupo de 37 mujeres provenientes de Bah\u00eda Murta y Puerto S\u00e1nchez, quienes han planteado la necesidad de poder contar con mayores herramientas que les permitan avanzar en sus requerimientos de capacitaci\u00f3n y empleo, canalizando estas necesidades en el Sence y en el Ministerio de Obras P\u00fablicas.<\/p>\n<p style=\"text-align: justify;\">\u201cValeria Leiva es una de las representantes de un grupo de 37 mujeres de la comuna de R\u00edo Ib\u00e1\u00f1ez -Murta y Puerto S\u00e1nchez-con quienes trabajamos junto al equipo ministerial en acciones de capacitaci\u00f3n. Estamos en una etapa bastante avanzada junto con el SENCE, en donde nosotros generamos el enlace respecto de la cantidad de mujeres que requieren trabajar en la construcci\u00f3n y sus necesidades de capacitaciones \u00a0y la posibilidad de que esto se otorgue. Esto va muy en l\u00ednea con las acciones que como gobierno de Gabriel Boric queremos impulsar, pero tambi\u00e9n va en l\u00ednea con los acuerdos que hemos establecido como pa\u00eds con ONU Mujeres y darle una mayor presencia a la mujer en la construcci\u00f3n. Estamos muy contentos, porque estamos estableciendo compromisos con este grupo de mujeres y queremos avanzar de la manera m\u00e1s pronta y r\u00e1pida posible para completar este sue\u00f1o, y que ellas reciban la capacitaci\u00f3n que corresponde y posteriormente tambi\u00e9n poder contribuir y colaborar en la inserci\u00f3n de ellas en el campo laboral y ojal\u00e1 con obras y trabajos que nosotros mismos como Ministerio les demos\u201d.<\/p>\n<p style=\"text-align: justify;\">El Ministerio de Obras P\u00fablicas, trabaja en el levantamiento de informaci\u00f3n para conocer con certeza la cantidad de mujeres que est\u00e1n dispuestas a trabajar en el rubro de la construcci\u00f3n. Esta informaci\u00f3n cuantitativa permitir\u00e1 saber con mayor pertinencia las necesidades en enfoque de g\u00e9nero que requieren todas nuestras obras, y a partir de ese catastro poder gestionar capacitaciones enfocadas en entregar mayores oportunidades laborales y de empleabilidad. Una de las formas de erradicar todo tipo de violencia contra las mujeres es entregar empleos dignos, posibilitar que puedan contar con mejores ingresos, y que reconozca que las obras no son solo un rubro de los hombres, sino tambi\u00e9n que existe en este sector un espacio igualitario para las mujeres, para su incorporaci\u00f3n en ellos, y en entornos libres de violencia de g\u00e9nero.<\/p>\n<p style=\"text-align: justify;\">En la reuni\u00f3n Valeria Leiva, quien vive en Puerto S\u00e1nchez y es \u00a0una de las \u00a037 mujeres que despu\u00e9s de la pandemia debieron buscar nuevas formas de contar con recursos para llevar al hogar, coment\u00f3 \u201cnos surgi\u00f3 la inquietud de poder capacitarnos para tener herramientas y volver a los caminos, porque en ese sector una gran fuente de trabajo para nosotras las mujeres, que somos madres y jefas de hogar la gran mayor\u00eda, signific\u00f3 un importante desmedro en nuestra econom\u00eda y ahora queremos reinventarnos con la ayuda del MOP, del SEREMI, de Ver\u00f3nica y atr\u00e1s de esto hay mucha m\u00e1s gente que nos ha ayudado a formar la inquietud, a poder organizarnos y poder capacitarnos y tener la oportunidad de trabajar desde otra perspectiva, no solamente de obrera o de paletera, sin desmerecer ese trabajo, pero queremos tener herramientas para poder avanzar y ser un aporte para la econom\u00eda de nuestra regi\u00f3n\u201d.<\/p>\n<\/div><\/section><\/div><div  style='height:50px' class='hr hr-invisible   avia-builder-el-6  el_after_av_one_full  el_before_av_social_share '><span class='hr-inner ' ><span class='hr-inner-style'><\/span><\/span><\/div><\/p>\n<div  class='av-social-sharing-box  avia-builder-el-7  el_after_av_hr  el_before_av_hr  '><div class='av-share-box'><h5 class='av-share-link-description av-no-toc '>Compartir esta noticia<\/h5><ul class='av-share-box-list noLightbox'><li class='av-share-link av-social-link-facebook' ><a target=\"_blank\" aria-label=\"Compartir en Facebook\" href='https:\/\/www.facebook.com\/sharer.php?u=https:\/\/radiorevelacionfm.cl\/?p=32827&#038;t=Agrupaci%C3%B3n%20de%20Mujeres%20ligadas%20a%20la%20construcci%C3%B3n%20en%20Puerto%20S%C3%A1nchez-Murta%2C%20asegur%C3%B3%3A%20%E2%80%9CQueremos%20tener%20herramientas%20para%20poder%20avanzar%20y%20ser%20un%20aporte%20para%20la%20econom%C3%ADa%20de%20nuestra%20regi%C3%B3n%E2%80%9D' aria-hidden='false' data-av_icon='\ue8f3' data-av_iconfont='entypo-fontello' title='' data-avia-related-tooltip='Compartir en Facebook' rel=\"noopener\"><span class='avia_hidden_link_text'>Compartir en Facebook<\/span><\/a><\/li><li class='av-share-link av-social-link-twitter' ><a target=\"_blank\" aria-label=\"Compartir en Twitter\" href='https:\/\/twitter.com\/share?text=Agrupaci%C3%B3n%20de%20Mujeres%20ligadas%20a%20la%20construcci%C3%B3n%20en%20Puerto%20S%C3%A1nchez-Murta%2C%20asegur%C3%B3%3A%20%E2%80%9CQueremos%20tener%20herramientas%20para%20poder%20avanzar%20y%20ser%20un%20aporte%20para%20la%20econom%C3%ADa%20de%20nuestra%20regi%C3%B3n%E2%80%9D&#038;url=https:\/\/radiorevelacionfm.cl\/?p=32827' aria-hidden='false' data-av_icon='\ue8f1' data-av_iconfont='entypo-fontello' title='' data-avia-related-tooltip='Compartir en Twitter' rel=\"noopener\"><span class='avia_hidden_link_text'>Compartir en Twitter<\/span><\/a><\/li><li class='av-share-link av-social-link-whatsapp' ><a target=\"_blank\" aria-label=\"Compartir en Whatsapp\" href='https:\/\/api.whatsapp.com\/send?text=https:\/\/radiorevelacionfm.cl\/?p=32827' aria-hidden='false' data-av_icon='\uf232' data-av_iconfont='entypo-fontello' title='' data-avia-related-tooltip='Compartir en Whatsapp' rel=\"noopener\"><span class='avia_hidden_link_text'>Compartir en Whatsapp<\/span><\/a><\/li><li class='av-share-link av-social-link-linkedin' ><a target=\"_blank\" aria-label=\"Compartir en LinkedIn\" href='https:\/\/linkedin.com\/shareArticle?mini=true&#038;title=Agrupaci%C3%B3n%20de%20Mujeres%20ligadas%20a%20la%20construcci%C3%B3n%20en%20Puerto%20S%C3%A1nchez-Murta%2C%20asegur%C3%B3%3A%20%E2%80%9CQueremos%20tener%20herramientas%20para%20poder%20avanzar%20y%20ser%20un%20aporte%20para%20la%20econom%C3%ADa%20de%20nuestra%20regi%C3%B3n%E2%80%9D&#038;url=https:\/\/radiorevelacionfm.cl\/?p=32827' aria-hidden='false' data-av_icon='\ue8fc' data-av_iconfont='entypo-fontello' title='' data-avia-related-tooltip='Compartir en LinkedIn' rel=\"noopener\"><span class='avia_hidden_link_text'>Compartir en LinkedIn<\/span><\/a><\/li><li class='av-share-link av-social-link-mail' ><a  aria-label=\"Compartir por correo\" href='mailto:?subject=Agrupaci%C3%B3n%20de%20Mujeres%20ligadas%20a%20la%20construcci%C3%B3n%20en%20Puerto%20S%C3%A1nchez-Murta%2C%20asegur%C3%B3%3A%20%E2%80%9CQueremos%20tener%20herramientas%20para%20poder%20avanzar%20y%20ser%20un%20aporte%20para%20la%20econom%C3%ADa%20de%20nuestra%20regi%C3%B3n%E2%80%9D&#038;body=https:\/\/radiorevelacionfm.cl\/?p=32827' aria-hidden='false' data-av_icon='\ue805' data-av_iconfont='entypo-fontello' title='' data-avia-related-tooltip='Compartir por correo'><span class='avia_hidden_link_text'>Compartir por correo<\/span><\/a><\/li><\/ul><\/div><\/div>\n<div  style='height:50px' class='hr hr-invisible   avia-builder-el-8  el_after_av_social_share  el_before_av_comments_list '><span class='hr-inner ' ><span class='hr-inner-style'><\/span><\/span><\/div>\n<div  class='av-buildercomment  av-blog-meta-html-info-disabled av-blog-meta-tag-disabled  '><\/div>\n","protected":false},"excerpt":{"rendered":"","protected":false},"author":1,"featured_media":32828,"comment_status":"open","ping_status":"open","sticky":false,"template":"","format":"standard","meta":{"footnotes":""},"categories":[38],"tags":[],"class_list":["post-32827","post","type-post","status-publish","format-standard","has-post-thumbnail","hentry","category-regional"],"jetpack_featured_media_url":"https:\/\/radiorevelacionfm.cl\/wp-content\/uploads\/2023\/07\/MURTA-1-2-2.jpg","_links":{"self":[{"href":"https:\/\/radiorevelacionfm.cl\/index.php?rest_route=\/wp\/v2\/posts\/32827","targetHints":{"allow":["GET"]}}],"collection":[{"href":"https:\/\/radiorevelacionfm.cl\/index.php?rest_route=\/wp\/v2\/posts"}],"about":[{"href":"https:\/\/radiorevelacionfm.cl\/index.php?rest_route=\/wp\/v2\/types\/post"}],"author":[{"embeddable":true,"href":"https:\/\/radiorevelacionfm.cl\/index.php?rest_route=\/wp\/v2\/users\/1"}],"replies":[{"embeddable":true,"href":"https:\/\/radiorevelacionfm.cl\/index.php?rest_route=%2Fwp%2Fv2%2Fcomments&post=32827"}],"version-history":[{"count":1,"href":"https:\/\/radiorevelacionfm.cl\/index.php?rest_route=\/wp\/v2\/posts\/32827\/revisions"}],"predecessor-version":[{"id":32829,"href":"https:\/\/radiorevelacionfm.cl\/index.php?rest_route=\/wp\/v2\/posts\/32827\/revisions\/32829"}],"wp:featuredmedia":[{"embeddable":true,"href":"https:\/\/radiorevelacionfm.cl\/index.php?rest_route=\/wp\/v2\/media\/32828"}],"wp:attachment":[{"href":"https:\/\/radiorevelacionfm.cl\/index.php?rest_route=%2Fwp%2Fv2%2Fmedia&parent=32827"}],"wp:term":[{"taxonomy":"category","embeddable":true,"href":"https:\/\/radiorevelacionfm.cl\/index.php?rest_route=%2Fwp%2Fv2%2Fcategories&post=32827"},{"taxonomy":"post_tag","embeddable":true,"href":"https:\/\/radiorevelacionfm.cl\/index.php?rest_route=%2Fwp%2Fv2%2Ftags&post=32827"}],"curies":[{"name":"wp","href":"https:\/\/api.w.org\/{rel}","templated":true}]}}