{"id":32824,"date":"2023-07-10T17:35:19","date_gmt":"2023-07-10T20:35:19","guid":{"rendered":"https:\/\/radiorevelacionfm.cl\/?p=32824"},"modified":"2023-07-10T17:35:19","modified_gmt":"2023-07-10T20:35:19","slug":"cincuenta-soldados-de-tropa-profesional-en-cochrane-juraron-a-la-bandera","status":"publish","type":"post","link":"https:\/\/radiorevelacionfm.cl\/?p=32824","title":{"rendered":"Cincuenta soldados de tropa profesional en Cochrane juraron a la bandera"},"content":{"rendered":"<div class=\"flex_column av_one_full  flex_column_div av-zero-column-padding first  avia-builder-el-0  el_before_av_one_full  avia-builder-el-first  \" style='border-radius:0px; '><div  class='avia-image-container  av-styling-    avia-builder-el-1  avia-builder-el-no-sibling  avia-align-center '  itemprop=\"image\" itemscope=\"itemscope\" itemtype=\"https:\/\/schema.org\/ImageObject\"  ><div class='avia-image-container-inner'><div class='avia-image-overlay-wrap'><img decoding=\"async\" class='wp-image-32825 avia-img-lazy-loading-not-32825 avia_image' src=\"https:\/\/radiorevelacionfm.cl\/wp-content\/uploads\/2023\/07\/WhatsApp-Image-2023-07-10-at-14.49.44-1-2-2.jpeg\" alt='' title='WhatsApp Image 2023-07-10 at 14.49.44 (1)-2-2' height=\"600\" width=\"1069\"  itemprop=\"thumbnailUrl\" srcset=\"https:\/\/radiorevelacionfm.cl\/wp-content\/uploads\/2023\/07\/WhatsApp-Image-2023-07-10-at-14.49.44-1-2-2.jpeg 1069w, https:\/\/radiorevelacionfm.cl\/wp-content\/uploads\/2023\/07\/WhatsApp-Image-2023-07-10-at-14.49.44-1-2-2-300x168.jpeg 300w, https:\/\/radiorevelacionfm.cl\/wp-content\/uploads\/2023\/07\/WhatsApp-Image-2023-07-10-at-14.49.44-1-2-2-1030x578.jpeg 1030w, https:\/\/radiorevelacionfm.cl\/wp-content\/uploads\/2023\/07\/WhatsApp-Image-2023-07-10-at-14.49.44-1-2-2-768x431.jpeg 768w, https:\/\/radiorevelacionfm.cl\/wp-content\/uploads\/2023\/07\/WhatsApp-Image-2023-07-10-at-14.49.44-1-2-2-705x396.jpeg 705w, https:\/\/radiorevelacionfm.cl\/wp-content\/uploads\/2023\/07\/WhatsApp-Image-2023-07-10-at-14.49.44-1-2-2-450x253.jpeg 450w, https:\/\/radiorevelacionfm.cl\/wp-content\/uploads\/2023\/07\/WhatsApp-Image-2023-07-10-at-14.49.44-1-2-2-600x337.jpeg 600w\" sizes=\"(max-width: 1069px) 100vw, 1069px\" \/><\/div><\/div><\/div><\/div><div class=\"flex_column av_one_full  flex_column_div av-zero-column-padding first  avia-builder-el-2  el_after_av_one_full  el_before_av_one_full  column-top-margin\" style='border-radius:0px; '><section class=\"av_textblock_section \"  itemscope=\"itemscope\" itemtype=\"https:\/\/schema.org\/BlogPosting\" itemprop=\"blogPost\" ><div class='avia_textblock  '   itemprop=\"text\" ><p style=\"text-align: center;\"><strong><span style=\"font-size: 18pt;\">Cincuenta soldados de tropa profesional en Cochrane juraron a la bandera <\/span><\/strong><\/p>\n<div id=\"gtx-trans\" style=\"position: absolute; left: -50px; top: 4.31534px;\">\n<div class=\"gtx-trans-icon\"><\/div>\n<\/div>\n<\/div><\/section><\/div><div class=\"flex_column av_one_full  flex_column_div av-zero-column-padding first  avia-builder-el-4  el_after_av_one_full  el_before_av_hr  column-top-margin\" style='border-radius:0px; '><section class=\"av_textblock_section \"  itemscope=\"itemscope\" itemtype=\"https:\/\/schema.org\/BlogPosting\" itemprop=\"blogPost\" ><div class='avia_textblock  '   itemprop=\"text\" ><p style=\"text-align: justify;\">Con temperaturas -5\u00b0 grados bajo cero, se realiz\u00f3 la ceremonia del juramento a la bandera en la ciudad de Cochrane. La actividad la cual se llev\u00f3 a cabo en la plaza de armas de la ciudad,\u00a0 fue presidida por el Comandante en Jefe de la IV Divisi\u00f3n de Ej\u00e9rcito, General de Brigada Mario Sep\u00falveda Fuentes y cont\u00f3 con la participaci\u00f3n de autoridades civiles y militares.<\/p>\n<p style=\"text-align: justify;\">La alocuci\u00f3n estuvo a cargo del Comandante de la Compa\u00f1\u00eda Andina Divisionaria N\u00b020 \u201cCochrane\u201d Teniente Coronel Felipe Alcayaga de la Fuente, el cual en sus palabras se\u00f1al\u00f3 \u201c<em>Soldados, esta bandera por la que se jura, representa un pasado de glorias, como la carga de nuestra caballer\u00eda en Maip\u00fa, el ataque de la infanter\u00eda en el Morro de Arica y, por supuesto, la inmolaci\u00f3n de nuestros 77 h\u00e9roes de La Concepci\u00f3n. Esta es la bandera por la que O\u2019Higgins se alist\u00f3, la que se saluda al pasar con respetuosa unci\u00f3n, la misma en cuyos pliegues y jirones est\u00e1n cosidos con hilos de honor aquellas epopeyas que nos vinculan con nuestra historia y tradici\u00f3n<\/em>\u201d<\/p>\n<p style=\"text-align: justify;\">Posteriormente, se procedi\u00f3 a tomar el juramento a los 50 soldados de tropa profesional de la unidad divisionaria, finalizando la ceremonia con un desfile de honor.<\/p>\n<\/div><\/section><\/div><div  style='height:50px' class='hr hr-invisible   avia-builder-el-6  el_after_av_one_full  el_before_av_social_share '><span class='hr-inner ' ><span class='hr-inner-style'><\/span><\/span><\/div><\/p>\n<div  class='av-social-sharing-box  avia-builder-el-7  el_after_av_hr  el_before_av_hr  '><div class='av-share-box'><h5 class='av-share-link-description av-no-toc '>Compartir esta noticia<\/h5><ul class='av-share-box-list noLightbox'><li class='av-share-link av-social-link-facebook' ><a target=\"_blank\" aria-label=\"Compartir en Facebook\" href='https:\/\/www.facebook.com\/sharer.php?u=https:\/\/radiorevelacionfm.cl\/?p=32824&#038;t=Cincuenta%20soldados%20de%20tropa%20profesional%20en%20Cochrane%20juraron%20a%20la%20bandera' aria-hidden='false' data-av_icon='\ue8f3' data-av_iconfont='entypo-fontello' title='' data-avia-related-tooltip='Compartir en Facebook' rel=\"noopener\"><span class='avia_hidden_link_text'>Compartir en Facebook<\/span><\/a><\/li><li class='av-share-link av-social-link-twitter' ><a target=\"_blank\" aria-label=\"Compartir en Twitter\" href='https:\/\/twitter.com\/share?text=Cincuenta%20soldados%20de%20tropa%20profesional%20en%20Cochrane%20juraron%20a%20la%20bandera&#038;url=https:\/\/radiorevelacionfm.cl\/?p=32824' aria-hidden='false' data-av_icon='\ue8f1' data-av_iconfont='entypo-fontello' title='' data-avia-related-tooltip='Compartir en Twitter' rel=\"noopener\"><span class='avia_hidden_link_text'>Compartir en Twitter<\/span><\/a><\/li><li class='av-share-link av-social-link-whatsapp' ><a target=\"_blank\" aria-label=\"Compartir en Whatsapp\" href='https:\/\/api.whatsapp.com\/send?text=https:\/\/radiorevelacionfm.cl\/?p=32824' aria-hidden='false' data-av_icon='\uf232' data-av_iconfont='entypo-fontello' title='' data-avia-related-tooltip='Compartir en Whatsapp' rel=\"noopener\"><span class='avia_hidden_link_text'>Compartir en Whatsapp<\/span><\/a><\/li><li class='av-share-link av-social-link-linkedin' ><a target=\"_blank\" aria-label=\"Compartir en LinkedIn\" href='https:\/\/linkedin.com\/shareArticle?mini=true&#038;title=Cincuenta%20soldados%20de%20tropa%20profesional%20en%20Cochrane%20juraron%20a%20la%20bandera&#038;url=https:\/\/radiorevelacionfm.cl\/?p=32824' aria-hidden='false' data-av_icon='\ue8fc' data-av_iconfont='entypo-fontello' title='' data-avia-related-tooltip='Compartir en LinkedIn' rel=\"noopener\"><span class='avia_hidden_link_text'>Compartir en LinkedIn<\/span><\/a><\/li><li class='av-share-link av-social-link-mail' ><a  aria-label=\"Compartir por correo\" href='mailto:?subject=Cincuenta%20soldados%20de%20tropa%20profesional%20en%20Cochrane%20juraron%20a%20la%20bandera&#038;body=https:\/\/radiorevelacionfm.cl\/?p=32824' aria-hidden='false' data-av_icon='\ue805' data-av_iconfont='entypo-fontello' title='' data-avia-related-tooltip='Compartir por correo'><span class='avia_hidden_link_text'>Compartir por correo<\/span><\/a><\/li><\/ul><\/div><\/div>\n<div  style='height:50px' class='hr hr-invisible   avia-builder-el-8  el_after_av_social_share  el_before_av_comments_list '><span class='hr-inner ' ><span class='hr-inner-style'><\/span><\/span><\/div>\n<div  class='av-buildercomment  av-blog-meta-html-info-disabled av-blog-meta-tag-disabled  '><\/div>\n","protected":false},"excerpt":{"rendered":"","protected":false},"author":1,"featured_media":32825,"comment_status":"open","ping_status":"open","sticky":false,"template":"","format":"standard","meta":{"footnotes":""},"categories":[38],"tags":[],"class_list":["post-32824","post","type-post","status-publish","format-standard","has-post-thumbnail","hentry","category-regional"],"jetpack_featured_media_url":"https:\/\/radiorevelacionfm.cl\/wp-content\/uploads\/2023\/07\/WhatsApp-Image-2023-07-10-at-14.49.44-1-2-2.jpeg","_links":{"self":[{"href":"https:\/\/radiorevelacionfm.cl\/index.php?rest_route=\/wp\/v2\/posts\/32824","targetHints":{"allow":["GET"]}}],"collection":[{"href":"https:\/\/radiorevelacionfm.cl\/index.php?rest_route=\/wp\/v2\/posts"}],"about":[{"href":"https:\/\/radiorevelacionfm.cl\/index.php?rest_route=\/wp\/v2\/types\/post"}],"author":[{"embeddable":true,"href":"https:\/\/radiorevelacionfm.cl\/index.php?rest_route=\/wp\/v2\/users\/1"}],"replies":[{"embeddable":true,"href":"https:\/\/radiorevelacionfm.cl\/index.php?rest_route=%2Fwp%2Fv2%2Fcomments&post=32824"}],"version-history":[{"count":1,"href":"https:\/\/radiorevelacionfm.cl\/index.php?rest_route=\/wp\/v2\/posts\/32824\/revisions"}],"predecessor-version":[{"id":32826,"href":"https:\/\/radiorevelacionfm.cl\/index.php?rest_route=\/wp\/v2\/posts\/32824\/revisions\/32826"}],"wp:featuredmedia":[{"embeddable":true,"href":"https:\/\/radiorevelacionfm.cl\/index.php?rest_route=\/wp\/v2\/media\/32825"}],"wp:attachment":[{"href":"https:\/\/radiorevelacionfm.cl\/index.php?rest_route=%2Fwp%2Fv2%2Fmedia&parent=32824"}],"wp:term":[{"taxonomy":"category","embeddable":true,"href":"https:\/\/radiorevelacionfm.cl\/index.php?rest_route=%2Fwp%2Fv2%2Fcategories&post=32824"},{"taxonomy":"post_tag","embeddable":true,"href":"https:\/\/radiorevelacionfm.cl\/index.php?rest_route=%2Fwp%2Fv2%2Ftags&post=32824"}],"curies":[{"name":"wp","href":"https:\/\/api.w.org\/{rel}","templated":true}]}}