{"id":32821,"date":"2023-07-10T21:04:45","date_gmt":"2023-07-11T00:04:45","guid":{"rendered":"https:\/\/radiorevelacionfm.cl\/?p=32821"},"modified":"2023-07-10T21:04:45","modified_gmt":"2023-07-11T00:04:45","slug":"rio-ibanez-contara-con-una-remodelada-posta-de-salud-rural","status":"publish","type":"post","link":"https:\/\/radiorevelacionfm.cl\/?p=32821","title":{"rendered":"R\u00edo Ib\u00e1\u00f1ez contar\u00e1 con una remodelada Posta de Salud Rural"},"content":{"rendered":"<div class=\"flex_column av_one_full  flex_column_div av-zero-column-padding first  avia-builder-el-0  el_before_av_one_full  avia-builder-el-first  \" style='border-radius:0px; '><div  class='avia-image-container  av-styling-    avia-builder-el-1  avia-builder-el-no-sibling  avia-align-center '  itemprop=\"image\" itemscope=\"itemscope\" itemtype=\"https:\/\/schema.org\/ImageObject\"  ><div class='avia-image-container-inner'><div class='avia-image-overlay-wrap'><img decoding=\"async\" class='wp-image-32822 avia-img-lazy-loading-not-32822 avia_image' src=\"https:\/\/radiorevelacionfm.cl\/wp-content\/uploads\/2023\/07\/Foto-nota-Posta-Puerto-Sanchez-2-2.jpeg\" alt='' title='Foto nota Posta Puerto S\u00e1nchez-2-2' height=\"600\" width=\"800\"  itemprop=\"thumbnailUrl\" srcset=\"https:\/\/radiorevelacionfm.cl\/wp-content\/uploads\/2023\/07\/Foto-nota-Posta-Puerto-Sanchez-2-2.jpeg 800w, https:\/\/radiorevelacionfm.cl\/wp-content\/uploads\/2023\/07\/Foto-nota-Posta-Puerto-Sanchez-2-2-300x225.jpeg 300w, https:\/\/radiorevelacionfm.cl\/wp-content\/uploads\/2023\/07\/Foto-nota-Posta-Puerto-Sanchez-2-2-768x576.jpeg 768w, https:\/\/radiorevelacionfm.cl\/wp-content\/uploads\/2023\/07\/Foto-nota-Posta-Puerto-Sanchez-2-2-705x529.jpeg 705w, https:\/\/radiorevelacionfm.cl\/wp-content\/uploads\/2023\/07\/Foto-nota-Posta-Puerto-Sanchez-2-2-450x338.jpeg 450w, https:\/\/radiorevelacionfm.cl\/wp-content\/uploads\/2023\/07\/Foto-nota-Posta-Puerto-Sanchez-2-2-600x450.jpeg 600w\" sizes=\"(max-width: 800px) 100vw, 800px\" \/><\/div><\/div><\/div><\/div><div class=\"flex_column av_one_full  flex_column_div av-zero-column-padding first  avia-builder-el-2  el_after_av_one_full  el_before_av_one_full  column-top-margin\" style='border-radius:0px; '><section class=\"av_textblock_section \"  itemscope=\"itemscope\" itemtype=\"https:\/\/schema.org\/BlogPosting\" itemprop=\"blogPost\" ><div class='avia_textblock  '   itemprop=\"text\" ><p style=\"text-align: center;\"><strong><span style=\"font-size: 18pt;\">R\u00edo Ib\u00e1\u00f1ez contar\u00e1 con una remodelada Posta de Salud Rural<\/span><\/strong><\/p>\n<div id=\"gtx-trans\" style=\"position: absolute; left: -50px; top: 4.31534px;\">\n<div class=\"gtx-trans-icon\"><\/div>\n<\/div>\n<\/div><\/section><\/div><div class=\"flex_column av_one_full  flex_column_div av-zero-column-padding first  avia-builder-el-4  el_after_av_one_full  el_before_av_hr  column-top-margin\" style='border-radius:0px; '><section class=\"av_textblock_section \"  itemscope=\"itemscope\" itemtype=\"https:\/\/schema.org\/BlogPosting\" itemprop=\"blogPost\" ><div class='avia_textblock  '   itemprop=\"text\" ><p style=\"text-align: justify;\">El pasado 5 de julio se realiz\u00f3 la ceremonia de firma del proyecto de \u201cConservaci\u00f3n de infraestructura Posta de Salud Rural Puerto S\u00e1nchez\u00bb una obra gestionada por la Ilustre Municipalidad de R\u00edo Ib\u00e1\u00f1ez, y financiada por el Gobierno Regional de Ays\u00e9n.<\/p>\n<p style=\"text-align: justify;\">Las m\u00e1s de 30 familias que residen en la localidad de Puerto S\u00e1nchez ser\u00e1n beneficiadas con esta obra que contempla un mejoramiento en la infraestructura del recinto, que considera la conservaci\u00f3n de la cubierta, los revestimientos de pisos, de ventanas, y del m\u00f3dulo de bodega. Adem\u00e1s, el cambio de artefactos sanitarios, el mantenimiento de la instalaci\u00f3n el\u00e9ctrica, el cierre perimetral y accesos. Se habilitar\u00e1, tambi\u00e9n, una sala de procedimientos para atenci\u00f3n de urgencias, entre otros elementos que ya cumplieron su vida \u00fatil y as\u00ed, mejorar los espacios usados, tanto al interior como en el exterior.<\/p>\n<p style=\"text-align: justify;\">A la ceremonia asistieron varias autoridades entre ellos el Alcalde de la comuna de R\u00edo Ib\u00e1\u00f1ez, Marcelo Santana Vargas, concejales de la comuna, equipo del Departamento de Obras de la comuna y la representante de la Direcci\u00f3n de Salud Rural, Nadia Hern\u00e1ndez, quien destac\u00f3 la realizaci\u00f3n de este proyecto: \u201csabemos que cuando se realizan este tipo de proyectos son en beneficio directo para nuestros usuarios, desde el a\u00f1o 1989 que esta posta no contaba con un proyecto de conservaci\u00f3n, y es tremendo que este 2023 se haya podido concretar, mencionar el apoyo s\u00faper importante del alcalde, se ve que cuando existe el trabajo cohesionado, se pueden lograr este tipo de proyectos, que van a beneficiar a toda una poblaci\u00f3n\u201d.<\/p>\n<p style=\"text-align: justify;\">La obra tiene un plazo de 180 d\u00edas para ser entregada, y se espera que logre fortalecer, no solo las condiciones e implementos necesarios para la correcta atenci\u00f3n hospitalaria, sino que tambi\u00e9n la calidad de vida de los habitantes de Puerto S\u00e1nchez.<\/p>\n<\/div><\/section><\/div><div  style='height:50px' class='hr hr-invisible   avia-builder-el-6  el_after_av_one_full  el_before_av_social_share '><span class='hr-inner ' ><span class='hr-inner-style'><\/span><\/span><\/div><\/p>\n<div  class='av-social-sharing-box  avia-builder-el-7  el_after_av_hr  el_before_av_hr  '><div class='av-share-box'><h5 class='av-share-link-description av-no-toc '>Compartir esta noticia<\/h5><ul class='av-share-box-list noLightbox'><li class='av-share-link av-social-link-facebook' ><a target=\"_blank\" aria-label=\"Compartir en Facebook\" href='https:\/\/www.facebook.com\/sharer.php?u=https:\/\/radiorevelacionfm.cl\/?p=32821&#038;t=R%C3%ADo%20Ib%C3%A1%C3%B1ez%20contar%C3%A1%20con%20una%20remodelada%20Posta%20de%20Salud%20Rural' aria-hidden='false' data-av_icon='\ue8f3' data-av_iconfont='entypo-fontello' title='' data-avia-related-tooltip='Compartir en Facebook' rel=\"noopener\"><span class='avia_hidden_link_text'>Compartir en Facebook<\/span><\/a><\/li><li class='av-share-link av-social-link-twitter' ><a target=\"_blank\" aria-label=\"Compartir en Twitter\" href='https:\/\/twitter.com\/share?text=R%C3%ADo%20Ib%C3%A1%C3%B1ez%20contar%C3%A1%20con%20una%20remodelada%20Posta%20de%20Salud%20Rural&#038;url=https:\/\/radiorevelacionfm.cl\/?p=32821' aria-hidden='false' data-av_icon='\ue8f1' data-av_iconfont='entypo-fontello' title='' data-avia-related-tooltip='Compartir en Twitter' rel=\"noopener\"><span class='avia_hidden_link_text'>Compartir en Twitter<\/span><\/a><\/li><li class='av-share-link av-social-link-whatsapp' ><a target=\"_blank\" aria-label=\"Compartir en Whatsapp\" href='https:\/\/api.whatsapp.com\/send?text=https:\/\/radiorevelacionfm.cl\/?p=32821' aria-hidden='false' data-av_icon='\uf232' data-av_iconfont='entypo-fontello' title='' data-avia-related-tooltip='Compartir en Whatsapp' rel=\"noopener\"><span class='avia_hidden_link_text'>Compartir en Whatsapp<\/span><\/a><\/li><li class='av-share-link av-social-link-linkedin' ><a target=\"_blank\" aria-label=\"Compartir en LinkedIn\" href='https:\/\/linkedin.com\/shareArticle?mini=true&#038;title=R%C3%ADo%20Ib%C3%A1%C3%B1ez%20contar%C3%A1%20con%20una%20remodelada%20Posta%20de%20Salud%20Rural&#038;url=https:\/\/radiorevelacionfm.cl\/?p=32821' aria-hidden='false' data-av_icon='\ue8fc' data-av_iconfont='entypo-fontello' title='' data-avia-related-tooltip='Compartir en LinkedIn' rel=\"noopener\"><span class='avia_hidden_link_text'>Compartir en LinkedIn<\/span><\/a><\/li><li class='av-share-link av-social-link-mail' ><a  aria-label=\"Compartir por correo\" href='mailto:?subject=R%C3%ADo%20Ib%C3%A1%C3%B1ez%20contar%C3%A1%20con%20una%20remodelada%20Posta%20de%20Salud%20Rural&#038;body=https:\/\/radiorevelacionfm.cl\/?p=32821' aria-hidden='false' data-av_icon='\ue805' data-av_iconfont='entypo-fontello' title='' data-avia-related-tooltip='Compartir por correo'><span class='avia_hidden_link_text'>Compartir por correo<\/span><\/a><\/li><\/ul><\/div><\/div>\n<div  style='height:50px' class='hr hr-invisible   avia-builder-el-8  el_after_av_social_share  el_before_av_comments_list '><span class='hr-inner ' ><span class='hr-inner-style'><\/span><\/span><\/div>\n<div  class='av-buildercomment  av-blog-meta-html-info-disabled av-blog-meta-tag-disabled  '><\/div>\n","protected":false},"excerpt":{"rendered":"","protected":false},"author":1,"featured_media":32822,"comment_status":"open","ping_status":"open","sticky":false,"template":"","format":"standard","meta":{"footnotes":""},"categories":[38],"tags":[],"class_list":["post-32821","post","type-post","status-publish","format-standard","has-post-thumbnail","hentry","category-regional"],"jetpack_featured_media_url":"https:\/\/radiorevelacionfm.cl\/wp-content\/uploads\/2023\/07\/Foto-nota-Posta-Puerto-Sanchez-2-2.jpeg","_links":{"self":[{"href":"https:\/\/radiorevelacionfm.cl\/index.php?rest_route=\/wp\/v2\/posts\/32821","targetHints":{"allow":["GET"]}}],"collection":[{"href":"https:\/\/radiorevelacionfm.cl\/index.php?rest_route=\/wp\/v2\/posts"}],"about":[{"href":"https:\/\/radiorevelacionfm.cl\/index.php?rest_route=\/wp\/v2\/types\/post"}],"author":[{"embeddable":true,"href":"https:\/\/radiorevelacionfm.cl\/index.php?rest_route=\/wp\/v2\/users\/1"}],"replies":[{"embeddable":true,"href":"https:\/\/radiorevelacionfm.cl\/index.php?rest_route=%2Fwp%2Fv2%2Fcomments&post=32821"}],"version-history":[{"count":1,"href":"https:\/\/radiorevelacionfm.cl\/index.php?rest_route=\/wp\/v2\/posts\/32821\/revisions"}],"predecessor-version":[{"id":32823,"href":"https:\/\/radiorevelacionfm.cl\/index.php?rest_route=\/wp\/v2\/posts\/32821\/revisions\/32823"}],"wp:featuredmedia":[{"embeddable":true,"href":"https:\/\/radiorevelacionfm.cl\/index.php?rest_route=\/wp\/v2\/media\/32822"}],"wp:attachment":[{"href":"https:\/\/radiorevelacionfm.cl\/index.php?rest_route=%2Fwp%2Fv2%2Fmedia&parent=32821"}],"wp:term":[{"taxonomy":"category","embeddable":true,"href":"https:\/\/radiorevelacionfm.cl\/index.php?rest_route=%2Fwp%2Fv2%2Fcategories&post=32821"},{"taxonomy":"post_tag","embeddable":true,"href":"https:\/\/radiorevelacionfm.cl\/index.php?rest_route=%2Fwp%2Fv2%2Ftags&post=32821"}],"curies":[{"name":"wp","href":"https:\/\/api.w.org\/{rel}","templated":true}]}}