{"id":3282,"date":"2021-04-19T19:23:52","date_gmt":"2021-04-19T22:23:52","guid":{"rendered":"https:\/\/radiorevelacionfm.cl\/?p=3282"},"modified":"2021-04-19T19:23:52","modified_gmt":"2021-04-19T22:23:52","slug":"comienza-proceso-de-postulacion-para-bono-de-500-mil-en-apoyo-a-transportistas","status":"publish","type":"post","link":"https:\/\/radiorevelacionfm.cl\/?p=3282","title":{"rendered":"Comienza proceso de postulaci\u00f3n para Bono de $500 mil en apoyo a Transportistas"},"content":{"rendered":"<div class=\"flex_column av_one_full  flex_column_div av-zero-column-padding first  avia-builder-el-0  el_before_av_one_full  avia-builder-el-first  \" style='border-radius:0px; '><div  class='avia-image-container  av-styling-    avia-builder-el-1  avia-builder-el-no-sibling  avia-align-center '  itemprop=\"image\" itemscope=\"itemscope\" itemtype=\"https:\/\/schema.org\/ImageObject\"  ><div class='avia-image-container-inner'><div class='avia-image-overlay-wrap'><img decoding=\"async\" class='wp-image-0 avia-img-lazy-loading-not-0 avia_image' src=\"https:\/\/radiorevelacionfm.cl\/wp-content\/uploads\/2021\/04\/dsc_3983_optimized.jpg\" alt='' title=''   itemprop=\"thumbnailUrl\"  \/><\/div><\/div><\/div><\/div><div class=\"flex_column av_one_full  flex_column_div av-zero-column-padding first  avia-builder-el-2  el_after_av_one_full  el_before_av_one_full  column-top-margin\" style='border-radius:0px; '><section class=\"av_textblock_section \"  itemscope=\"itemscope\" itemtype=\"https:\/\/schema.org\/BlogPosting\" itemprop=\"blogPost\" ><div class='avia_textblock  '   itemprop=\"text\" ><p style=\"text-align: center;\"><strong><span style=\"font-size: 18pt;\">Comienza proceso de postulaci\u00f3n para Bono de $500 mil en apoyo a Transportistas<\/span><\/strong><\/p>\n<div id=\"gtx-trans\" style=\"position: absolute; left: -50px; top: 4.31534px;\">\n<div class=\"gtx-trans-icon\"><\/div>\n<\/div>\n<\/div><\/section><\/div><div class=\"flex_column av_one_full  flex_column_div av-zero-column-padding first  avia-builder-el-4  el_after_av_one_full  el_before_av_hr  column-top-margin\" style='border-radius:0px; '><section class=\"av_textblock_section \"  itemscope=\"itemscope\" itemtype=\"https:\/\/schema.org\/BlogPosting\" itemprop=\"blogPost\" ><div class='avia_textblock  '   itemprop=\"text\" ><p style=\"font-weight: 400; text-align: justify;\">A\u00a0partir de este 19 de abril propietarios y conductores de\u00a0taxis b\u00e1sicos, colectivos, ejecutivos y de turismo; buses y minibuses urbanos y rurales, y furgones escolares, pueden postular al nuevo bono de $500 mil en apoyo al sector y que se solicita en la plataforma habilitada en la p\u00e1gina de Ministerio de Transportes y Telecomunicaciones\u00a0<a href=\"http:\/\/www.mtt.gob.cl\/\" data-saferedirecturl=\"https:\/\/www.google.com\/url?q=http:\/\/www.mtt.gob.cl&amp;source=gmail&amp;ust=1618955403472000&amp;usg=AFQjCNGGJ7FWFGSAR4HRhHPHyitGq2e46w\">www.mtt.gob.cl<\/a>.<\/p>\n<p style=\"font-weight: 400; text-align: justify;\">El secretario regional ministerial de la cartera, Fabi\u00e1n Rojas, indic\u00f3 que mediante el Bono Transportistas 2021 se entregar\u00e1\u00a0 \u201cun bono de 500 mil pesos que aumenta en relaci\u00f3n al a\u00f1o anterior. Los propietarios de los veh\u00edculos de transporte p\u00fablico de la regi\u00f3n de Ays\u00e9n, ya sean de transporte mayor o menor, van a poder postular al bono y tambi\u00e9n inscribir a un conductor que est\u00e9 relacionado con el servicio de transportes que presta. Si un propietario tiene m\u00e1s de un veh\u00edculo que presta servicios podr\u00e1 inscribir a tantos conductores se le permita en relaci\u00f3n al n\u00famero de patentes que tenga asignada \u201c.<\/p>\n<p style=\"font-weight: 400; text-align: justify;\"><strong>Pasos de la postulaci\u00f3n<\/strong><\/p>\n<p style=\"font-weight: 400; text-align: justify;\">Los propietarios o representantes legales, con su RUN y Clave \u00danica, deben especificar sus datos personales, seleccionar el medio de pago (cuenta RUT, pago por caja o transferencia electr\u00f3nica) y luego se desplegar\u00e1 un listado de los veh\u00edculos habilitados para la postulaci\u00f3n para que, de ese modo, el microempresario pueda asociar a un conductor por cada una de las Placas Patentes \u00danicas. Para ello, debe ingresar el RUN, mail y tel\u00e9fono de la respectiva persona.<\/p>\n<p style=\"font-weight: 400; text-align: justify;\">Finalmente se desplegar\u00e1 un resumen de la postulaci\u00f3n, con los datos ingresados por el propietario y los conductores asociados a las patentes habilitadas, para que luego el postulante acepte los t\u00e9rminos y condici\u00f3n de uso.<\/p>\n<p style=\"font-weight: 400; text-align: justify;\">Finalizado el proceso, los propietarios tendr\u00e1n tres d\u00edas corridos para realizar modificaciones, la eliminaci\u00f3n o cancelaci\u00f3n de la postulaci\u00f3n a trav\u00e9s de la misma plataforma en el bot\u00f3n \u201cMis Solicitudes\u201d.<\/p>\n<p style=\"font-weight: 400; text-align: justify;\">Una vez cumplido el plazo de retracto, se enviar\u00e1 un correo a los conductores postulados indic\u00e1ndoles que entrar\u00e1n a proceso de an\u00e1lisis de antecedentes, el que tiene una duraci\u00f3n aproximada de una semana. Una vez finalizada dicha instancia, y en caso de aprobaci\u00f3n, se les enviar\u00e1 un mail para que ingresen a la plataforma con su RUN y Clave \u00danica, adjunten una copia de su licencia de conducir profesional por ambos lados y se\u00f1alen el medio de pago.<\/p>\n<p style=\"font-weight: 400; text-align: justify;\">En total, desde la fecha de postulaci\u00f3n, habr\u00e1 un plazo de 20 d\u00edas h\u00e1biles para que la Tesorer\u00eda General de la Rep\u00fablica realice el pago del beneficio.<\/p>\n<p style=\"font-weight: 400; text-align: justify;\">Respecto a la postulaci\u00f3n del pr\u00e9stamo de 320.500 pesos, incluido en estas medidas de apoyo econ\u00f3mico al rubro, se explic\u00f3 que durante los pr\u00f3ximos d\u00edas se habilitar\u00e1n las solicitudes en el mismo mini sitio del Ministerio de Transportes y Telecomunicaciones, por hasta tres ocasiones: las primeras dos hasta el 15 de julio, mientras que la tercera entre el 1 de septiembre y el 31 de diciembre del 2021\u201d.<\/p>\n<p style=\"font-weight: 400; text-align: justify;\">El pr\u00e9stamo deber\u00e1 ser restituido sin intereses, s\u00f3lo con reajuste, a partir de abril del a\u00f1o 2022, en cuotas mensuales de igual valor, determinadas en UF y bajo un convenio de pago con la Tesorer\u00eda General de la Rep\u00fablica.<\/p>\n<p style=\"font-weight: 400; text-align: justify;\">El seremiTT manifest\u00f3 que se espera que los cambios realizados en el Bono y en la forma de postular hagan posible que se beneficie una mayor cantidad de personas a nivel regional: \u201cEsperamos que este a\u00f1o tengamos m\u00e1s postulaciones que el 2020, entendiendo que estamos abriendo un espacio para que m\u00e1s personas tengan este beneficio relacionado con el transporte p\u00fablico de la regi\u00f3n de Ays\u00e9n\u201d.<\/p>\n<\/div><\/section><\/div><div  style='height:50px' class='hr hr-invisible   avia-builder-el-6  el_after_av_one_full  el_before_av_social_share '><span class='hr-inner ' ><span class='hr-inner-style'><\/span><\/span><\/div><\/p>\n<div  class='av-social-sharing-box  avia-builder-el-7  el_after_av_hr  el_before_av_hr  '><div class='av-share-box'><h5 class='av-share-link-description av-no-toc '>Compartir esta noticia<\/h5><ul class='av-share-box-list noLightbox'><li class='av-share-link av-social-link-facebook' ><a target=\"_blank\" aria-label=\"Compartir en Facebook\" href='https:\/\/www.facebook.com\/sharer.php?u=https:\/\/radiorevelacionfm.cl\/?p=3282&#038;t=Comienza%20proceso%20de%20postulaci%C3%B3n%20para%20Bono%20de%20%24500%20mil%20en%20apoyo%20a%20Transportistas' aria-hidden='false' data-av_icon='\ue8f3' data-av_iconfont='entypo-fontello' title='' data-avia-related-tooltip='Compartir en Facebook' rel=\"noopener\"><span class='avia_hidden_link_text'>Compartir en Facebook<\/span><\/a><\/li><li class='av-share-link av-social-link-twitter' ><a target=\"_blank\" aria-label=\"Compartir en Twitter\" href='https:\/\/twitter.com\/share?text=Comienza%20proceso%20de%20postulaci%C3%B3n%20para%20Bono%20de%20%24500%20mil%20en%20apoyo%20a%20Transportistas&#038;url=https:\/\/radiorevelacionfm.cl\/?p=3282' aria-hidden='false' data-av_icon='\ue8f1' data-av_iconfont='entypo-fontello' title='' data-avia-related-tooltip='Compartir en Twitter' rel=\"noopener\"><span class='avia_hidden_link_text'>Compartir en Twitter<\/span><\/a><\/li><li class='av-share-link av-social-link-whatsapp' ><a target=\"_blank\" aria-label=\"Compartir en Whatsapp\" href='https:\/\/api.whatsapp.com\/send?text=https:\/\/radiorevelacionfm.cl\/?p=3282' aria-hidden='false' data-av_icon='\uf232' data-av_iconfont='entypo-fontello' title='' data-avia-related-tooltip='Compartir en Whatsapp' rel=\"noopener\"><span class='avia_hidden_link_text'>Compartir en Whatsapp<\/span><\/a><\/li><li class='av-share-link av-social-link-linkedin' ><a target=\"_blank\" aria-label=\"Compartir en LinkedIn\" href='https:\/\/linkedin.com\/shareArticle?mini=true&#038;title=Comienza%20proceso%20de%20postulaci%C3%B3n%20para%20Bono%20de%20%24500%20mil%20en%20apoyo%20a%20Transportistas&#038;url=https:\/\/radiorevelacionfm.cl\/?p=3282' aria-hidden='false' data-av_icon='\ue8fc' data-av_iconfont='entypo-fontello' title='' data-avia-related-tooltip='Compartir en LinkedIn' rel=\"noopener\"><span class='avia_hidden_link_text'>Compartir en LinkedIn<\/span><\/a><\/li><li class='av-share-link av-social-link-mail' ><a  aria-label=\"Compartir por correo\" href='mailto:?subject=Comienza%20proceso%20de%20postulaci%C3%B3n%20para%20Bono%20de%20%24500%20mil%20en%20apoyo%20a%20Transportistas&#038;body=https:\/\/radiorevelacionfm.cl\/?p=3282' aria-hidden='false' data-av_icon='\ue805' data-av_iconfont='entypo-fontello' title='' data-avia-related-tooltip='Compartir por correo'><span class='avia_hidden_link_text'>Compartir por correo<\/span><\/a><\/li><\/ul><\/div><\/div>\n<div  style='height:50px' class='hr hr-invisible   avia-builder-el-8  el_after_av_social_share  el_before_av_comments_list '><span class='hr-inner ' ><span class='hr-inner-style'><\/span><\/span><\/div>\n<div  class='av-buildercomment  av-blog-meta-html-info-disabled av-blog-meta-tag-disabled  '><\/div>\n","protected":false},"excerpt":{"rendered":"","protected":false},"author":1,"featured_media":0,"comment_status":"open","ping_status":"open","sticky":false,"template":"","format":"standard","meta":{"footnotes":""},"categories":[59],"tags":[],"class_list":["post-3282","post","type-post","status-publish","format-standard","hentry","category-transporte"],"jetpack_featured_media_url":"","_links":{"self":[{"href":"https:\/\/radiorevelacionfm.cl\/index.php?rest_route=\/wp\/v2\/posts\/3282","targetHints":{"allow":["GET"]}}],"collection":[{"href":"https:\/\/radiorevelacionfm.cl\/index.php?rest_route=\/wp\/v2\/posts"}],"about":[{"href":"https:\/\/radiorevelacionfm.cl\/index.php?rest_route=\/wp\/v2\/types\/post"}],"author":[{"embeddable":true,"href":"https:\/\/radiorevelacionfm.cl\/index.php?rest_route=\/wp\/v2\/users\/1"}],"replies":[{"embeddable":true,"href":"https:\/\/radiorevelacionfm.cl\/index.php?rest_route=%2Fwp%2Fv2%2Fcomments&post=3282"}],"version-history":[{"count":1,"href":"https:\/\/radiorevelacionfm.cl\/index.php?rest_route=\/wp\/v2\/posts\/3282\/revisions"}],"predecessor-version":[{"id":3284,"href":"https:\/\/radiorevelacionfm.cl\/index.php?rest_route=\/wp\/v2\/posts\/3282\/revisions\/3284"}],"wp:attachment":[{"href":"https:\/\/radiorevelacionfm.cl\/index.php?rest_route=%2Fwp%2Fv2%2Fmedia&parent=3282"}],"wp:term":[{"taxonomy":"category","embeddable":true,"href":"https:\/\/radiorevelacionfm.cl\/index.php?rest_route=%2Fwp%2Fv2%2Fcategories&post=3282"},{"taxonomy":"post_tag","embeddable":true,"href":"https:\/\/radiorevelacionfm.cl\/index.php?rest_route=%2Fwp%2Fv2%2Ftags&post=3282"}],"curies":[{"name":"wp","href":"https:\/\/api.w.org\/{rel}","templated":true}]}}