{"id":32818,"date":"2023-07-10T17:56:25","date_gmt":"2023-07-10T20:56:25","guid":{"rendered":"https:\/\/radiorevelacionfm.cl\/?p=32818"},"modified":"2023-07-10T17:56:25","modified_gmt":"2023-07-10T20:56:25","slug":"calles-de-villa-calafate-patagon-llevaran-los-nombres-de-connotados-ayseninos-y-ayseninas","status":"publish","type":"post","link":"https:\/\/radiorevelacionfm.cl\/?p=32818","title":{"rendered":"Calles de Villa Calafate Patag\u00f3n llevar\u00e1n los nombres de connotados ayseninos y ayseninas"},"content":{"rendered":"<div class=\"flex_column av_one_full  flex_column_div av-zero-column-padding first  avia-builder-el-0  el_before_av_one_full  avia-builder-el-first  \" style='border-radius:0px; '><div  class='avia-image-container  av-styling-    avia-builder-el-1  avia-builder-el-no-sibling  avia-align-center '  itemprop=\"image\" itemscope=\"itemscope\" itemtype=\"https:\/\/schema.org\/ImageObject\"  ><div class='avia-image-container-inner'><div class='avia-image-overlay-wrap'><img decoding=\"async\" class='wp-image-32819 avia-img-lazy-loading-not-32819 avia_image' src=\"https:\/\/radiorevelacionfm.cl\/wp-content\/uploads\/2023\/07\/PXL_20230707_141734146-2-2.jpg\" alt='' title='PXL_20230707_141734146-2-2' height=\"600\" width=\"797\"  itemprop=\"thumbnailUrl\" srcset=\"https:\/\/radiorevelacionfm.cl\/wp-content\/uploads\/2023\/07\/PXL_20230707_141734146-2-2.jpg 797w, https:\/\/radiorevelacionfm.cl\/wp-content\/uploads\/2023\/07\/PXL_20230707_141734146-2-2-300x226.jpg 300w, https:\/\/radiorevelacionfm.cl\/wp-content\/uploads\/2023\/07\/PXL_20230707_141734146-2-2-768x578.jpg 768w, https:\/\/radiorevelacionfm.cl\/wp-content\/uploads\/2023\/07\/PXL_20230707_141734146-2-2-705x531.jpg 705w, https:\/\/radiorevelacionfm.cl\/wp-content\/uploads\/2023\/07\/PXL_20230707_141734146-2-2-450x339.jpg 450w, https:\/\/radiorevelacionfm.cl\/wp-content\/uploads\/2023\/07\/PXL_20230707_141734146-2-2-600x452.jpg 600w\" sizes=\"(max-width: 797px) 100vw, 797px\" \/><\/div><\/div><\/div><\/div><div class=\"flex_column av_one_full  flex_column_div av-zero-column-padding first  avia-builder-el-2  el_after_av_one_full  el_before_av_one_full  column-top-margin\" style='border-radius:0px; '><section class=\"av_textblock_section \"  itemscope=\"itemscope\" itemtype=\"https:\/\/schema.org\/BlogPosting\" itemprop=\"blogPost\" ><div class='avia_textblock  '   itemprop=\"text\" ><p style=\"text-align: center;\"><span style=\"font-size: 18pt;\"><strong>Calles de Villa Calafate Patag\u00f3n llevar\u00e1n los nombres de connotados ayseninos y ayseninas<\/strong><\/span><\/p>\n<div id=\"gtx-trans\" style=\"position: absolute; left: -50px; top: 4.31534px;\">\n<div class=\"gtx-trans-icon\"><\/div>\n<\/div>\n<\/div><\/section><\/div><div class=\"flex_column av_one_full  flex_column_div av-zero-column-padding first  avia-builder-el-4  el_after_av_one_full  el_before_av_hr  column-top-margin\" style='border-radius:0px; '><section class=\"av_textblock_section \"  itemscope=\"itemscope\" itemtype=\"https:\/\/schema.org\/BlogPosting\" itemprop=\"blogPost\" ><div class='avia_textblock  '   itemprop=\"text\" ><p style=\"text-align: justify;\">En la sesi\u00f3n del pasado viernes 7 de julio del Honorable Concejo Municipal se celebr\u00f3 un gran hito para nuestra comuna, al aprobarse por unanimidad la denominaci\u00f3n de los nombres de las calles y del proyecto habitacional Calafate Patag\u00f3n. Las v\u00edas de esta villa pronta a inaugurarse llevar\u00e1n los nombres de ayseninas y ayseninos connotados de nuestra historia.<\/p>\n<p style=\"text-align: justify;\">El alcalde de Ays\u00e9n, Julio Uribe Alvarado, se\u00f1al\u00f3 que \u201ces un d\u00eda especial, porque gracias a los comit\u00e9s habitacionales del proyecto Calafate Patag\u00f3n se nos permiti\u00f3 reconocer a vecinos destacados de nuestra comuna\u201d, agregando que \u201clas familias de quienes homenajeamos estaban muy emocionadas porque nunca se les hab\u00eda reconocido\u201d.<\/p>\n<p style=\"text-align: justify;\">Adem\u00e1s, el alcalde agreg\u00f3 que \u201cahora, bajo esta administraci\u00f3n, podemos dar una mirada hist\u00f3rica a nuestras calles, ya que los tres comit\u00e9s habitacionales que se han formado, y en las poblaciones entregadas, cada calle ha llevado alg\u00fan nombre representativo\u201d.<\/p>\n<p style=\"text-align: justify;\">De la misma manera, la villa fue denominada \u201cCalafate Patag\u00f3n\u201d en reconocimiento a los comit\u00e9s de vivienda que formaron parte del proyecto con el que se levantaron los nuevos hogares de las familias que se ubicar\u00e1n en el sector.<\/p>\n<p style=\"text-align: justify;\">\u00bfCu\u00e1les son los nombres de estas nuevas calles y cu\u00e1l es la historia de estas personas?<\/p>\n<p style=\"text-align: justify;\"><strong>Boris Aguilar \u00c1lvarez<\/strong><\/p>\n<p style=\"text-align: justify;\">Nacido en 1984, fue un joven recordado como un gran hijo, padre, hermano, profesional y deportista. Represent\u00f3 a la comuna en varios campeonatos nacionales de f\u00fatbol con una destacada participaci\u00f3n como miembro de los clubes Deportivo Ays\u00e9n, Alas Portuarias y Lord Cochrane. Realiz\u00f3 sus estudios en el Colegio Sagrada Familia y Liceo San Jos\u00e9 UR, titul\u00e1ndose de ingeniero comercial en la Universidad de Santiago. A su retorno a Puerto Ays\u00e9n, trabaj\u00f3 en el Ministerio de Educaci\u00f3n, la Municipalidad de Ays\u00e9n y el Hospital de la localidad, y posteriormente ejerci\u00f3 un alto cargo en la Universidad de Ays\u00e9n, en la que fue homenajeado por su compromiso. Falleci\u00f3 tr\u00e1gicamente en un accidente de tr\u00e1nsito en 2019.<\/p>\n<p style=\"text-align: justify;\"><strong>Sergio C\u00e1rdenas Ruiz<\/strong><\/p>\n<p style=\"text-align: justify;\">Nacido en Puerto Ays\u00e9n en 1954, hijo de oriundos chilotes, estudi\u00f3 en el Liceo de Hombres de la ciudad y se titul\u00f3 de t\u00e9cnico en Recursos Marinos en la Universidad T\u00e9cnica del Estado. Aficionado a la nataci\u00f3n y colecci\u00f3n de antig\u00fcedades, trabaj\u00f3 en el Servicio Nacional de Pesca y en plantas conserveras, y desempe\u00f1\u00f3 un rol como activista pol\u00edtico, ejerciendo como concejal entre 1992 y 1995, a\u00f1o en que falleci\u00f3 mientras a\u00fan se encontraba en el cargo.<\/p>\n<p style=\"text-align: justify;\"><strong>Luis Meli\u00e1n G\u00fcenteo<\/strong><\/p>\n<p style=\"text-align: justify;\">Naci\u00f3 en Faro Cabo Rapel, en el extremo oeste de la pen\u00ednsula de Taitao, desde donde su familia se traslad\u00f3 hasta Puerto Aguirre. Estudi\u00f3 y trabaj\u00f3 desde ni\u00f1o, desempe\u00f1\u00e1ndose como buzo. Militante del Partido Socialista, fue electo concejal para el per\u00edodo 2000 a 2004, tiempo en el que se destac\u00f3 por su actitud positiva, respaldando y protegiendo los intereses comunales y regionales.<\/p>\n<p style=\"text-align: justify;\"><strong>Ricardo Osorio Araneda<\/strong><\/p>\n<p style=\"text-align: justify;\">Oriundo de Concepci\u00f3n, lleg\u00f3 a Puerto Ib\u00e1\u00f1ez a fines de la d\u00e9cada de 1930, radic\u00e1ndose posteriormente en Puerto Ays\u00e9n. Estudi\u00f3 en el Liceo de Hombres de la ciudad, destac\u00e1ndose en el teatro y como comunicador en radio. Fue director del primer diario deportivo de la localidad y escribi\u00f3 \u201cPerspectivas del arte esc\u00e9nico de Puerto Ays\u00e9n\u201d. De perfil multifac\u00e9tico, cre\u00f3 la Escuela de F\u00fatbol, y dedic\u00f3 su vida a formar estudiantes en las \u00e1reas de la poes\u00eda y las artes, formando parte de exposiciones y eventos culturales. En 1968 ejerci\u00f3 como gobernador de la provincia General Carrera, retornando a fines de esa d\u00e9cada a Puerto Ays\u00e9n para retomar su pasi\u00f3n de comunicador radial. De 1990 a 1993 ejerci\u00f3 como gobernador de la Provincia de Ays\u00e9n y como concejal de la comuna hom\u00f3nima entre 1996 y 2000.<\/p>\n<p style=\"text-align: justify;\"><strong>Jos\u00e9 Mar\u00eda Oyarz\u00fan C\u00e1rdenas<\/strong><\/p>\n<p style=\"text-align: justify;\">Fue un vecino destacado de Ays\u00e9n, contribuyendo de gran manera a la educaci\u00f3n y labores sociales en la comunidad. Nacido en Chilo\u00e9 en 1910, lleg\u00f3 a ejercer su labor de profesor en Coyhaique en 1928, desde donde se traslad\u00f3 a Puerto Ays\u00e9n para continuar su carrera, desempe\u00f1\u00e1ndose como director y, posteriormente, director provincial. Fue uno de los primeros regidores de Coyhaique, director de la Escuela N\u00b01 de Hombres de Puerto Ays\u00e9n, superintendente del Cuerpo de Bomberos de Puerto Ays\u00e9n, miembro del Rotary Club de la localidad y de la C\u00e1mara de Comercio. Falleci\u00f3 en Santiago en 1995.<\/p>\n<p style=\"text-align: justify;\"><strong>Fidelia Haro Gallardo<\/strong><\/p>\n<p style=\"text-align: justify;\">Nacida en Puerto Ays\u00e9n en 1940, fue la primera alcaldesa de la comuna de Ays\u00e9n. Particip\u00f3 en el Sindicato de Camioneros y la C\u00e1mara de Comercio de la ciudad, debiendo enfrentar importantes dificultades de \u00edndole econ\u00f3mica durante su administraci\u00f3n en el municipio. Junto al equipo de regidores concret\u00f3 la legalizaci\u00f3n de los sitios de las poblaciones Pedro Aguirre Cerda e Irene Frei (hoy Manuel Rodr\u00edguez) de la ciudad. Adem\u00e1s, bajo su administraci\u00f3n, se fijaron unidades vecinales y sus l\u00edmites jurisdiccionales, e intercedi\u00f3 ante el presidente de la Rep\u00fablica para que los funcionarios municipales obtuviesen el 105% de asignaci\u00f3n de zona. Renunci\u00f3 al cargo en junio de 1973 y falleci\u00f3 a sus 81 a\u00f1os en Valdivia.<\/p>\n<p style=\"text-align: justify;\"><strong>Luis Mar\u00edn Carrasco<\/strong><\/p>\n<p style=\"text-align: justify;\">Naci\u00f3 en La Serena en 1912, y lleg\u00f3 a temprana edad a trabajar a la Sociedad Industrial de Ays\u00e9n. Trabaj\u00f3 como mec\u00e1nico en la agencia Ford. Desempe\u00f1\u00f3 funciones en el Servicio de Salud de Puerto Ays\u00e9n como chofer, cargo que asumir\u00eda posteriormente como conductor personal del intendente Luis Marchant Gonz\u00e1lez. Reconocido por su gran trabajo como mec\u00e1nico, su buen car\u00e1cter y responsabilidad, se acogi\u00f3 a retiro en 1980. Falleci\u00f3 en 1982.<\/p>\n<p style=\"text-align: justify;\"><strong>Sara Mussiett Canales<\/strong><\/p>\n<p style=\"text-align: justify;\">Oriunda de Santiago, fue la primera enfermera universitaria de la Universidad de Chile y licenciada en Salud P\u00fablica que lleg\u00f3 a ejercer su profesi\u00f3n a la Provincia de Ays\u00e9n en la d\u00e9cada de 1950. Durante su carrera debi\u00f3 asistir a las v\u00edctimas de la tragedia del Cerro P\u00e9rez de 1963. Fue gestora de la primera incubadora y equipo de rayos que puso en funcionamiento luego de encontrarlos apilados en una bodega. Form\u00f3 a los primeros param\u00e9dicos del Hospital de Puerto Ays\u00e9n, se desempe\u00f1\u00f3 como anestesista y permaneci\u00f3 por medio siglo en el Servicio de Salud. Falleci\u00f3 en 2018.<\/p>\n<\/div><\/section><\/div><div  style='height:50px' class='hr hr-invisible   avia-builder-el-6  el_after_av_one_full  el_before_av_social_share '><span class='hr-inner ' ><span class='hr-inner-style'><\/span><\/span><\/div><\/p>\n<div  class='av-social-sharing-box  avia-builder-el-7  el_after_av_hr  el_before_av_hr  '><div class='av-share-box'><h5 class='av-share-link-description av-no-toc '>Compartir esta noticia<\/h5><ul class='av-share-box-list noLightbox'><li class='av-share-link av-social-link-facebook' ><a target=\"_blank\" aria-label=\"Compartir en Facebook\" href='https:\/\/www.facebook.com\/sharer.php?u=https:\/\/radiorevelacionfm.cl\/?p=32818&#038;t=Calles%20de%20Villa%20Calafate%20Patag%C3%B3n%20llevar%C3%A1n%20los%20nombres%20de%20connotados%20ayseninos%20y%20ayseninas' aria-hidden='false' data-av_icon='\ue8f3' data-av_iconfont='entypo-fontello' title='' data-avia-related-tooltip='Compartir en Facebook' rel=\"noopener\"><span class='avia_hidden_link_text'>Compartir en Facebook<\/span><\/a><\/li><li class='av-share-link av-social-link-twitter' ><a target=\"_blank\" aria-label=\"Compartir en Twitter\" href='https:\/\/twitter.com\/share?text=Calles%20de%20Villa%20Calafate%20Patag%C3%B3n%20llevar%C3%A1n%20los%20nombres%20de%20connotados%20ayseninos%20y%20ayseninas&#038;url=https:\/\/radiorevelacionfm.cl\/?p=32818' aria-hidden='false' data-av_icon='\ue8f1' data-av_iconfont='entypo-fontello' title='' data-avia-related-tooltip='Compartir en Twitter' rel=\"noopener\"><span class='avia_hidden_link_text'>Compartir en Twitter<\/span><\/a><\/li><li class='av-share-link av-social-link-whatsapp' ><a target=\"_blank\" aria-label=\"Compartir en Whatsapp\" href='https:\/\/api.whatsapp.com\/send?text=https:\/\/radiorevelacionfm.cl\/?p=32818' aria-hidden='false' data-av_icon='\uf232' data-av_iconfont='entypo-fontello' title='' data-avia-related-tooltip='Compartir en Whatsapp' rel=\"noopener\"><span class='avia_hidden_link_text'>Compartir en Whatsapp<\/span><\/a><\/li><li class='av-share-link av-social-link-linkedin' ><a target=\"_blank\" aria-label=\"Compartir en LinkedIn\" href='https:\/\/linkedin.com\/shareArticle?mini=true&#038;title=Calles%20de%20Villa%20Calafate%20Patag%C3%B3n%20llevar%C3%A1n%20los%20nombres%20de%20connotados%20ayseninos%20y%20ayseninas&#038;url=https:\/\/radiorevelacionfm.cl\/?p=32818' aria-hidden='false' data-av_icon='\ue8fc' data-av_iconfont='entypo-fontello' title='' data-avia-related-tooltip='Compartir en LinkedIn' rel=\"noopener\"><span class='avia_hidden_link_text'>Compartir en LinkedIn<\/span><\/a><\/li><li class='av-share-link av-social-link-mail' ><a  aria-label=\"Compartir por correo\" href='mailto:?subject=Calles%20de%20Villa%20Calafate%20Patag%C3%B3n%20llevar%C3%A1n%20los%20nombres%20de%20connotados%20ayseninos%20y%20ayseninas&#038;body=https:\/\/radiorevelacionfm.cl\/?p=32818' aria-hidden='false' data-av_icon='\ue805' data-av_iconfont='entypo-fontello' title='' data-avia-related-tooltip='Compartir por correo'><span class='avia_hidden_link_text'>Compartir por correo<\/span><\/a><\/li><\/ul><\/div><\/div>\n<div  style='height:50px' class='hr hr-invisible   avia-builder-el-8  el_after_av_social_share  el_before_av_comments_list '><span class='hr-inner ' ><span class='hr-inner-style'><\/span><\/span><\/div>\n<div  class='av-buildercomment  av-blog-meta-html-info-disabled av-blog-meta-tag-disabled  '><\/div>\n","protected":false},"excerpt":{"rendered":"","protected":false},"author":1,"featured_media":32819,"comment_status":"open","ping_status":"open","sticky":false,"template":"","format":"standard","meta":{"footnotes":""},"categories":[38],"tags":[],"class_list":["post-32818","post","type-post","status-publish","format-standard","has-post-thumbnail","hentry","category-regional"],"jetpack_featured_media_url":"https:\/\/radiorevelacionfm.cl\/wp-content\/uploads\/2023\/07\/PXL_20230707_141734146-2-2.jpg","_links":{"self":[{"href":"https:\/\/radiorevelacionfm.cl\/index.php?rest_route=\/wp\/v2\/posts\/32818","targetHints":{"allow":["GET"]}}],"collection":[{"href":"https:\/\/radiorevelacionfm.cl\/index.php?rest_route=\/wp\/v2\/posts"}],"about":[{"href":"https:\/\/radiorevelacionfm.cl\/index.php?rest_route=\/wp\/v2\/types\/post"}],"author":[{"embeddable":true,"href":"https:\/\/radiorevelacionfm.cl\/index.php?rest_route=\/wp\/v2\/users\/1"}],"replies":[{"embeddable":true,"href":"https:\/\/radiorevelacionfm.cl\/index.php?rest_route=%2Fwp%2Fv2%2Fcomments&post=32818"}],"version-history":[{"count":1,"href":"https:\/\/radiorevelacionfm.cl\/index.php?rest_route=\/wp\/v2\/posts\/32818\/revisions"}],"predecessor-version":[{"id":32820,"href":"https:\/\/radiorevelacionfm.cl\/index.php?rest_route=\/wp\/v2\/posts\/32818\/revisions\/32820"}],"wp:featuredmedia":[{"embeddable":true,"href":"https:\/\/radiorevelacionfm.cl\/index.php?rest_route=\/wp\/v2\/media\/32819"}],"wp:attachment":[{"href":"https:\/\/radiorevelacionfm.cl\/index.php?rest_route=%2Fwp%2Fv2%2Fmedia&parent=32818"}],"wp:term":[{"taxonomy":"category","embeddable":true,"href":"https:\/\/radiorevelacionfm.cl\/index.php?rest_route=%2Fwp%2Fv2%2Fcategories&post=32818"},{"taxonomy":"post_tag","embeddable":true,"href":"https:\/\/radiorevelacionfm.cl\/index.php?rest_route=%2Fwp%2Fv2%2Ftags&post=32818"}],"curies":[{"name":"wp","href":"https:\/\/api.w.org\/{rel}","templated":true}]}}